{"id":105593,"date":"2025-12-06T08:30:55","date_gmt":"2025-12-06T08:30:55","guid":{"rendered":"https:\/\/www.europesays.com\/no\/105593\/"},"modified":"2025-12-06T08:30:55","modified_gmt":"2025-12-06T08:30:55","slug":"lederartikkel-i-tronder-avisa-nte-nte-moter-bak-lukkede-dorer-hva-skjuler-eierne","status":"publish","type":"post","link":"https:\/\/www.europesays.com\/no\/105593\/","title":{"rendered":"Lederartikkel i Tr\u00f8nder-Avisa, NTE | NTE-m\u00f8ter bak lukkede d\u00f8rer: Hva skjuler eierne?"},"content":{"rendered":"\n<p><b>Hva er <\/b>det som er s\u00e5 hemmelig i NTE at m\u00f8tene mellom bedriftsledelsen og de 19 eierkommunene m\u00e5 holdes bak lukkede d\u00f8rer?<\/p>\n<p><b>I to<\/b> dager har de 19 eierkommunene v\u00e6rt samlet til eierm\u00f8te i Namsos.<\/p>\n<p><b>F\u00f8rste dag <\/b>var bedriftens dag der de orienterte om st\u00e5a i kraftselskapet og utsiktene i framtida. Der poengterte konserndirekt\u00f8r Christian Stav og styreleder Jon H\u00e5vard Solum at en av deres viktigste oppgaver er \u00e5 skape verdier for eierne sine. Det var en \u00e5pen del med pressen til stede i NTE-arena.<\/p>\n<p><b>Verre ble<\/b> det p\u00e5 dag to, da lukket eierne seg inne og diskuterte eierrollen samtidig som det ble stilt kritiske sp\u00f8rsm\u00e5l til NTE. Det skjedde bak lukkede d\u00f8rer. Den eneste sekvensen som var \u00e5pen for offentligheten p\u00e5 dag to, var valget av nytt arbeidsutvalg.<\/p>\n<p><b>NTE er<\/b> nordtr\u00f8ndernes selskap, etter at de fikk overta aksjene i kraftselskapet av dav\u00e6rende Nord-Tr\u00f8ndelag fylkeskommune vederlagsfritt f\u00f8r fylkessammensl\u00e5inga i 2018. En \u00f8konomisk stor gave til kommunene for \u00e5 holde eierskapet i NTE innenfor grensene til Nord-Tr\u00f8ndelag.<\/p>\n<p><b>Flere av<\/b> ordf\u00f8rerne, som representerer kommunene sine i eierskapet sa etter m\u00f8tet at det ikke var noen som helst grunn til at de skulle lukke seg inn bak stengte d\u00f8rer. Innholdet siste dag i eierm\u00f8tet var ikke p\u00e5 noen m\u00e5te hemmelig eller bedriftssensitivt som tilsa at offentligheten\/media skulle holdes utenfor m\u00f8terommet. Det i seg selv gir enda st\u00f8rre grunn til \u00e5 spekulere p\u00e5 hva de fors\u00f8ker \u00e5 holde unna. Noe verken eierskapet eller selskapet NTE er tjent med. \u00c5penhet b\u00f8r v\u00e6re regelen, det b\u00f8r det aldri v\u00e6re noen tvil om. Heller ikke hos NTE sine eiere.<\/p>\n<p><b>\u00c5 forvalte<\/b> et s\u00e5 stort selskap som NTE, som bestandig har v\u00e6rt omtalt som arves\u00f8lvet til nordtr\u00f8nderne, er en formidabel jobb som krever innsikt i kraftbransjen. Sp\u00f8rsm\u00e5let som melder seg etter flere eierm\u00f8ter der media er sendt p\u00e5 gangen, er hvor godt eierskapet egentlig er forankret i eierkommunene. Blant annet hos politikerne som ikke er utsendinger til eierm\u00f8tene. Inntrykket v\u00e5rt, etter \u00e5 ha snakket med flere lokalpolitikere i ulike kommuner, er at forankringa er heller d\u00e5rlig. Og mange aner ikke hva det snakkes om p\u00e5 eierm\u00f8tet.<\/p>\n<p><b>Vel er<\/b> det godt kjent at konsernsjefen tjener godt og har en fallskjerm p\u00e5 godt over seks millioner kroner. Det samme er det at kommunene \u00f8nsker seg st\u00f8rre utbytter fra kraftselskapet. Men \u00e5 v\u00e6re eier av NTE handler om noe langt mer enn disse to sakene, selv om det er viktig \u00e5 hente ut utbytte til kommunene. Men i det store og hele handler det om \u00e5 forvalte nordtr\u00f8ndernes verdier inn i evigheten.<\/p>\n<p><b>Det plikter<\/b> eierne \u00e5 v\u00e6re seg bevisste p\u00e5. De framtidige NTE-utbyttene skal bidra til \u00e5 utvikle hele Nord-Tr\u00f8ndelag. Da nytter det ikke \u00e5 gjemme seg bak lukkede d\u00f8rer for \u00e5 diskutere hvordan eierskapet skal ut\u00f8ves de kommende \u00e5rene. Eierne m\u00e5 stille krav til ledelsen i det selskapet de eier, og innbyggerne har krav p\u00e5 \u00e5 vite hvordan man tenker for \u00e5 n\u00e5 m\u00e5lene om \u00e5 utvikle norddelen av Tr\u00f8ndelag.<\/p>\n<p>  <a href=\"https:\/\/www.t-a.no\/5-116-2266793\" class=\"related-teaser has-image default-story-teaser article--c-eRUmMG article--c-eRUmMG-jKCPdD-design-default\" rel=\"nofollow noopener\" target=\"_blank\"><\/p>\n<p>    <img decoding=\"async\" loading=\"lazy\"  src=\"https:\/\/www.europesays.com\/no\/wp-content\/uploads\/2025\/12\/IMG_2867.jpg\" alt=\"\" class=\"brick-c-cFOWSL\" style=\"\"\/><\/p>\n<p>\n            Les ogs\u00e5<\/p>\n<p>              Seks ordf\u00f8rere tar styringen: \u2013 Uroen har skjerpet eierskapet\n        <\/p>\n<p>  <\/a><\/p>\n<p>  <a href=\"https:\/\/www.t-a.no\/5-116-2266292\" class=\"related-teaser has-image default-story-teaser article--c-eRUmMG article--c-eRUmMG-jKCPdD-design-default\" rel=\"nofollow noopener\" target=\"_blank\"><\/p>\n<p>    <img decoding=\"async\" loading=\"lazy\"  src=\"https:\/\/www.europesays.com\/no\/wp-content\/uploads\/2025\/12\/1765009854_23_IMG_3202.jpg\" alt=\"\" class=\"brick-c-cFOWSL\" style=\"\"\/><\/p>\n<p>\n            Les ogs\u00e5<\/p>\n<p>              Mener NTE-ledelsen fordummer kritiske sp\u00f8rsm\u00e5l: \u2013 Jeg blir provosert\n        <\/p>\n<p>  <\/a><\/p>\n<p>  <a href=\"https:\/\/www.t-a.no\/5-116-2265654\" class=\"related-teaser has-image default-story-teaser article--c-eRUmMG article--c-eRUmMG-jKCPdD-design-default\" rel=\"nofollow noopener\" target=\"_blank\"><\/p>\n<p>    <img decoding=\"async\" loading=\"lazy\"  src=\"https:\/\/www.europesays.com\/no\/wp-content\/uploads\/2025\/12\/EMR_1806+kopi.jpg\" alt=\"\" class=\"brick-c-cFOWSL\" style=\"\"\/><\/p>\n<p>\n            Les ogs\u00e5<\/p>\n<p>              Strid om \u00e5penhet\n        <\/p>\n<p>  <\/a><\/p>\n","protected":false},"excerpt":{"rendered":"Hva er det som er s\u00e5 hemmelig i NTE at m\u00f8tene mellom bedriftsledelsen og de 19 eierkommunene m\u00e5&hellip;\n","protected":false},"author":2,"featured_media":3842,"comment_status":"","ping_status":"","sticky":false,"template":"","format":"standard","meta":{"footnotes":""},"categories":[10],"tags":[36,20,21,24,25,15,22,23,9955,13,30,28,29,3452,14,1533,16,41,26,27],"class_list":{"0":"post-105593","1":"post","2":"type-post","3":"status-publish","4":"format-standard","5":"has-post-thumbnail","7":"category-norge","8":"tag-art","9":"tag-breaking-news","10":"tag-breakingnews","11":"tag-featured-news","12":"tag-featurednews","13":"tag-headlines","14":"tag-latest-news","15":"tag-latestnews","16":"tag-lederartikkel-i-tronder-avisa","17":"tag-news","18":"tag-no","19":"tag-norge","20":"tag-norway","21":"tag-nte","22":"tag-nyheter","23":"tag-opinion","24":"tag-overskrifter","25":"tag-politikk","26":"tag-top-stories","27":"tag-topstories"},"share_on_mastodon":{"url":"https:\/\/pubeurope.com\/@no\/115671694393955634","error":""},"_links":{"self":[{"href":"https:\/\/www.europesays.com\/no\/wp-json\/wp\/v2\/posts\/105593","targetHints":{"allow":["GET"]}}],"collection":[{"href":"https:\/\/www.europesays.com\/no\/wp-json\/wp\/v2\/posts"}],"about":[{"href":"https:\/\/www.europesays.com\/no\/wp-json\/wp\/v2\/types\/post"}],"author":[{"embeddable":true,"href":"https:\/\/www.europesays.com\/no\/wp-json\/wp\/v2\/users\/2"}],"replies":[{"embeddable":true,"href":"https:\/\/www.europesays.com\/no\/wp-json\/wp\/v2\/comments?post=105593"}],"version-history":[{"count":0,"href":"https:\/\/www.europesays.com\/no\/wp-json\/wp\/v2\/posts\/105593\/revisions"}],"wp:featuredmedia":[{"embeddable":true,"href":"https:\/\/www.europesays.com\/no\/wp-json\/wp\/v2\/media\/3842"}],"wp:attachment":[{"href":"https:\/\/www.europesays.com\/no\/wp-json\/wp\/v2\/media?parent=105593"}],"wp:term":[{"taxonomy":"category","embeddable":true,"href":"https:\/\/www.europesays.com\/no\/wp-json\/wp\/v2\/categories?post=105593"},{"taxonomy":"post_tag","embeddable":true,"href":"https:\/\/www.europesays.com\/no\/wp-json\/wp\/v2\/tags?post=105593"}],"curies":[{"name":"wp","href":"https:\/\/api.w.org\/{rel}","templated":true}]}}