{"id":105594,"date":"2025-12-06T08:34:12","date_gmt":"2025-12-06T08:34:12","guid":{"rendered":"https:\/\/www.europesays.com\/no\/105594\/"},"modified":"2025-12-06T08:34:12","modified_gmt":"2025-12-06T08:34:12","slug":"skal-vi-danse-carina-dahl-6","status":"publish","type":"post","link":"https:\/\/www.europesays.com\/no\/105594\/","title":{"rendered":"Skal vi danse, Carina Dahl"},"content":{"rendered":"\n<p>Vi er inne i kvartfinalen av \u00abSkal vi danse\u00bb, og 13 dansepar har blitt til fem. Denne uken er temaet \u00abIkoner\u00bb, der deltakerne b\u00e5de skal hedre et personlig ikon og fremf\u00f8re et ikonisk dansenummer.<\/p>\n<p>For artist Carina Dahl (40) blir dette en av sesongens mest personlige kvelder.<\/p>\n<p>Denne uken skal hun hylle en av de viktigste personene i livet sitt \u2013 faren Morten \u00abDiesel\u00bb Dahl (65).<\/p>\n<p><b>Les ogs\u00e5: <a href=\"https:\/\/www.nettavisen.no\/kjendis\/carina-dahl-med-alkohol-krav-til-dansepartneren-i-skal-vi-danse-dumt-a-ha-vart-pa-fylla\/s\/5-95-2748310\" rel=\"Follow nofollow noopener\" target=\"_blank\">Alkohol-krav: \u2013 Dumt \u00e5 ha v\u00e6rt p\u00e5 fylla<\/a><\/b><\/p>\n<p>For ett \u00e5r siden var nemlig alt annet enn musikk og dans i fokus.<\/p>\n<p>    Vil du se neste video?<\/p>\n<p>    <a href=\"https:\/\/www.nettavisen.no\/nyheter\/dronefabrikk-i-kyiv-ble-truffet-av-russisk-droneangrep-midt-pa-natta\/v\/5-95-2741746\" class=\"recommend-poster\" data-adp-clicklabel=\"video-recommend\" data-adp-clickvalue=\"poster\" rel=\"nofollow noopener\" target=\"_blank\"><br \/>\n      <img decoding=\"async\" width=\"200\" height=\"200\" loading=\"lazy\" src=\"https:\/\/www.europesays.com\/no\/wp-content\/uploads\/2025\/12\/25-11-04+SkyAssist+Igor.jpg\" alt=\"\" class=\"brick-c-cFOWSL\" style=\"--brick-image-ratio: 200 \/ 200;\"\/><\/p>\n<p>P\u00e5f\u00f8rt Putin enorme tap: Millioner p\u00e5 millioner1:59<\/p>\n<p>    <\/a><\/p>\n<p>\u2013 Det f\u00f8les som en stor seier  <a href=\"https:\/\/www.nettavisen.no\/kjendis\/carina-dahl-med-hjerteskjarende-oppdatering-fy-faen-sa-javlig-det-var-a-se-pappa-sann\/s\/5-95-2386311\" rel=\"Follow nofollow noopener\" target=\"_blank\">I november 2024 fikk <\/a>\u00abDiesel\u00bb Dahl p\u00e5vist kreft i halsen og m\u00e5tte gjennom b\u00e5de str\u00e5lebehandling og cellegift, i tillegg til et langt sykehusopphold. I april ble han friskmeldt.  <\/p>\n<p>  L\u00f8rdag kveld tar Carina Dahl med seg faren ut p\u00e5 \u00abSkal vi danse\u00bb-parketten, hvor han skal spille trommer.  <\/p>\n<p>\u2013 Det f\u00f8les som en stor seier. Vi har alltid v\u00e6rt en tett familie, men etter noe s\u00e5nt blir man enda mer bevisst p\u00e5 \u00e5 ta vare p\u00e5 \u00f8yeblikkene. \u00c5 gj\u00f8re fine ting sammen, enten det bare er \u00e5 v\u00e6re hjemme eller gj\u00f8re noe stort, sier Dahl til Nettavisen.<\/p>\n<p>   <img decoding=\"async\" width=\"2048\" height=\"1365\" fetchpriority=\"low\"  loading=\"lazy\"  src=\"https:\/\/www.europesays.com\/no\/wp-content\/uploads\/2025\/12\/Carina+Dahl.bin\" alt=\"\" class=\"brick-c-cFOWSL\" style=\"--brick-image-ratio: 2048 \/ 1365;\"\/><\/p>\n<p>      BETYR MYE: Carina Dahl forteller at faren Morten Dahl er investert og engasjert i datterens danseeventyr.<br \/>\n      Foto: Martin Habbestad (Nettavisen)\n    <\/p>\n<p>Hun sier faren er kjempestolt over datterens danseeventyr denne h\u00f8sten.<\/p>\n<p>\u2013 Jeg vet at det betyr dette betyr veldig mye for pappa, han er veldig motivert. Han har sendt meg forskjellige bilder av hvilke antrekk han skal bruke p\u00e5 parketten, og er veldig investert i hele greia, forteller Dahl stolt. <\/p>\n<p>Temaene for hver l\u00f8rdag blir gjort kjent for deltakerne i forkant av deltakelsen. Da Dahl fikk vite at hun skulle hedre et ikon, var ikke \u00abGuns and Boys\u00bb-sangeren i tvil om hva hun skulle gj\u00f8re.<\/p>\n<p>\u2013 Jeg kunne hedret flere i familien, men med tanke p\u00e5 alt som skjedde i fjor p\u00e5 denne tida, og at vi n\u00e5 har mulighet til \u00e5 gj\u00f8re noe sammen, s\u00e5 f\u00f8ltes det helt riktig.<\/p>\n<p>\u2013 Fint \u00e5 vise at vi er menneskelige<\/p>\n<p>Med en rockestjerne som far, og som artist selv, har livet til Dahl v\u00e6rt preget av fart, moro og \u00absirkus\u00bb.<\/p>\n<p>\u2013 Jeg vokste jo opp med en pappa som rockestjerne, noe som er ganske unikt, men jeg syns det er fint \u00e5 g\u00e5 litt dypere ogs\u00e5. Mange har dessverre erfaring med kreftsykdom, b\u00e5de som pasient og som p\u00e5r\u00f8rende. Det er en utrolig t\u00f8ff situasjon, og jeg tror mange dessverre kjenner seg igjen i det.<\/p>\n<p>   <img decoding=\"async\" width=\"4506\" height=\"3004\" fetchpriority=\"low\"  loading=\"lazy\"  src=\"https:\/\/www.europesays.com\/no\/wp-content\/uploads\/2025\/12\/NTB_ZjrxVtgdWsQ+%281%29.jpg\" alt=\"N\u00c6RE: Carina Dahl og hennes pappa Morten Dahl f\u00f8r utdelingen av Spellemannprisen 2021 p\u00e5 Sentralen i Oslo.\" class=\"brick-c-cFOWSL\" style=\"--brick-image-ratio: 4506 \/ 3004;\"\/><\/p>\n<p>      N\u00c6RE: Carina Dahl og hennes pappa Morten Dahl f\u00f8r utdelingen av Spellemannprisen 2021 p\u00e5 Sentralen i Oslo.<br \/>\n      Foto: Annika Byrde\n    <\/p>\n<p>Hun forteller at pappa Dahl aldri har v\u00e6rt s\u00e6rlig glad i \u00e5 snakke om vanskelige ting.<\/p>\n<p>\u2013 Pappa liker ikke \u00e5 fokusere p\u00e5 det som er vondt. Men jeg syns det er fint \u00e5 vise at vi er menneskelige, og at s\u00e5nne ting dessverre skjer \u2013 og at det faktisk kan g\u00e5 bra ogs\u00e5, sier hun.<\/p>\n<p><b>Les ogs\u00e5: <a rel=\"Follow nofollow noopener\" href=\"https:\/\/www.nettavisen.no\/kjendis\/prinsesse-m-rtha-louise-reagerer-etter-tale-torjussen-sin-hyllest-til-datteren\/s\/5-95-2755908\" target=\"_blank\">Hylles etter dansen: M\u00e4rtha Louise reagerer<\/a><\/b><\/p>\n<p>Carina og faren skal danse til TNT-l\u00e5ten \u00ab10,000 Lovers\u00bb \u2013 en av hans egne hits.<\/p>\n<p>\u2013 Jeg tror det gj\u00f8r det ekstra spesielt at han kan v\u00e6re med og bidra. Og det er jo litt g\u00f8y at de f\u00e5r oppleve hele \u00abSkal vi danse\u00bb-sirkuset selv. B\u00e5de pappa og jeg er vant til sirkus og turn\u00e9liv, men dette er noe helt annet.<\/p>\n<p>\u2013 Vi visste jo ikke om han ville klare \u00e5 spille trommer igjen, kanskje ikke i det hele tatt. S\u00e5 det \u00e5 se ham tilbake bak trommesettet er en enorm glede. Det er fysisk krevende \u00e5 spille, og det f\u00f8les som en seier vi har lyst til \u00e5 hylle.<\/p>\n<p>   <img decoding=\"async\" width=\"2048\" height=\"1365\" fetchpriority=\"low\"  loading=\"lazy\"  src=\"https:\/\/www.europesays.com\/no\/wp-content\/uploads\/2025\/12\/DSC09402+%281%29.jpg\" alt=\"\" class=\"brick-c-cFOWSL\" style=\"--brick-image-ratio: 2048 \/ 1365;\"\/><\/p>\n<p>      DR\u00d8MMEDUO: Carina Dahl og proffdanser Ole-Thomas Hansen har blitt gode venner gjennom danseh\u00f8sten.<br \/>\n      Foto: Martin Habbestad (Nettavisen)\n    <\/p>\n<p>Til l\u00f8rdag kommer ogs\u00e5 flere av st\u00f8ttespillerne til Dahl:<\/p>\n<p>\u2013 Mamma og s\u00f8steren min har v\u00e6rt der nylig, s\u00e5 denne gangen er det pappa og kona hans som kommer.<\/p>\n<p>\u2013 Jeg tror det blir sterkt. Pappa og resten av familien vet hvor mye jeg legger i dette \u2013 det har v\u00e6rt blod, svette og t\u00e5rer hver dag i over tre m\u00e5neder, sier Dahl avsluttende til Nettavisen.<\/p>\n<p>    Vil du se neste video?<\/p>\n<p>    <a href=\"https:\/\/www.nettavisen.no\/nyheter\/dronefabrikk-i-kyiv-ble-truffet-av-russisk-droneangrep-midt-pa-natta\/v\/5-95-2741746\" class=\"recommend-poster\" data-adp-clicklabel=\"video-recommend\" data-adp-clickvalue=\"poster\" rel=\"nofollow noopener\" target=\"_blank\"><br \/>\n      <img decoding=\"async\" width=\"200\" height=\"200\" loading=\"lazy\" src=\"https:\/\/www.europesays.com\/no\/wp-content\/uploads\/2025\/12\/25-11-04+SkyAssist+Igor.jpg\" alt=\"\" class=\"brick-c-cFOWSL\" style=\"--brick-image-ratio: 200 \/ 200;\"\/><\/p>\n<p>P\u00e5f\u00f8rt Putin enorme tap: Millioner p\u00e5 millioner1:59<\/p>\n<p>    <\/a><\/p>\n<p>\u2013 Jeg ble helt satt ut<\/p>\n<p>Morten \u00abDiesel\u00bb Dahl er en av grunnleggerne bak rockebandene TNT og TinDrum. Han har ogs\u00e5 lang karriere bak seg som trommeslager.<\/p>\n<p>I et st\u00f8rre intervju med <a href=\"https:\/\/www.adressa.no\/kultur\/i\/OoAmQw\/jeg-skal-ha-comeback-i-paaska\" rel=\"Follow nofollow noopener\" target=\"_blank\">Adressa <\/a>i april, \u00e5pnet trommeslageren for f\u00f8rste gang opp om den tunge tiden.<\/p>\n<p>\u2013 Jeg begynte med str\u00e5lekur p\u00e5 38 str\u00e5linger 2. desember. Hver dag, unntatt l\u00f8rdag og s\u00f8ndag, ble jeg str\u00e5let i halsen, i tillegg til cellegiften en gang i uka, uttalte Dahl til lokalavisen.<\/p>\n<p>   <img decoding=\"async\" width=\"4816\" height=\"3185\" fetchpriority=\"low\"  loading=\"lazy\"  src=\"https:\/\/www.europesays.com\/no\/wp-content\/uploads\/2025\/12\/NTB_MjeO3CEAcxo.jpg\" alt=\"Oslo  20190425.&#10;Morten \" diesel=\"\" dah=\"\" representerte=\"\" tnt=\"\" da=\"\" bandet=\"\" innlemmes=\"\" i=\"\" rockheim=\"\" hall=\"\" of=\"\" fame.=\"\" innlemmelsen=\"\" ble=\"\" offentliggjort=\"\" under=\"\" et=\"\" arrangement=\"\" p=\"\" rockefeller=\"\" oslo=\"\" torsdag.=\"\" foto:=\"\" aleksander=\"\" krogsvold=\"\" johansen=\"\" ntb=\"\" class=\"brick-c-cFOWSL\" style=\"--brick-image-ratio: 4816 \/ 3185;\"\/><\/p>\n<p>      FRISK: I april kunne Morten \u00abDiesel\u00bb Dahl og familien juble. Han ble erkl\u00e6rt friskmeldt.<br \/>\n      Foto: Johansen, Aleksander Krogsvold\n    <\/p>\n<p>Dahl har gjennomg\u00e5tt en veldig kraftig behandling, noe han har f\u00e5tt kjenne p\u00e5 forskjellige plan.<\/p>\n<p>For som et resultat av str\u00e5ling og kreftbehandling gikk han ogs\u00e5 g\u00e5tt ned 14 kilo.<\/p>\n<p>\u2013 Jeg ble helt satt ut. Det er en veldig kraftig behandling. Folk reagerer selvf\u00f8lgelig litt forskjellig, og noen takler det bedre enn andre.<\/p>\n","protected":false},"excerpt":{"rendered":"Vi er inne i kvartfinalen av \u00abSkal vi danse\u00bb, og 13 dansepar har blitt til fem. Denne uken&hellip;\n","protected":false},"author":2,"featured_media":105595,"comment_status":"","ping_status":"","sticky":false,"template":"","format":"standard","meta":{"footnotes":""},"categories":[58],"tags":[71,30,28,29,72],"class_list":{"0":"post-105594","1":"post","2":"type-post","3":"status-publish","4":"format-standard","5":"has-post-thumbnail","7":"category-underholdning","8":"tag-entertainment","9":"tag-no","10":"tag-norge","11":"tag-norway","12":"tag-underholdning"},"share_on_mastodon":{"url":"https:\/\/pubeurope.com\/@no\/115671706325903635","error":""},"_links":{"self":[{"href":"https:\/\/www.europesays.com\/no\/wp-json\/wp\/v2\/posts\/105594","targetHints":{"allow":["GET"]}}],"collection":[{"href":"https:\/\/www.europesays.com\/no\/wp-json\/wp\/v2\/posts"}],"about":[{"href":"https:\/\/www.europesays.com\/no\/wp-json\/wp\/v2\/types\/post"}],"author":[{"embeddable":true,"href":"https:\/\/www.europesays.com\/no\/wp-json\/wp\/v2\/users\/2"}],"replies":[{"embeddable":true,"href":"https:\/\/www.europesays.com\/no\/wp-json\/wp\/v2\/comments?post=105594"}],"version-history":[{"count":0,"href":"https:\/\/www.europesays.com\/no\/wp-json\/wp\/v2\/posts\/105594\/revisions"}],"wp:featuredmedia":[{"embeddable":true,"href":"https:\/\/www.europesays.com\/no\/wp-json\/wp\/v2\/media\/105595"}],"wp:attachment":[{"href":"https:\/\/www.europesays.com\/no\/wp-json\/wp\/v2\/media?parent=105594"}],"wp:term":[{"taxonomy":"category","embeddable":true,"href":"https:\/\/www.europesays.com\/no\/wp-json\/wp\/v2\/categories?post=105594"},{"taxonomy":"post_tag","embeddable":true,"href":"https:\/\/www.europesays.com\/no\/wp-json\/wp\/v2\/tags?post=105594"}],"curies":[{"name":"wp","href":"https:\/\/api.w.org\/{rel}","templated":true}]}}