{"id":105601,"date":"2025-12-06T08:47:10","date_gmt":"2025-12-06T08:47:10","guid":{"rendered":"https:\/\/www.europesays.com\/no\/105601\/"},"modified":"2025-12-06T08:47:10","modified_gmt":"2025-12-06T08:47:10","slug":"et-sporsmal-om-likestilling","status":"publish","type":"post","link":"https:\/\/www.europesays.com\/no\/105601\/","title":{"rendered":"\u2013 Et sp\u00f8rsm\u00e5l om likestilling"},"content":{"rendered":"\n<p class=\"_lead_o9xde_2 _lead_xtcu6_50 layout-component text-serif-m layout-normal text-serif-l layout-component layout-wide layout-padded _wide_17hqh_1 layout-padded\">Randi Gustad hevder debatten om niv\u00e5et i kvinneh\u00e5ndballen foreg\u00e5r p\u00e5 feil premisser\u00a0og\u00a0er for overfladisk.<\/p>\n<p><img alt=\" Foto: Beate Oma Dahle \/ NTB\" class=\"_image_qp4xg_65 layout-component layout-wide\" data-fullscreen- data-track-element-type=\"Article image fullscreen\" data-track-name=\"ImageFullscreen\" fetchpriority=\"high\" decoding=\"sync\" loading=\"eager\" height=\"5760\" itemprop=\"image\"  src=\"https:\/\/www.europesays.com\/no\/wp-content\/uploads\/2025\/12\/6580f833-6ccf-4e31-8fe0-c227c958a280\"  style=\"object-position:0% 0%\" width=\"8640\"\/> Foto: Beate Oma Dahle \/ NTB<\/p>\n<ul aria-hidden=\"true\" class=\"_images_ntbth_112\">\n<li><a class=\"_link_ntbth_117\" href=\"https:\/\/www.vg.no\/forfatter\/jostein-overvik\" style=\"z-index:1\" title=\"Jostein Overvik\" rel=\"nofollow noopener\" target=\"_blank\"><img alt=\"Bilde av Jostein Overvik\" class=\"_image_ntbth_93\" fetchpriority=\"low\" loading=\"lazy\" decoding=\"async\" itemprop=\"image\"  src=\"https:\/\/www.europesays.com\/no\/wp-content\/uploads\/2025\/12\/1765010830_300_9167fa6a-7320-4d6f-b3c9-6c4ecb8beb8c\"  width=\"480\"\/><\/a><\/li>\n<\/ul>\n<p>Rapporterer fra Dortmund Oppdatert l\u00f8rdag 6. desember kl. 09:36    <\/p>\n<ul class=\"_list_o9xde_3 _list_64s2r_85 _unordered_o9xde_106 text-sans-m\">\n<li class=\"_item_o9xde_30\">Randi Gustad mener debatten om niv\u00e5et i kvinneh\u00e5ndballen er overfladisk og handler om likestilling.<\/li>\n<li class=\"_item_o9xde_30\">Norges h\u00e5ndballpresident sier sportslig niv\u00e5 har \u00f8kt de siste 10 \u00e5rene.<\/li>\n<li class=\"_item_o9xde_30\">Gustad mener \u00f8konomisk st\u00f8tte og velferdsordninger forklarer Norges dominans.<\/li>\n<li class=\"_item_o9xde_30\">Presidenten peker p\u00e5 manglende samfunnsansvar og ressurser i andre nasjoner.<\/li>\n<\/ul>\n<p>Vis mer <\/p>\n<p class=\"_paragraph_o9xde_4 _paragraph_xtcu6_10 layout-component text-serif-m layout-normal text-serif-m layout-padded\">\u2013 Jeg mener dette er et sp\u00f8rsm\u00e5l om likestilling i mange land. Det handler om storpolitikk, sier h\u00e5ndballpresidenten til VG.<\/p>\n<p class=\"_paragraph_o9xde_4 _paragraph_xtcu6_10 layout-component text-serif-m layout-normal text-serif-m layout-padded\">Det er stor niv\u00e5forskjell p\u00e5 de 32 lagene i kvinne-VM. Gullfavoritt Norge har vunnet sine fem f\u00f8rste kamper med til sammen 88 m\u00e5ls margin. <a href=\"https:\/\/www.vg.no\/sport\/i\/ExoWpl\/tomme-seter-og-store-forskjeller-i-haandball-vm-det-er-trist-og-leit\" data-track-element-type=\"Link\" data-track-id=\"link:ExoWpl\" class=\"_link_o9xde_39\" rel=\"nofollow noopener\" target=\"_blank\">Over 10.000 seter sto tomme i Westfalenhalle da h\u00e5ndballjentene prylte Sverige onsdag.<\/a><\/p>\n<p class=\"_paragraph_o9xde_4 _paragraph_xtcu6_10 layout-component text-serif-m layout-normal text-serif-m layout-padded\">\u2013 Bekymringen har ikke blitt mindre. S\u00e5nn VM er innredet n\u00e5 s\u00e5 skader det mer enn det gagner h\u00e5ndballen som sport, sier Viaplays mange\u00e5rige h\u00e5ndballekspert Ole Erevik, med VM-s\u00f8lv og 184 landskamper p\u00e5 samvittigheten.<\/p>\n<p class=\"_paragraph_o9xde_4 _paragraph_xtcu6_10 layout-component text-serif-m layout-normal text-serif-m layout-padded\"><strong class=\"_strong_o9xde_25\">Randi Gustad svarer skarpt.<\/strong><\/p>\n<p class=\"_paragraph_o9xde_4 _paragraph_xtcu6_10 layout-component text-serif-m layout-normal text-serif-m layout-padded\">\u2013 Det er veldig popul\u00e6rt \u00e5 p\u00e5peke at niv\u00e5et blir d\u00e5rligere ut fra mannlige ekspertbriller, en vurdering som f\u00f8rst og fremst handler om sifferdifferanse i\u00a0sluttresultater.<\/p>\n<p class=\"_paragraph_o9xde_4 _paragraph_xtcu6_10 layout-component text-serif-m layout-normal text-serif-m layout-padded\">Den nye h\u00e5ndballpresidenten, som selv spilte VM for 20 \u00e5r siden, er ikke s\u00e5 opptatt av om det er 32 eller 24 lag med i VM-sluttspillet.<\/p>\n<p class=\"_paragraph_o9xde_4 _paragraph_xtcu6_10 layout-component text-serif-m layout-normal text-serif-m layout-padded\">\u2013 Jeg synes det er interessant at denne diskusjonen kun kommer opp i mesterskap for kvinner. Her er det et likestillingssp\u00f8rsm\u00e5l som aldri blir belyst, sier hun.<\/p>\n<p class=\"_paragraph_o9xde_4 _paragraph_xtcu6_10 layout-component text-serif-m layout-normal text-serif-m layout-padded\"><strong class=\"_strong_o9xde_25\">Gustad hevder at det sportslige niv\u00e5et er mye h\u00f8yere enn for 10 \u00e5r siden. Hun reagerer p\u00e5 hele diskusjonen.<\/strong><\/p>\n<p class=\"_paragraph_o9xde_4 _paragraph_xtcu6_10 layout-component text-serif-m layout-normal text-serif-m layout-padded\">\u2013 Ingen skriver noe n\u00e5r Danmarks herrelag bader seg gjennom mesterskap til finale p\u00e5 herresiden. Danmarks menn er det samme som Norges kvinner. Det synes jeg er interessant, sier hun og viser ogs\u00e5 til at niv\u00e5et i herrefotball ikke ble debattert etter at Norge slo Moldova 11-1 i h\u00f8st.<\/p>\n<p class=\"_paragraph_o9xde_4 _paragraph_xtcu6_10 layout-component text-serif-m layout-normal text-serif-m layout-padded\">\u2013 I stedet for \u00e5 slakte niv\u00e5et og si at det har d\u00e5rlig underholdningsverdi, vil jeg heller stille sp\u00f8rsm\u00e5l. Vi m\u00e5 ta av oss de privilegerte brillene stille sp\u00f8rsm\u00e5let om hvorfor det er slik.<\/p>\n<p class=\"_paragraph_o9xde_4 _paragraph_xtcu6_10 layout-component text-serif-m layout-normal text-serif-m layout-padded\">\u2013 Hva er ditt svar?<\/p>\n<p class=\"_paragraph_o9xde_4 _paragraph_xtcu6_10 layout-component text-serif-m layout-normal text-serif-m layout-padded\">\u2013 Det er ganske enkelt: Det handler om penger. Det urovekkende. Vi har ikke veldig mye mangfold i den internasjonale h\u00e5ndballfamilien. Fortsatt er \u00abwomen&#8217;s handball\u00bb et prosjekt i det internasjonale h\u00e5ndballforbundet, beskriver hun. Gustad er nylig ogs\u00e5 valgt inn i styret til det europeiske h\u00e5ndballforbundet.<\/p>\n<p class=\"_paragraph_o9xde_4 _paragraph_xtcu6_10 layout-component text-serif-m layout-normal text-serif-m layout-padded\">Hun mener det er flere \u00e5rsaker til Norges store dominans med 17 gullmedaljer siden 1998.<\/p>\n<p class=\"_paragraph_o9xde_4 _paragraph_xtcu6_10 layout-component text-serif-m layout-normal text-serif-m layout-padded\">\u2013 Vi m\u00e5 huske p\u00e5 hvor vi kommer fra. H\u00e5ndball er\u00a0hovedsakelig\u00a0en guttesport over hele verden bortsett fra Norge. Vi har to tredjedeler kvinnelige medlemmer, sier hun og legger til at Nederland, Danmark og Sverige er de eneste med i n\u00e6rheten av 50\/50 fordeling blant kvinner og menn.<\/p>\n<p><img alt=\"Randi Gustad med VM-debutant Selma Henriksen.  Foto: Jostein Overvik\" class=\"_image_qp4xg_65 layout-component layout-normal\" data-fullscreen- data-track-element-type=\"Article image fullscreen\" data-track-name=\"ImageFullscreen\" decoding=\"async\" loading=\"lazy\" height=\"3461\" itemprop=\"image\"  src=\"https:\/\/www.europesays.com\/no\/wp-content\/uploads\/2025\/12\/f20b5cc9-2f5e-4dee-ad5e-d5c23066f57c\"  style=\"object-position:0% 0%\" width=\"4584\"\/>Randi Gustad med VM-debutant Selma Henriksen.  Foto: Jostein Overvik<\/p>\n<p class=\"_paragraph_o9xde_4 _paragraph_xtcu6_10 layout-component text-serif-m layout-normal text-serif-m layout-padded\">\u2013 Kan det handle om at Norge har et velferdssystem bygget opp gjennom generasjoner som gj\u00f8r at vi\u00a0for eksempel\u00a0har\u00a0gode\u00a0svangerskapsrettigheter?\u00a0 Vi er det eneste\u00a0landslaget i verden \u2013 og ogs\u00e5 i Norge \u2013 som gir full l\u00f8nn til landslagsspillere gjennom hele svangerskapet, sier hun.<\/p>\n<p class=\"_paragraph_o9xde_4 _paragraph_xtcu6_10 layout-component text-serif-m layout-normal text-serif-m layout-padded\">\u2013 S\u00e5 v\u00e5re ut\u00f8vere holder p\u00e5 lengre. Og vi har sponsorer i ryggen som tenker langsiktighet, likestilling, samfunnsansvar og kontinuitet.<\/p>\n<p class=\"_paragraph_o9xde_4 _paragraph_xtcu6_10 layout-component text-serif-m layout-normal text-serif-m layout-padded\">Gustad trekker frem at Trine Haltvik hadde med seg tvillingene sine til EM i Danmark for 29 \u00e5r siden,\u00a0og alle m\u00f8dre p\u00e5 det n\u00e5v\u00e6rende landslaget som fortsatt holder skyh\u00f8yt sportslig niv\u00e5.<\/p>\n<p class=\"_paragraph_o9xde_4 _paragraph_xtcu6_10 layout-component text-serif-m layout-normal text-serif-m layout-padded\"><strong class=\"_strong_o9xde_25\">Norge vant i fjor OL med syv m\u00f8dre p\u00e5 laget.<\/strong><\/p>\n<p class=\"_paragraph_o9xde_4 _paragraph_xtcu6_10 layout-component text-serif-m layout-normal text-serif-m layout-padded\">I ettertid har syv av 14 OL-spillere blitt gravide. B\u00e5de Nora M\u00f8rk og Veronica Kristiansen spiller EM etter \u00e5 ha f\u00f8dt nye verdensborgere i \u00e5r.<\/p>\n<p class=\"_paragraph_o9xde_4 _paragraph_xtcu6_10 layout-component text-serif-m layout-normal text-serif-m layout-padded\">\u2013 Dette har vi gjort lenge. Det handler om trygghet og rettigheter for spillerne, mener presidenten.<\/p>\n<p class=\"_paragraph_o9xde_4 _paragraph_xtcu6_10 layout-component text-serif-m layout-normal text-serif-m layout-padded\">Randi Gustad p\u00e5peker at ingen andre land gir landslagsspillerne sine de samme betingelsene.<\/p>\n<p class=\"_paragraph_o9xde_4 _paragraph_xtcu6_10 layout-component text-serif-m layout-normal text-serif-m layout-padded\">\u2013 Jeg er ikke like opptatt av diskusjonen om for mange land i VM. Det jeg er opptatt av er arbeidet som gj\u00f8res mellom mesterskapene. Hvor er pengene, ressursene og villigheten til det samfunnsansvaret som det er \u00e5 satse p\u00e5 jentene?<\/p>\n<p class=\"_paragraph_o9xde_4 _paragraph_xtcu6_10 layout-component text-serif-m layout-normal text-serif-m layout-padded\">\u2013 Mener du viljen er frav\u00e6rende i mange nasjoner?<\/p>\n<p class=\"_paragraph_o9xde_4 _paragraph_xtcu6_10 layout-component text-serif-m layout-normal text-serif-m layout-padded\">\u2013 Ja. Mulig viljen er uttalt mange steder og kommer fra et ekte sted, men det gjennomf\u00f8res ikke tilstrekkelig i aktive handlinger.<\/p>\n","protected":false},"excerpt":{"rendered":"Randi Gustad hevder debatten om niv\u00e5et i kvinneh\u00e5ndballen foreg\u00e5r p\u00e5 feil premisser\u00a0og\u00a0er for overfladisk. Foto: Beate Oma Dahle&hellip;\n","protected":false},"author":2,"featured_media":105602,"comment_status":"","ping_status":"","sticky":false,"template":"","format":"standard","meta":{"footnotes":""},"categories":[59],"tags":[105,9443,1528,30,28,29,6396,83,82],"class_list":{"0":"post-105601","1":"post","2":"type-post","3":"status-publish","4":"format-standard","5":"has-post-thumbnail","7":"category-sport","8":"tag-handball","9":"tag-handball-vm","10":"tag-kvinnelandslaget-handball","11":"tag-no","12":"tag-norge","13":"tag-norway","14":"tag-randi-gustad","15":"tag-sport","16":"tag-sports"},"share_on_mastodon":{"url":"https:\/\/pubeurope.com\/@no\/115671757596547367","error":""},"_links":{"self":[{"href":"https:\/\/www.europesays.com\/no\/wp-json\/wp\/v2\/posts\/105601","targetHints":{"allow":["GET"]}}],"collection":[{"href":"https:\/\/www.europesays.com\/no\/wp-json\/wp\/v2\/posts"}],"about":[{"href":"https:\/\/www.europesays.com\/no\/wp-json\/wp\/v2\/types\/post"}],"author":[{"embeddable":true,"href":"https:\/\/www.europesays.com\/no\/wp-json\/wp\/v2\/users\/2"}],"replies":[{"embeddable":true,"href":"https:\/\/www.europesays.com\/no\/wp-json\/wp\/v2\/comments?post=105601"}],"version-history":[{"count":0,"href":"https:\/\/www.europesays.com\/no\/wp-json\/wp\/v2\/posts\/105601\/revisions"}],"wp:featuredmedia":[{"embeddable":true,"href":"https:\/\/www.europesays.com\/no\/wp-json\/wp\/v2\/media\/105602"}],"wp:attachment":[{"href":"https:\/\/www.europesays.com\/no\/wp-json\/wp\/v2\/media?parent=105601"}],"wp:term":[{"taxonomy":"category","embeddable":true,"href":"https:\/\/www.europesays.com\/no\/wp-json\/wp\/v2\/categories?post=105601"},{"taxonomy":"post_tag","embeddable":true,"href":"https:\/\/www.europesays.com\/no\/wp-json\/wp\/v2\/tags?post=105601"}],"curies":[{"name":"wp","href":"https:\/\/api.w.org\/{rel}","templated":true}]}}