{"id":105603,"date":"2025-12-06T08:48:11","date_gmt":"2025-12-06T08:48:11","guid":{"rendered":"https:\/\/www.europesays.com\/no\/105603\/"},"modified":"2025-12-06T08:48:11","modified_gmt":"2025-12-06T08:48:11","slug":"vokteren-sesong-2-dette-er-deltagerne","status":"publish","type":"post","link":"https:\/\/www.europesays.com\/no\/105603\/","title":{"rendered":"\u00abVokteren\u00bb sesong 2: Dette er deltagerne"},"content":{"rendered":"\n<p class=\"_lead_o9xde_2 _lead_xtcu6_50 layout-component text-serif-m layout-normal text-serif-l layout-component layout-wide layout-padded _wide_17hqh_1 layout-padded\">\u00abVokteren\u00bb er tilbake med 14 nye kjendiser. M\u00e5let er \u00e5 n\u00e5 toppen av Kol\u00e5stinden og vinne \u00e9n million kroner.<\/p>\n<p><img alt=\"Deltakerne i sesong 2 av Vokteren. Fra venstre: Cengiz Al, Christopher Robin Omdahl, Simen Agdestein, Mona Grudt, Henrik Farley, Mariann Thommassen, Alex Ros\u00e9n, Louise Angelica Riise, Snorre Klanderud, Yasmin Mehmood , V\u00e5r Staude, Kristine Thybo Hansen, Isak Dreyer og Malene Elfrid Ingebrigtsen. Foto: Haakon Lundkvist\/TV 2\" class=\"_image_qp4xg_65 layout-component layout-wide\" data-fullscreen- data-track-element-type=\"Article image fullscreen\" data-track-name=\"ImageFullscreen\" fetchpriority=\"high\" decoding=\"sync\" loading=\"eager\" height=\"3042\" itemprop=\"image\"  src=\"https:\/\/www.europesays.com\/no\/wp-content\/uploads\/2025\/12\/cfdb65fe-0122-4aaa-862b-daccdb716957\"  style=\"object-position:0% 0%\" width=\"4384\"\/>Deltakerne i sesong 2 av Vokteren. Fra venstre: Cengiz Al, Christopher Robin Omdahl, Simen Agdestein, Mona Grudt, Henrik Farley, Mariann Thommassen, Alex Ros\u00e9n, Louise Angelica Riise, Snorre Klanderud, Yasmin Mehmood , V\u00e5r Staude, Kristine Thybo Hansen, Isak Dreyer og Malene Elfrid Ingebrigtsen. Foto: Haakon Lundkvist\/TV 2<\/p>\n<ul aria-hidden=\"true\" class=\"_images_ntbth_112\">\n<li><a class=\"_link_ntbth_117\" href=\"https:\/\/www.vg.no\/forfatter\/elise-roennevig-andersen\" style=\"z-index:1\" title=\"Elise R\u00f8nnevig Andersen\" rel=\"nofollow noopener\" target=\"_blank\"><img alt=\"Bilde av Elise R\u00f8nnevig Andersen\" class=\"_image_ntbth_93\" fetchpriority=\"low\" loading=\"lazy\" decoding=\"async\" itemprop=\"image\"  src=\"https:\/\/www.europesays.com\/no\/wp-content\/uploads\/2025\/12\/d4a69b78-dc9a-4021-89fd-0783e681325f\"  width=\"480\"\/><\/a><\/li>\n<\/ul>\n<p> Oppdatert l\u00f8rdag 6. desember kl. 08:00    <\/p>\n<ul class=\"_list_o9xde_3 _list_64s2r_85 _unordered_o9xde_106 text-sans-m\">\n<li class=\"_item_o9xde_30\">Den popul\u00e6re realityserien \u00abVokteren\u00bb er tilbake med 14 nye kjendiser.<\/li>\n<li class=\"_item_o9xde_30\">Deltakerne skal kjempe seg gjennom norske landskap for \u00e5 n\u00e5 toppen av Kol\u00e5stinden.<\/li>\n<li class=\"_item_o9xde_30\">M\u00e5let er \u00e5 vinne \u00e9n million kroner.<\/li>\n<li class=\"_item_o9xde_30\">Serien har premiere 1. januar p\u00e5 TV 2.<\/li>\n<\/ul>\n<p>Vis mer <\/p>\n<p class=\"_paragraph_o9xde_4 _paragraph_xtcu6_10 layout-component text-serif-m layout-normal text-serif-m layout-padded\">Den popul\u00e6re realityserien \u00abVokteren\u00bb er tilbake med ny sesong p\u00e5 ny\u00e5ret. 14 nye kjendiser skal kjempe seg gjennom ville norske landskap for \u00e5 n\u00e5 toppen av Kol\u00e5stinden i \u00d8rsta kommune p\u00e5 1432 meter.<\/p>\n<p class=\"_paragraph_o9xde_4 _paragraph_xtcu6_10 layout-component text-serif-m layout-normal text-serif-m layout-padded\">I den nye sesongen er utfordringene er enda villere enn f\u00f8r, skriver TV 2 en pressemelding.<\/p>\n<p class=\"_paragraph_o9xde_4 _paragraph_xtcu6_10 layout-component text-serif-m layout-normal text-serif-m layout-padded\"><strong class=\"_strong_o9xde_25\">Disse 14 kjendisene deltar i sesong to:<\/strong><\/p>\n<ul class=\"_list_o9xde_3 _list_xtcu6_9 _unordered_o9xde_106 layout-component text-serif-m layout-normal text-serif-m layout-padded\">\n<li class=\"_item_o9xde_30\">Mona Grudt (modell og seremonimester)<\/li>\n<li class=\"_item_o9xde_30\">Snorre Klanderud (innholdsskaper)<\/li>\n<li class=\"_item_o9xde_30\">Cengiz Al (skuespiller)<\/li>\n<li class=\"_item_o9xde_30\">Christopher Robin Omdahl (programleder og youtuber)<\/li>\n<li class=\"_item_o9xde_30\">Simen Agdestein (sjakktrener)<\/li>\n<li class=\"_item_o9xde_30\">Mariann Thomassen (artist og DJ)<\/li>\n<li class=\"_item_o9xde_30\">Isak Dreyer (fisker og snekker)<\/li>\n<li class=\"_item_o9xde_30\">Malene Elfrid Ingebrigtsen (influenser)<\/li>\n<li class=\"_item_o9xde_30\">Yasmin Mehmood (programleder)<\/li>\n<li class=\"_item_o9xde_30\">Kristine Thybo Hansen (jakt- og fiskeinfluenser)<\/li>\n<li class=\"_item_o9xde_30\">V\u00e5r Staude (programleder)<\/li>\n<li class=\"_item_o9xde_30\">Alex Ros\u00e9n (sj\u00f8mann og oppdager)<\/li>\n<li class=\"_item_o9xde_30\">Louise Angelica Riise (innholdsskaper)<\/li>\n<li class=\"_item_o9xde_30\">Henrik Farley (komiker)<\/li>\n<\/ul>\n<p class=\"_paragraph_o9xde_4 _paragraph_xtcu6_10 layout-component text-serif-m layout-normal text-serif-m layout-padded\">Desta Marie Beeder <a href=\"https:\/\/www.vg.no\/rampelys\/i\/o3V5eB\/vokteren-desta-beeder-vant-den-stoerste-premien\" data-track-element-type=\"Link\" data-track-id=\"link:o3V5eB\" class=\"_link_o9xde_39\" rel=\"nofollow noopener\" target=\"_blank\">vant den st\u00f8rste premien i fjor.<\/a><\/p>\n<p class=\"_paragraph_o9xde_4 _paragraph_xtcu6_10 layout-component text-serif-m layout-normal text-serif-m layout-padded\">\u00abVokteren\u00bb har premiere 1. januar p\u00e5 TV 2.<\/p>\n","protected":false},"excerpt":{"rendered":"\u00abVokteren\u00bb er tilbake med 14 nye kjendiser. M\u00e5let er \u00e5 n\u00e5 toppen av Kol\u00e5stinden og vinne \u00e9n million&hellip;\n","protected":false},"author":2,"featured_media":105604,"comment_status":"","ping_status":"","sticky":false,"template":"","format":"standard","meta":{"footnotes":""},"categories":[58],"tags":[8111,13224,71,13226,3316,13225,3251,13221,12375,30,28,29,13223,5403,72,4453],"class_list":{"0":"post-105603","1":"post","2":"type-post","3":"status-publish","4":"format-standard","5":"has-post-thumbnail","7":"category-underholdning","8":"tag-cengiz-al","9":"tag-christopher-robin-omdahl","10":"tag-entertainment","11":"tag-henrik-farley","12":"tag-isak-dreyer","13":"tag-kristine-thybo-hansen","14":"tag-louise-angelica-riise","15":"tag-mariann-thomassen","16":"tag-mona-grudt","17":"tag-no","18":"tag-norge","19":"tag-norway","20":"tag-simen-agdestein","21":"tag-snorre-klanderud","22":"tag-underholdning","23":"tag-var-staude"},"share_on_mastodon":{"url":"https:\/\/pubeurope.com\/@no\/115671761199341060","error":""},"_links":{"self":[{"href":"https:\/\/www.europesays.com\/no\/wp-json\/wp\/v2\/posts\/105603","targetHints":{"allow":["GET"]}}],"collection":[{"href":"https:\/\/www.europesays.com\/no\/wp-json\/wp\/v2\/posts"}],"about":[{"href":"https:\/\/www.europesays.com\/no\/wp-json\/wp\/v2\/types\/post"}],"author":[{"embeddable":true,"href":"https:\/\/www.europesays.com\/no\/wp-json\/wp\/v2\/users\/2"}],"replies":[{"embeddable":true,"href":"https:\/\/www.europesays.com\/no\/wp-json\/wp\/v2\/comments?post=105603"}],"version-history":[{"count":0,"href":"https:\/\/www.europesays.com\/no\/wp-json\/wp\/v2\/posts\/105603\/revisions"}],"wp:featuredmedia":[{"embeddable":true,"href":"https:\/\/www.europesays.com\/no\/wp-json\/wp\/v2\/media\/105604"}],"wp:attachment":[{"href":"https:\/\/www.europesays.com\/no\/wp-json\/wp\/v2\/media?parent=105603"}],"wp:term":[{"taxonomy":"category","embeddable":true,"href":"https:\/\/www.europesays.com\/no\/wp-json\/wp\/v2\/categories?post=105603"},{"taxonomy":"post_tag","embeddable":true,"href":"https:\/\/www.europesays.com\/no\/wp-json\/wp\/v2\/tags?post=105603"}],"curies":[{"name":"wp","href":"https:\/\/api.w.org\/{rel}","templated":true}]}}