{"id":105605,"date":"2025-12-06T08:52:12","date_gmt":"2025-12-06T08:52:12","guid":{"rendered":"https:\/\/www.europesays.com\/no\/105605\/"},"modified":"2025-12-06T08:52:12","modified_gmt":"2025-12-06T08:52:12","slug":"narvik-byliv-politiet-rykket-til-utested-lagde-kvalme-pa-byen","status":"publish","type":"post","link":"https:\/\/www.europesays.com\/no\/105605\/","title":{"rendered":"Narvik, Byliv | Politiet rykket til utested: \u2013 Lagde kvalme p\u00e5 byen"},"content":{"rendered":"\n<p>Klokken 03.42 natt til l\u00f8rdag meldte Nordland politidistrikt om ordensforstyrrelse i Narvik sentrum.<\/p>\n<p>En mann skal ha oppf\u00f8rt seg krevende utenfor utestedet, og politiet rykket ut for \u00e5 h\u00e5ndtere situasjonen.<\/p>\n<p>Operasjonsleder Ina Selfors forteller at selve gemyttene hadde dempet seg noe da patruljen ankom, etter at vitner hadde sl\u00e5tt alarm.<\/p>\n<p>\u2013 Vi ble varslet av folk p\u00e5 stedet. Hendelsen ble l\u00f8st f\u00f8r vi kom dit, sier Selfors til Fremover.<\/p>\n<p>Likevel fikk hendelsen konsekvenser for mannen.<\/p>\n<p>\u2013 Personen ble fremdeles bortvist?<\/p>\n<p>\u2013 Ja, de har v\u00e6rt i beruset tilstand og lagd kvalme p\u00e5 byen, sl\u00e5r operasjonslederen fast.<\/p>\n<p>Mannen har f\u00e5tt p\u00e5legg om \u00e5 holde seg borte fra sentrumskjernen frem til klokken 08.00 l\u00f8rdag morgen.<\/p>\n","protected":false},"excerpt":{"rendered":"Klokken 03.42 natt til l\u00f8rdag meldte Nordland politidistrikt om ordensforstyrrelse i Narvik sentrum. En mann skal ha oppf\u00f8rt&hellip;\n","protected":false},"author":2,"featured_media":2503,"comment_status":"","ping_status":"","sticky":false,"template":"","format":"standard","meta":{"footnotes":""},"categories":[10],"tags":[36,20,21,3479,24,25,15,22,23,3348,13,30,28,29,14,16,468,1510,26,27],"class_list":{"0":"post-105605","1":"post","2":"type-post","3":"status-publish","4":"format-standard","5":"has-post-thumbnail","7":"category-norge","8":"tag-art","9":"tag-breaking-news","10":"tag-breakingnews","11":"tag-byliv","12":"tag-featured-news","13":"tag-featurednews","14":"tag-headlines","15":"tag-latest-news","16":"tag-latestnews","17":"tag-narvik","18":"tag-news","19":"tag-no","20":"tag-norge","21":"tag-norway","22":"tag-nyheter","23":"tag-overskrifter","24":"tag-politiet","25":"tag-story","26":"tag-top-stories","27":"tag-topstories"},"share_on_mastodon":{"url":"https:\/\/pubeurope.com\/@no\/115671776809207743","error":""},"_links":{"self":[{"href":"https:\/\/www.europesays.com\/no\/wp-json\/wp\/v2\/posts\/105605","targetHints":{"allow":["GET"]}}],"collection":[{"href":"https:\/\/www.europesays.com\/no\/wp-json\/wp\/v2\/posts"}],"about":[{"href":"https:\/\/www.europesays.com\/no\/wp-json\/wp\/v2\/types\/post"}],"author":[{"embeddable":true,"href":"https:\/\/www.europesays.com\/no\/wp-json\/wp\/v2\/users\/2"}],"replies":[{"embeddable":true,"href":"https:\/\/www.europesays.com\/no\/wp-json\/wp\/v2\/comments?post=105605"}],"version-history":[{"count":0,"href":"https:\/\/www.europesays.com\/no\/wp-json\/wp\/v2\/posts\/105605\/revisions"}],"wp:featuredmedia":[{"embeddable":true,"href":"https:\/\/www.europesays.com\/no\/wp-json\/wp\/v2\/media\/2503"}],"wp:attachment":[{"href":"https:\/\/www.europesays.com\/no\/wp-json\/wp\/v2\/media?parent=105605"}],"wp:term":[{"taxonomy":"category","embeddable":true,"href":"https:\/\/www.europesays.com\/no\/wp-json\/wp\/v2\/categories?post=105605"},{"taxonomy":"post_tag","embeddable":true,"href":"https:\/\/www.europesays.com\/no\/wp-json\/wp\/v2\/tags?post=105605"}],"curies":[{"name":"wp","href":"https:\/\/api.w.org\/{rel}","templated":true}]}}