{"id":105610,"date":"2025-12-06T09:05:19","date_gmt":"2025-12-06T09:05:19","guid":{"rendered":"https:\/\/www.europesays.com\/no\/105610\/"},"modified":"2025-12-06T09:05:19","modified_gmt":"2025-12-06T09:05:19","slug":"jeg-kjente-fred-da-jeg-landet-i-kenya","status":"publish","type":"post","link":"https:\/\/www.europesays.com\/no\/105610\/","title":{"rendered":"\u2013 Jeg kjente fred da jeg landet i Kenya"},"content":{"rendered":"<p class=\"kicker t20 tm14 font-weight-light m-font-weight-light primary color_mobile_primary font-NotoSans\" style=\"\">Misjon\u00e6rbarna:<\/p>\n<p>    I Kenya ble Berit Anne Kleppenes internatmor for barn som levde langt vekk fra foreldrene sine.<\/p>\n<p>\u2013 Vi trodde f\u00f8rst at vi skulle til S\u00f8r-Amerika, men s\u00e5 fikk vi en invitasjon fra noen venner som fortalte at det var behov for internatforeldre i Kenya. Jeg var sikker p\u00e5 at Gud \u00f8nsket oss der. Det var ikke tilfeldig, men \u00abGudfeldig\u00bb, forteller Berit.\u00a0<\/p>\n<p>De jobbet som misjon\u00e6rer og internatforeldre parallelt, men de tre f\u00f8rste \u00e5rene hadde de hovedfokus p\u00e5 internatlivet.<\/p>\n<p>        \u00abMisjon\u00e6rbarna\u00bb-serien<\/p>\n<p>Fra 1950- til 1990-tallet sendte mange norske misjonsselskap ut misjon\u00e6rbarn p\u00e5 internatskoler i Afrika og Asia, ofte i sv\u00e6rt ung alder.<\/p>\n<p>Internat ble sett p\u00e5 som n\u00f8dvendig for \u00e5 gi barna norsk skolegang.<\/p>\n<p>Mange tidligere elever forteller om alvorlige belastninger, som tidlig separasjon fra foreldre, streng religi\u00f8s disiplin, psykisk press, vold og enkelte steder seksuelle overgrep.<\/p>\n<p>Kritikken mot praksisen vokste p\u00e5 2000-tallet, og vitnesbyrd fra tidligere internatbarn f\u00f8rte til granskinger.<\/p>\n<p>Misjonsselskapene har siden kommet med flere offentlige beklagelser for omsorgssvikt, manglende tilsyn og at varsler ikke ble tatt p\u00e5 alvor.<\/p>\n<p>I dag f\u00e5r misjon\u00e6rbarn ikke lenger skolegang p\u00e5 slike internat av organisatoriske hensyn, og flere hjelpetiltak er etablert.<\/p>\n<p>I ABC Nyheters artikkelserie \u00abMisjon\u00e6rbarna\u00bb f\u00e5r du h\u00f8re historien fra flere sider.<\/p>\n<p class=\"font-weight-bold m-font-weight-bold\" data-lab-font_weight=\"font-weight-bold\">Les de andre artiklene i serien her:<\/p>\n<p>            <img decoding=\"async\" src=\"https:\/\/www.europesays.com\/no\/wp-content\/uploads\/2025\/12\/1291538.webp\" width=\"360\" height=\"605\" title=\"\" alt=\"\" loading=\"lazy\" style=\"\"\/><\/p>\n<p>\n        Internatforeldre<br \/>\n        Foto: Privat\n    <\/p>\n<p>        Morgenen startet med \u00e5 vekke barna som bodde p\u00e5 internatet. Det var til sammen \u00e5tte barn, og noe mindre det f\u00f8rste \u00e5ret.<\/p>\n<p>        To av dem hadde kj\u00f8kkentjeneste og hjalp til med frokosten f\u00f8r skoledagen begynte.<\/p>\n<p>        Berit jobbet som hjelpel\u00e6rer og tok de rollene som trengtes: regnskapsf\u00f8rer, sykepleier og litt l\u00e6rer.<\/p>\n<p>            <img decoding=\"async\" src=\"https:\/\/www.europesays.com\/no\/wp-content\/uploads\/2025\/12\/1291535.webp\" width=\"360\" height=\"605\" title=\"\" alt=\"\" loading=\"lazy\" style=\"\"\/><\/p>\n<p>\n        Internatforeldre<br \/>\n        Foto: Privat\n    <\/p>\n<p>        Mannen hennes var kunstnerisk av seg og hadde sl\u00f8yd med barna. Det fantes ingen krav for \u00e5 v\u00e6re internatforeldre, bare et behov for hjelp der det trengtes.<\/p>\n<p>        Lunsjen kalte de \u00abdrikkefri\u00bb: kenyansk te med mye sukker og melk, og hvitt br\u00f8d med sm\u00f8r.<\/p>\n<p>        \u2013 Ikke veldig sunt, sp\u00f8r du meg, men typisk i Afrika. Drikkevannet var regnvann som ble kokt og kj\u00f8lt ned. N\u00e5r skoledagen var over, hadde kokken laget norsk middag.<\/p>\n<p>        \u2013 Det var noen internatforeldre fra Bergens-kantene som blant annet hadde l\u00e6rt kokken \u00e5 lage raspeball.<\/p>\n<p>Fredager i Kisumu<\/p>\n<p>Hver fredag dro skolen til den n\u00e6rmeste storbyen, Kisumu. Der hadde de sv\u00f8mming i to timer f\u00f8r foreldrene kom for \u00e5 hente ungene.<\/p>\n<p>\u2013 Det ble en m\u00f8teplass der vi voksne, barna og foreldrene spiste lunsj sammen f\u00f8r helgen.<\/p>\n<p>P\u00e5 mandagene kom foreldrene tilbake til internatet for \u00e5 levere ungene.<\/p>\n<p>\u2013 Internatet ble som et slags gjestehus, med sm\u00e5 samlinger.<\/p>\n<p>            <img decoding=\"async\" src=\"https:\/\/www.europesays.com\/no\/wp-content\/uploads\/2025\/12\/1291532.webp\" width=\"360\" height=\"602\" title=\"\" alt=\"\" loading=\"lazy\" style=\"\"\/><\/p>\n<p>\n        Internatforeldre<br \/>\n        Foto: Privat\n    <\/p>\n<p>        Lite kontakt, stort ansvar<\/p>\n<p>        De yngste barna var f\u00f8rsteklassinger. De sov to og to for \u00e5 slippe ensomheten. De eldste, som var ungdomsskoleelever, ville helst sove alene.<\/p>\n<p>        \u2013 Det kunne komme noen t\u00e5rer fra f\u00f8rsteklassingene n\u00e5r foreldrene dro.<\/p>\n<p>Berit tok seg av barna som om det var hennes egne. En natt ble en av guttene alvorlig syk mens mannen hennes var borte p\u00e5 spr\u00e5kkurs. Hun var alene.<\/p>\n<p>\u2013 Det var kun Gud jeg kunne g\u00e5 til.<\/p>\n<p>Veiene var for utrygge om natten, s\u00e5 sykehuset var ikke et alternativ. Hun knelte foran sengen til gutten og ba om at han skulle bli frisk fra de voldsomme magesmertene.<\/p>\n<p>\u2013 Vi dro bare til sykehuset hvis det var helt akutt.<\/p>\n<p>Etter at hun ba for gutten, gikk smertene bort, og han fikk sove, forteller Berit.<\/p>\n<p>            <img decoding=\"async\" src=\"https:\/\/www.europesays.com\/no\/wp-content\/uploads\/2025\/12\/1291537.webp\" width=\"360\" height=\"508\" title=\"\" alt=\"\" loading=\"lazy\" style=\"\"\/><\/p>\n<p>\n        Internatforeldre<br \/>\n        Foto: Privat\n    <\/p>\n<p>        Kontakt med foreldrene til barna var vanskelig. Telefonlinjene var d\u00e5rlige, og ofte fikk de ikke vite om sykdom eller uhell f\u00f8r de hentet barna p\u00e5 fredagene.<\/p>\n<p>        \u2013 V\u00e5re egne barn var ogs\u00e5 p\u00e5 internat den siste perioden. Vi fikk ikke vite at den minste hadde hatt malaria, og at den andre hadde brukket h\u00e5nden, v\u00e6rt i full narkose og blitt operert etter \u00e5 ha falt ned fra mango-treet, f\u00f8r vi s\u00e5 dem igjen p\u00e5 fredagen.<\/p>\n<p>Barna som ble igjen i helgene<\/p>\n<p>Ikke alle barna fikk reise hjem i helgene. Noen hadde foreldre som bodde flere timer unna.<\/p>\n<p>\u2013 De syntes vi veldig synd p\u00e5.<\/p>\n<p>Disse barna ble igjen hos ekteparet, og sammen med deres egne barn dro de p\u00e5 turer og gjorde helgene gode.<\/p>\n<p>\u2013 Jeg tok p\u00e5 meg mamma-rollen til en viss grad.<\/p>\n<p>I frav\u00e6ret av foreldrene leste de Guds ord for barna og hadde lesestunder der de minste fikk sitte p\u00e5 fanget, forteller Berit. Hun sier hun pr\u00f8vde \u00e5 v\u00e6re lik med alle barna og ikke favorisere noen, og \u00e5 gi like mye kj\u00e6rlighet til alle.<\/p>\n<p>            <img decoding=\"async\" src=\"https:\/\/www.europesays.com\/no\/wp-content\/uploads\/2025\/12\/1291529.webp\" width=\"360\" height=\"605\" title=\"\" alt=\"\" loading=\"lazy\" style=\"\"\/><\/p>\n<p>\n        Internatforeldre<br \/>\n        Foto: privat\n    <\/p>\n<p>        Berit beskriver tiden i Kenya som en god tid.<\/p>\n<p>        \u2013 Det var ingen t\u00f8ffe dager, jeg hadde Gud.<\/p>\n<p>        F\u00f8r avreise var hun i tvil. Mange rundt henne syntes det var galskap \u00e5 ta med tre barn til et fremmed land med d\u00f8delige sykdommer, men f\u00f8lelsen hun fikk da hun landet i Kenya fjernet all tvil.<\/p>\n<p>            <img decoding=\"async\" src=\"https:\/\/www.europesays.com\/no\/wp-content\/uploads\/2025\/12\/1291526.webp\" width=\"360\" height=\"605\" title=\"\" alt=\"\" loading=\"lazy\" style=\"\"\/><\/p>\n<p>\n        Internatforeldre<br \/>\n        Foto: Privat\n    <\/p>\n<p>        \u2013 Jeg kjente fred, det var her jeg skulle v\u00e6re.<\/p>\n<p>        De opplevde at barna trivdes og hadde en fin tid der, og familien f\u00f8lte seg velsignet.<\/p>\n<p>            <img decoding=\"async\" src=\"https:\/\/www.europesays.com\/no\/wp-content\/uploads\/2025\/12\/1291531.webp\" width=\"360\" height=\"605\" title=\"\" alt=\"\" loading=\"lazy\" style=\"\"\/><\/p>\n<p>\n        Internatforeldre<br \/>\n        Foto: Privat\n    <\/p>\n<p>        Berit og mannen hadde ikke mye kontakt med De norske pinsemenigheters ytremisjon (PYM) som de ble sendt ut fra. De m\u00e5tte klare seg selv. Det var menigheten hjemme i Norge de hadde mest kontakt med.<\/p>\n<p>        \u2013 Vi sendte rundt 40 brev til forskjellige menigheter om \u00f8konomisk st\u00f8tte.<\/p>\n<p>        Til slutt fikk de nok til \u00e5 dekke det som var anbefalt til en familie. Berit forteller at de ikke led noen n\u00f8d, og beskriver det som at Gud velsignet det de hadde.<\/p>\n<p>Et delt bilde av internattiden<\/p>\n<p>Berit synes det er trist at noen misjon\u00e6rbarn har opplevd vonde ting, som overgrep, p\u00e5 internat.<\/p>\n<p>\u2013 Det er helt ufattelig at s\u00e5nt skjer i kristne milj\u00f8er. Vi kjenner ikke til at noe slikt skjedde p\u00e5 v\u00e5rt internat.<\/p>\n<p>Hun opplever at fokuset ofte ligger p\u00e5 det negative, og at alle misjon\u00e6rbarn har f\u00e5tt et stempel som ikke gjelder for alle.<\/p>\n<p>\u2013 Det har \u00f8delagt for dem som hadde en veldig fin tid, som jeg tror var mange.<\/p>\n<p>            <img decoding=\"async\" src=\"https:\/\/www.europesays.com\/no\/wp-content\/uploads\/2025\/12\/1291534.webp\" width=\"360\" height=\"605\" title=\"\" alt=\"\" loading=\"lazy\" style=\"\"\/><\/p>\n<p>\n        Internatforeldre<br \/>\n        Foto: Privat\n    <\/p>\n<p>        Hun mener at i det store bildet er det f\u00e5 som har opplevd det \u00e5 bli sendt bort som negativt, og at organisasjonen Sendt bort har skadet omd\u00f8mmet til misjon\u00e6rbarna.<\/p>\n<p>        \u2013 Jeg synes det er fint at de som ikke hadde det bra, har f\u00e5tt mye fokus og hjelp, men det har ogs\u00e5 negative sider. Mennesker er mennesker, og svakhet finnes blant oss alle.<\/p>\n<p>            <img decoding=\"async\" src=\"https:\/\/www.europesays.com\/no\/wp-content\/uploads\/2025\/12\/1291527.webp\" width=\"380\" height=\"601\" title=\"\" alt=\"\" loading=\"lazy\" style=\"\"\/><\/p>\n<p>\n        Internatforeldre<br \/>\n        Foto: Privat\n    <\/p>\n<p>        Ekteparet har deltatt p\u00e5 flere Kenya-treff, hvor tidligere misjon\u00e6rbarn og familiene m\u00f8ttes og mimres om den fine tiden de hadde.<\/p>\n<p>        \u2013 Det var gjensynsglede, og det har blitt varige vennskap. Vi var som en stor Kenya-misjon\u00e6rfamilie.<\/p>\n<p>        \u2013 Vi h\u00e5per at alle barna som var der ute, deler de samme gode minnene som vi gj\u00f8r.<\/p>\n","protected":false},"excerpt":{"rendered":"Misjon\u00e6rbarna: I Kenya ble Berit Anne Kleppenes internatmor for barn som levde langt vekk fra foreldrene sine. \u2013&hellip;\n","protected":false},"author":2,"featured_media":105611,"comment_status":"","ping_status":"","sticky":false,"template":"","format":"standard","meta":{"footnotes":""},"categories":[12],"tags":[20,21,24,25,15,22,23,13,30,28,29,14,16,26,27,42,43,44,45],"class_list":{"0":"post-105610","1":"post","2":"type-post","3":"status-publish","4":"format-standard","5":"has-post-thumbnail","7":"category-verden","8":"tag-breaking-news","9":"tag-breakingnews","10":"tag-featured-news","11":"tag-featurednews","12":"tag-headlines","13":"tag-latest-news","14":"tag-latestnews","15":"tag-news","16":"tag-no","17":"tag-norge","18":"tag-norway","19":"tag-nyheter","20":"tag-overskrifter","21":"tag-top-stories","22":"tag-topstories","23":"tag-verden","24":"tag-world","25":"tag-world-news","26":"tag-worldnews"},"share_on_mastodon":{"url":"https:\/\/pubeurope.com\/@no\/115671828338760655","error":""},"_links":{"self":[{"href":"https:\/\/www.europesays.com\/no\/wp-json\/wp\/v2\/posts\/105610","targetHints":{"allow":["GET"]}}],"collection":[{"href":"https:\/\/www.europesays.com\/no\/wp-json\/wp\/v2\/posts"}],"about":[{"href":"https:\/\/www.europesays.com\/no\/wp-json\/wp\/v2\/types\/post"}],"author":[{"embeddable":true,"href":"https:\/\/www.europesays.com\/no\/wp-json\/wp\/v2\/users\/2"}],"replies":[{"embeddable":true,"href":"https:\/\/www.europesays.com\/no\/wp-json\/wp\/v2\/comments?post=105610"}],"version-history":[{"count":0,"href":"https:\/\/www.europesays.com\/no\/wp-json\/wp\/v2\/posts\/105610\/revisions"}],"wp:featuredmedia":[{"embeddable":true,"href":"https:\/\/www.europesays.com\/no\/wp-json\/wp\/v2\/media\/105611"}],"wp:attachment":[{"href":"https:\/\/www.europesays.com\/no\/wp-json\/wp\/v2\/media?parent=105610"}],"wp:term":[{"taxonomy":"category","embeddable":true,"href":"https:\/\/www.europesays.com\/no\/wp-json\/wp\/v2\/categories?post=105610"},{"taxonomy":"post_tag","embeddable":true,"href":"https:\/\/www.europesays.com\/no\/wp-json\/wp\/v2\/tags?post=105610"}],"curies":[{"name":"wp","href":"https:\/\/api.w.org\/{rel}","templated":true}]}}