{"id":105615,"date":"2025-12-06T09:11:12","date_gmt":"2025-12-06T09:11:12","guid":{"rendered":"https:\/\/www.europesays.com\/no\/105615\/"},"modified":"2025-12-06T09:11:12","modified_gmt":"2025-12-06T09:11:12","slug":"vgs-julematbors-2025-her-sparer-du-mest","status":"publish","type":"post","link":"https:\/\/www.europesays.com\/no\/105615\/","title":{"rendered":"VGs julematb\u00f8rs 2025: Her sparer du mest"},"content":{"rendered":"\n<p class=\"_paragraph_o9xde_4 _paragraph_xtcu6_10 layout-component text-serif-m layout-normal text-serif-m layout-padded\">Etter et par \u00abmagre\u00bb resultater er Rema 1000 tilbake p\u00e5 toppen av VGs matb\u00f8rs. <\/p>\n<p class=\"_paragraph_o9xde_4 _paragraph_xtcu6_10 layout-component text-serif-m layout-normal text-serif-m layout-padded\"><strong class=\"_strong_o9xde_25\">\u00c5rets sjekk av lavpriskjedenes julematpriser viser nemlig at Extra er dr\u00f8yt 141 kroner eller 3,3 prosent dyrere enn Rema 1000 p\u00e5 en handlekurv med 76 varer til snaue 4300 kroner.<\/strong><\/p>\n<p class=\"_paragraph_o9xde_4 _paragraph_xtcu6_10 layout-component text-serif-m layout-normal text-serif-m layout-padded\">I en f\u00f8rjulstid der dagligvarekjedene f\u00f8lger hverandres priser med argus\u00f8yne, er dette en kjempestor forskjell \u2013 st\u00f8rre enn p\u00e5 mange \u00e5r.<\/p>\n<p class=\"_paragraph_o9xde_4 _paragraph_xtcu6_10 layout-component text-serif-m layout-normal text-serif-m layout-padded\">Kiwi, som vant <a href=\"https:\/\/www.vg.no\/spesial\/matborsen\/matborser\/127\/\" class=\"_link_o9xde_39\" rel=\"nofollow noopener\" target=\"_blank\">VGs matb\u00f8rs i oktober,<\/a> kommer d\u00e5rligst ut. Denne gangen var den gr\u00f8nne handlevognen hele 224 kroner eller 5,2 prosent dyrere enn vinneren Rema.<\/p>\n<p class=\"_paragraph_o9xde_4 _paragraph_xtcu6_10 layout-component text-serif-m layout-normal text-serif-m layout-padded\"><strong class=\"_strong_o9xde_25\">Her kan du sjekke juleprisene:<\/strong><\/p>\n<p class=\"_paragraph_o9xde_4 _paragraph_xtcu6_10 layout-component text-serif-m layout-normal text-serif-m layout-padded\">Det er i hovedsak varene du trenger til julemiddagen som Rema vinner VGs prisb\u00f8rs p\u00e5. <\/p>\n<p class=\"_paragraph_o9xde_4 _paragraph_xtcu6_10 layout-component text-serif-m layout-normal text-serif-m layout-padded\">Sjekk eksemplene: Her fikk Kiwi og Extra juling av Rema:<\/p>\n<ul class=\"_list_o9xde_3 _list_xtcu6_9 _unordered_o9xde_106 layout-component text-serif-m layout-normal text-serif-m layout-padded\">\n<li class=\"_item_o9xde_30\"><strong class=\"_strong_o9xde_25\">Tynnribbe, krydret:<\/strong> 79,90 kroner hos prisvinner Rema. Hos Extra og Kiwi kostet julematfavoritten 99 kroner kiloen.<\/li>\n<\/ul>\n<ul class=\"_list_o9xde_3 _list_xtcu6_9 _unordered_o9xde_106 layout-component text-serif-m layout-normal text-serif-m layout-padded\">\n<li class=\"_item_o9xde_30\"><strong class=\"_strong_o9xde_25\">Lutefisk, hel side, fersk: <\/strong>Hele 40 kroner forskjell pr. kilo! 119 kroner kiloen hos Rema og 159 hos de to andre.<\/li>\n<li class=\"_item_o9xde_30\"><strong class=\"_strong_o9xde_25\">Gilde Medisterkaker 800 g:<\/strong> 79,90 hos Rema og ti kroner dyrere hos nest billigste kjede Extra.<\/li>\n<\/ul>\n<p class=\"_paragraph_o9xde_4 _paragraph_xtcu6_10 layout-component text-serif-m layout-normal text-serif-m layout-padded\"><strong class=\"_strong_o9xde_25\">Obs! <\/strong>For et kvart \u00e5rhundre siden \u2013 desember i \u00e5r 2000 \u2013 publiserte VG sin f\u00f8rste matb\u00f8rs. Og siden den gang har vi gjort v\u00e5rt beste for \u00e5 holde et \u00f8ye med matvarekjedene.<\/p>\n<p><img alt=\"VG, 20. desember 2000\" class=\"_image_qp4xg_65 layout-component layout-normal\" data-fullscreen- data-track-element-type=\"Article image fullscreen\" data-track-name=\"ImageFullscreen\" decoding=\"async\" loading=\"lazy\" height=\"1596\" itemprop=\"image\"  src=\"https:\/\/www.europesays.com\/no\/wp-content\/uploads\/2025\/12\/ddc0413e-9922-4bd6-ba4f-ace779ad787c\"  style=\"object-position:0% 0%\" width=\"2250\"\/>VG, 20. desember 2000<\/p>\n<p class=\"_paragraph_o9xde_4 _paragraph_xtcu6_10 layout-component text-serif-m layout-normal text-serif-m layout-padded\"><strong class=\"_strong_o9xde_25\">N\u00e5r julen ringes inn i \u00e5r er det alts\u00e5 25 \u00e5r siden VG startet Norges f\u00f8rste systematiske sjekk av matprisene!<\/strong><\/p>\n<p class=\"_paragraph_o9xde_4 _paragraph_xtcu6_10 layout-component text-serif-m layout-normal text-serif-m layout-padded\">Normalt finner vi mange sv\u00e6rt mange identiske priser i norske \u00ablavprisbutikker\u00bb. <\/p>\n<p class=\"_paragraph_o9xde_4 _paragraph_xtcu6_10 layout-component text-serif-m layout-normal text-serif-m layout-padded\">I VGs matb\u00f8rs i <a href=\"https:\/\/www.vg.no\/nyheter\/i\/bm7Jg3\/vgs-matboers-oktober-2024-dette-er-den-billigste-dagligvarekjeden\" data-track-element-type=\"Link\" data-track-id=\"link:bm7Jg3\" class=\"_link_o9xde_39\" rel=\"nofollow noopener\" target=\"_blank\">oktober 2024<\/a> var prisene identiske p\u00e5 60 av 84 varer, innenfor 10 \u00f8re. Denne gangen var det bare 48 varer med tilsvarende identiske priser.<\/p>\n<p class=\"_paragraph_o9xde_4 _paragraph_xtcu6_10 layout-component text-serif-m layout-normal text-serif-m layout-padded\">Det betyr flere prisforskjeller, og i \u00e5r er det til dels store enkeltprisforskjeller mellom kjedene. Derfor l\u00f8nner det seg \u00e5 sjekke b\u00f8rsen n\u00f8ye: <\/p>\n<p class=\"_paragraph_o9xde_4 _paragraph_xtcu6_10 layout-component text-serif-m layout-normal text-serif-m layout-padded\">Sjekk disse eksemplene:<\/p>\n<ul class=\"_list_o9xde_3 _list_xtcu6_9 _unordered_o9xde_106 layout-component text-serif-m layout-normal text-serif-m layout-padded\">\n<li class=\"_item_o9xde_30\"><strong class=\"_strong_o9xde_25\">Kokesjokolade 70 %: <\/strong>Her har Extra rett og slett sl\u00e5tt knockout p\u00e5 sine konkurrenter. De tar 16,90 for 100 g, mens hos Kiwi og Rema m\u00e5 du ut med 43,90 for 100 gram av den billigste kokesjokoladen. <\/li>\n<\/ul>\n<p><img alt=\"Smak og behag: Freia mot Coop.  Foto: Ida Lokland\/VG\" class=\"_image_qp4xg_65 layout-component layout-normal\" data-fullscreen- data-track-element-type=\"Article image fullscreen\" data-track-name=\"ImageFullscreen\" decoding=\"async\" loading=\"lazy\" height=\"2431\" itemprop=\"image\"  src=\"https:\/\/www.europesays.com\/no\/wp-content\/uploads\/2025\/12\/4af4c39a-e658-4202-b32e-e1c1625adee4\"  style=\"object-position:0% 0%\" width=\"4322\"\/>Smak og behag: Freia mot Coop.  Foto: Ida Lokland\/VG<\/p>\n<ul class=\"_list_o9xde_3 _list_xtcu6_9 _unordered_o9xde_106 layout-component text-serif-m layout-normal text-serif-m layout-padded\">\n<li class=\"_item_o9xde_30\"><strong class=\"_strong_o9xde_25\">Julebrus, billigste, 1,5 l: <\/strong>B\u00e5de Rema og Extra har \u00abgi bort\u00bb-pris p\u00e5 sin billige julebrus: 3,90 kroner for 1,5 liter er en pris man kan bli juleglad av. Kiwi hadde ikke den billige varianten i butikken da vi handlet, og vi endte opp med en flaske som kostet 36,90. S\u00e5 du m\u00e5 f\u00f8lge n\u00f8ye med p\u00e5 prisene!<\/li>\n<\/ul>\n<p><img decoding=\"async\" alt=\"Bilde av \" class=\"_image_ygndg_42\" height=\"27\" itemprop=\"image\" loading=\"lazy\"  src=\"https:\/\/www.europesays.com\/no\/wp-content\/uploads\/2025\/12\/9239bb02-0b4f-404d-81a0-045ab2050282\"  width=\"40\"\/><strong class=\"_name_ygndg_51 title-serif-xs\"\/><\/p>\n<p class=\"_paragraph_o9xde_4 text-sans-m _description_ygndg_56\">Appelsiner og klementiner er julefavoritter, og som vanlig kan det v\u00e6re solide prisforskjeller p\u00e5 frukt og gr\u00f8nt.<\/p>\n<ul class=\"_list_o9xde_3 _list_xtcu6_9 _unordered_o9xde_106 layout-component text-serif-m layout-normal text-serif-m layout-padded\">\n<li class=\"_item_o9xde_30\"><strong class=\"_strong_o9xde_25\">Appelsin, <\/strong>l\u00f8svekt: Her hadde b\u00f8rsvinner Rema det dyreste produktet. Deres appelsiner kostet 34,90 per kilo, mens Kiwi og Extra hadde 10 kroner lavere kilopris.<\/li>\n<li class=\"_item_o9xde_30\"><strong class=\"_strong_o9xde_25\">Lofoten einerr\u00f8kt laks: <\/strong>Hos Rema kostet den 79 kroner. Kiwi og Extra ville ha 99 kroner for denne varen.<\/li>\n<li class=\"_item_o9xde_30\"><strong class=\"_strong_o9xde_25\">Valn\u00f8tter med skall:<\/strong> Her var Kiwi og Extra en dr\u00f8y femkroning billigere enn Rema, om vi tar utgangspunkt i en 400 grams pakke.<\/li>\n<li class=\"_item_o9xde_30\"><strong class=\"_strong_o9xde_25\">Brokkoli<\/strong>: For mange er julen gr\u00f8nn! Remas brokkolikvast kostet 24,90 mens Extra og Kiwi tok 20,90 for sine produkter.<\/li>\n<\/ul>\n<p><img alt=\"OBS! N\u00e5r du leter etter billigste vare, skjer det av og til at varen ikke st\u00e5r sammen med tilsvarende produkter. Det opplevde vi hos Kiwi, der billigste risgr\u00f8t ikke sto sammen med de andre gr\u00f8tproduktene.  Foto: Ida Lokland, VG \/ VG\" class=\"_image_qp4xg_65 layout-component layout-normal\" data-fullscreen- data-track-element-type=\"Article image fullscreen\" data-track-name=\"ImageFullscreen\" decoding=\"async\" loading=\"lazy\" height=\"3648\" itemprop=\"image\"  src=\"https:\/\/www.europesays.com\/no\/wp-content\/uploads\/2025\/12\/f1771d93-6117-45c7-aafe-7ec976f1e8c0\"  style=\"object-position:0% 0%\" width=\"5472\"\/>OBS! N\u00e5r du leter etter billigste vare, skjer det av og til at varen ikke st\u00e5r sammen med tilsvarende produkter. Det opplevde vi hos Kiwi, der billigste risgr\u00f8t ikke sto sammen med de andre gr\u00f8tproduktene.  Foto: Ida Lokland, VG \/ VG485 prosent dyrere!<\/p>\n<p class=\"_paragraph_o9xde_4 _paragraph_xtcu6_10 layout-component text-serif-m layout-normal text-serif-m layout-padded\">Den d\u00e5rlige nyheten er at julevarene er mye dyrere i \u00e5r enn i 2024. Dersom man sammenligner 35 varer, felles for VGs julematb\u00f8rs begge \u00e5r, er <a href=\"https:\/\/www.vg.no\/spesial\/matborsen\/matborser\/119\/\" class=\"_link_o9xde_39\" rel=\"nofollow noopener\" target=\"_blank\">fjor\u00e5rsvinner Extra<\/a> blitt hele 83,5 prosent dyrere p\u00e5 ett \u00e5r!<\/p>\n<p class=\"_paragraph_o9xde_4 _paragraph_xtcu6_10 layout-component text-serif-m layout-normal text-serif-m layout-padded\">Men i fjor handlet vi ogs\u00e5 litt senere i desember, og ble m\u00f8tt med <a href=\"https:\/\/www.vg.no\/forbruker\/i\/o3e5WK\/vgs-julematboers-2024-saa-mye-kan-du-spare\" data-track-element-type=\"Link\" data-track-id=\"link:o3e5WK\" class=\"_link_o9xde_39\" rel=\"nofollow noopener\" target=\"_blank\">ellevilt lave priser<\/a> og n\u00e6rmest priskollaps p\u00e5 mange popul\u00e6re julevarer. Uansett, hos Extra har 30 av 35 sammenlignbare varer blitt dyrere, og de fleste \u00f8kningene er formidable. <\/p>\n<p class=\"_paragraph_o9xde_4 _paragraph_xtcu6_10 layout-component text-serif-m layout-normal text-serif-m layout-padded\">Se bare her:<\/p>\n<ul class=\"_list_o9xde_3 _list_xtcu6_9 _unordered_o9xde_106 layout-component text-serif-m layout-normal text-serif-m layout-padded\">\n<li class=\"_item_o9xde_30\"><strong class=\"_strong_o9xde_25\">Tomtegl\u00f8gg: 485 prosent dyrere<\/strong><\/li>\n<\/ul>\n<ul class=\"_list_o9xde_3 _list_xtcu6_9 _unordered_o9xde_106 layout-component text-serif-m layout-normal text-serif-m layout-padded\">\n<li class=\"_item_o9xde_30\"><strong class=\"_strong_o9xde_25\">Risgr\u00f8t: 346 prosent dyrere<\/strong><\/li>\n<li class=\"_item_o9xde_30\"><strong class=\"_strong_o9xde_25\">Julep\u00f8lse: 236 prosent dyrere.<\/strong><\/li>\n<\/ul>\n<p class=\"_paragraph_o9xde_4 _paragraph_xtcu6_10 layout-component text-serif-m layout-normal text-serif-m layout-padded\">15 av 35 varer er faktisk blitt over 100 prosent dyrere!<\/p>\n<p class=\"_paragraph_o9xde_4 _paragraph_xtcu6_10 layout-component text-serif-m layout-normal text-serif-m layout-padded\"><strong class=\"_strong_o9xde_25\">Men Pizza Grandiosa er blitt billigere \u2013 med 20 prosent. Den satt i sikringsboksen! N\u00e5 blir det go\u2019jul hos\u2019n <a href=\"https:\/\/www.youtube.com\/watch?v=obg6h0sd6jo\" class=\"_link_o9xde_39\" rel=\"nofollow noopener\" target=\"_blank\">Fridtjof i Ytre Enebakk. <\/a>Gr\u00e6ndis til 39,90 er et rimelig og passende matf\u00f8lge til mopedfantomets \u00ab<a href=\"https:\/\/naob.no\/ordbok\/snabelstoff\" class=\"_link_o9xde_39\" rel=\"nofollow noopener\" target=\"_blank\">snabelstoff<\/a>\u00bb. <\/strong><\/p>\n<p><img decoding=\"async\" alt=\"Bilde av \u00d8ivind Blunck\" class=\"_image_ygndg_42\" height=\"60\" itemprop=\"image\" loading=\"lazy\"  src=\"https:\/\/www.europesays.com\/no\/wp-content\/uploads\/2025\/12\/70299b07-22b0-4a4c-bda0-072ca77eda6b\"  width=\"40\"\/><strong class=\"_name_ygndg_51 title-serif-xs\">\u00d8ivind Blunck<\/strong><\/p>\n<p class=\"_paragraph_o9xde_4 text-sans-m _description_ygndg_56\">\u00abFridtjof\u00bb<\/p>\n<p>\u2013 Krigen flater ut<\/p>\n<p class=\"_paragraph_o9xde_4 _paragraph_xtcu6_10 layout-component text-serif-m layout-normal text-serif-m layout-padded\">\u2013 Hva skyldes denne voldsomme \u00f8kningen i \u00e5r?<\/p>\n<p class=\"_paragraph_o9xde_4 _paragraph_xtcu6_10 layout-component text-serif-m layout-normal text-serif-m layout-padded\">\u2013 Det er i hvert fall en indikasjon p\u00e5 at julepriskrigen i \u00e5r kanskje har v\u00e6rt noe mindre aggressiv enn i fjor. En pris\u00f8kning p\u00e5 83,5 prosent for de 35 produktene som var med i fjor er mye, og langt mer enn hva matvarer i snitt har \u00f8kt med. Det sier vel at det ikke er like mye \u00e5 spare p\u00e5 \u00e5 g\u00e5 etter de typiske juleproduktene i \u00e5r, sier \u00d8ystein Foros, professor i \u00f8konomi ved NHH.<\/p>\n<p><img decoding=\"async\" alt=\"Bilde av \u00d8ystein Foros\" class=\"_image_ygndg_42\" height=\"54\" itemprop=\"image\" loading=\"lazy\"  src=\"https:\/\/www.europesays.com\/no\/wp-content\/uploads\/2025\/12\/4d35e3fa-e88b-45ec-9164-ba631bb97896\"  width=\"40\"\/><strong class=\"_name_ygndg_51 title-serif-xs\">\u00d8ystein Foros<\/strong><\/p>\n<p class=\"_paragraph_o9xde_4 text-sans-m _description_ygndg_56\">Professor ved NHH<\/p>\n<p class=\"_paragraph_o9xde_4 _paragraph_xtcu6_10 layout-component text-serif-m layout-normal text-serif-m layout-padded\">\u2013 L\u00f8nner det seg \u00e5 vente med \u00e5 kj\u00f8pe inn julematen?<\/p>\n<p class=\"_paragraph_o9xde_4 _paragraph_xtcu6_10 layout-component text-serif-m layout-normal text-serif-m layout-padded\">\u2013 Det viser seg typisk at priskrigen flater ut midt i desember, n\u00e5r pristestene i media er over. S\u00e5 det er ingen grunn til at matvarene ikke skal kj\u00f8pes inn akkurat n\u00e5r man f\u00f8ler for det.<\/p>\n<p class=\"_paragraph_o9xde_4 _paragraph_xtcu6_10 layout-component text-serif-m layout-normal text-serif-m layout-padded\">\u2013 I fjor gikk kjedene tomme for sv\u00e6rt mange julevarer, s\u00e5 det er kanskje litt risikabelt \u00e5 vente for lenge?<\/p>\n<p class=\"_paragraph_o9xde_4 _paragraph_xtcu6_10 layout-component text-serif-m layout-normal text-serif-m layout-padded\">\u2013 Der de g\u00e5r tomme er typisk noen f\u00e5 varer der priskrigen er hardest. Men jeg tror ikke dette er noe stort problem for de fleste. I verste fall m\u00e5 man da kj\u00f8pe et nesten likt produkt for noe h\u00f8yere priser, sier Foros.<\/p>\n<p class=\"_paragraph_o9xde_4 _paragraph_xtcu6_10 layout-component text-serif-m layout-normal text-serif-m layout-padded\">\u2013 Hvor viktig er julehandelen for matvarebransjen?<\/p>\n<p class=\"_paragraph_o9xde_4 _paragraph_xtcu6_10 layout-component text-serif-m layout-normal text-serif-m layout-padded\">\u2013 Vi kj\u00f8per jo inn mye mat til jul, i s\u00e5 m\u00e5te er den viktig. Men i dagligvarebutikkene er det f\u00f8rst den siste halvannen uken f\u00f8r jul vi virkelig handler inn. S\u00e5 er priskrigen reell, slik at desember er en m\u00e5ned med lave marginer for kjedene.<\/p>\n<p>Priser som kommer, priser som g\u00e5r&#8230;<\/p>\n<p class=\"_paragraph_o9xde_4 _paragraph_xtcu6_10 layout-component text-serif-m layout-normal text-serif-m layout-padded\">.. priser som glipper, priser du aldri f\u00e5r! N\u00e5 som julepriskrigen mellom matvarekjedene er i gang, kan du aldri v\u00e6re helt sikker p\u00e5 hvor mye en vare koster n\u00e5r du er i butikken.<\/p>\n<p class=\"_paragraph_o9xde_4 _paragraph_xtcu6_10 layout-component text-serif-m layout-normal text-serif-m layout-padded\">Med et sentralisert prisstyringssystem kan kostnaden for varen faktisk forandre seg p\u00e5 den tiden det tar deg \u00e5 plukke den i butikkhyllen til det blir din tur i kassen.<\/p>\n<p><img alt=\"Foto: Vegar Jansen \/ VG\" class=\"_image_qp4xg_65 layout-component layout-normal\" data-fullscreen- data-track-element-type=\"Article image fullscreen\" data-track-name=\"ImageFullscreen\" decoding=\"async\" loading=\"lazy\" height=\"2040\" itemprop=\"image\"  src=\"https:\/\/www.europesays.com\/no\/wp-content\/uploads\/2025\/12\/787b9acd-a0af-4347-912d-82cb664e41d2\"  style=\"object-position:0% 0%\" width=\"1678\"\/>Foto: Vegar Jansen \/ VG<\/p>\n<p class=\"_paragraph_o9xde_4 _paragraph_xtcu6_10 layout-component text-serif-m layout-normal text-serif-m layout-padded\">Et fint eksempel p\u00e5 dette s\u00e5 vi under v\u00e5r egen handletur. Den litt bortgjemte (og veldig enslige) Prima julebrusen vi plukket hos Rema 1000 kostet 5,90 da vi la den i handlevognen. Da den litt senere ble bippet ut i kassa, viste kvitteringen 3,90.<\/p>\n<p class=\"_paragraph_o9xde_4 _paragraph_xtcu6_10 layout-component text-serif-m layout-normal text-serif-m layout-padded\">Sp\u00f8rsm\u00e5let n\u00e5 er om, for eksempel, pinnekj\u00f8ttprisen vil flytte seg vesentlig ned fra dagens niv\u00e5 p\u00e5 229 kroner kiloen, til ned mot hundrelappen eller lavere \u2013 <a href=\"https:\/\/www.vg.no\/spesial\/matborsen\/matborser\/119\/\" class=\"_link_o9xde_39\" rel=\"nofollow noopener\" target=\"_blank\">der prisene l\u00e5 i fjor<\/a>&#8230;    <\/p>\n<p> Dette sier Rema 1000s konkurrenter:<\/p>\n<p class=\"_paragraph_o9xde_4 _paragraph_xtcu6_10 layout-component text-serif-m layout-normal text-serif-m layout-padded\">\u2013 Extra var f\u00f8rst ute med \u00e5 kutte prisen p\u00e5 \u00e5rets julevarer og vi skal v\u00e6re billigst helt frem til julaften. VGs \u00f8yeblikksbilde er fra et tidspunkt denne uken med sv\u00e6rt hyppige prisjusteringer, som falt uheldig ut for Extra. Dette er justert, og v\u00e5re priser er n\u00e5 like billige eller billigere enn v\u00e5re konkurrenter. I tillegg gir vi v\u00e5re medlemmer kj\u00f8peutbytte p\u00e5 hele handlekurven, i tillegg til andre medlemsfordeler som gj\u00f8r handleturen billigere for v\u00e5re kunder som eier Extra, skriver Coops kommunikasjonsdirekt\u00f8r Harald Kristiansen til VG.<\/p>\n<p><img decoding=\"async\" alt=\"Bilde av Harald Kristiansen\" class=\"_image_ygndg_42\" height=\"40\" itemprop=\"image\" loading=\"lazy\"  src=\"https:\/\/www.europesays.com\/no\/wp-content\/uploads\/2025\/12\/1ab6ef53-798d-4d0c-a40f-0e7608dce726\"  width=\"40\"\/><strong class=\"_name_ygndg_51 title-serif-xs\">Harald Kristiansen<\/strong><\/p>\n<p class=\"_paragraph_o9xde_4 text-sans-m _description_ygndg_56\">Kommunikasjonsdirekt\u00f8r i Coop<\/p>\n<p class=\"_paragraph_o9xde_4 _paragraph_xtcu6_10 layout-component text-serif-m layout-normal text-serif-m layout-padded\">\u2013 Det at noen sammenlignbare varer viser en h\u00f8y prisvekst, skyldes at det p\u00e5 dette tidspunktet i fjor var fullstendig spinnville priser, og der mange varer ble solgt med store tap, opplyser Kristiansen.<\/p>\n<p class=\"_paragraph_o9xde_4 _paragraph_xtcu6_10 layout-component text-serif-m layout-normal text-serif-m layout-padded\">\u2013 Kiwi var billigst i b\u00e5de h\u00f8stens rekordstore matb\u00f8rs og  p\u00e5skematb\u00f8rsen, og vi jobber hver eneste dag for \u00e5 sikre kundene v\u00e5re de laveste prisene. Vi hadde salg p\u00e5 julebrus 1,5 liter til 3,90 kr i over 700 butikker p\u00e5 handletidspunktet, men var dessverre utsolgt i \u00e9n dag i butikken VG bes\u00f8kte. Vi har ikke 70 % kokesjokolade fra egen merkevare, men vi har m\u00f8rk kokesjokolade med 44 % kakao til 16,90 kr i alle v\u00e5re butikker, skriver butikkjedens kommunikasjonssjef Nora Mile Helgesen i en e-post.<\/p>\n<p><img decoding=\"async\" alt=\"Bilde av Nora Mile Helgesen\" class=\"_image_ygndg_42\" height=\"40\" itemprop=\"image\" loading=\"lazy\"  src=\"https:\/\/www.europesays.com\/no\/wp-content\/uploads\/2025\/12\/5029ea8d-6241-4077-a44d-66e7ebd60172\"  width=\"40\"\/><strong class=\"_name_ygndg_51 title-serif-xs\">Nora Mile Helgesen<\/strong><\/p>\n<p class=\"_paragraph_o9xde_4 text-sans-m _description_ygndg_56\">Kommunikasjonssjef i Kiwi<\/p>\n<p class=\"_paragraph_o9xde_4 _paragraph_xtcu6_10 layout-component text-serif-m layout-normal text-serif-m layout-padded\">\u2013 Ribbe, lutefisk og pinnekj\u00f8tt gikk kraftig ned i pris p\u00e5 onsdag, men prisjusteringen v\u00e5r kom ikke med i testen. Kunden skal v\u00e6re trygg p\u00e5 at vi skal v\u00e6re billigst til jul, og at vi aldri gir oss p\u00e5 pris, avslutter Helgesen.<\/p>\n<p class=\"_paragraph_o9xde_4 _paragraph_xtcu6_10 layout-component text-serif-m layout-normal text-serif-m layout-padded\">NB. Netthandelstjenesten Oda har tidligere v\u00e6rt med p\u00e5 VGs matb\u00f8rser, men er ikke inkludert i denne prissjekken. <\/p>\n<p class=\"_paragraph_o9xde_4 _paragraph_xtcu6_10 layout-component text-serif-m layout-normal text-serif-m layout-padded\">Det skyldes at Oda ikke er landsdekkende, og vi har handlet i fysiske butikker, ikke netthandlet. Oda f\u00f8rer dessuten ikke produkter i l\u00f8svekt, og tillater heller ikke enkeltvis kj\u00f8p av brus og \u00f8l.<\/p>\n<p>Slik har vi innhentet prisene<\/p>\n<p class=\"_paragraph_o9xde_4 _paragraph_xtcu6_10 _paragraph_16v91_10 layout-component text-serif-m layout-normal text-sans-m layout-padded\">\u25cf Varene er handlet inn i Akershus og Oslo av VGs journalister, den 3. og 4. desember 2025.<\/p>\n<p class=\"_paragraph_o9xde_4 _paragraph_xtcu6_10 _paragraph_16v91_10 layout-component text-serif-m layout-normal text-sans-m layout-padded\">\u25cf Butikkene vi har prissjekket er Coop Extra, Kiwi og Rema 1000.<\/p>\n<p class=\"_paragraph_o9xde_4 _paragraph_xtcu6_10 _paragraph_16v91_10 layout-component text-serif-m layout-normal text-sans-m layout-padded\">\u25cf Prisene i VGs matb\u00f8rs er i hovedsak basert p\u00e5 kassekvittering, og forutsetter at det er registrert riktig pris.<\/p>\n<p class=\"_paragraph_o9xde_4 _paragraph_xtcu6_10 _paragraph_16v91_10 layout-component text-serif-m layout-normal text-sans-m layout-padded\">\u25cf Journalistene har opptr\u00e5dt anonymt, som vanlige kunder, og handelen er avsluttet p\u00e5 omtrent samme tidspunkt i alle butikkene.<\/p>\n<p class=\"_paragraph_o9xde_4 _paragraph_xtcu6_10 _paragraph_16v91_10 layout-component text-serif-m layout-normal text-sans-m layout-padded\">\u25cf Vareutvalget best\u00e5r i denne testen av 76 varer. B\u00e5de merkevarer, kjedenes egne merkevarer og billigste vare er representert i utvalget. Mengde, st\u00f8rrelse og antall vi har etterspurt, fremg\u00e5r av tabellen.<\/p>\n<p class=\"_paragraph_o9xde_4 _paragraph_xtcu6_10 _paragraph_16v91_10 layout-component text-serif-m layout-normal text-sans-m layout-padded\">\u25cf N\u00e5r vi ettersp\u00f8r \u00abbilligste vare\u00bb, er kvalitet ikke hensyntatt.<\/p>\n<p class=\"_paragraph_o9xde_4 _paragraph_xtcu6_10 _paragraph_16v91_10 layout-component text-serif-m layout-normal text-sans-m layout-padded\">\u25cf Med \u00abbilligste vare\u00bb mener vi billigste tilgjengelige vare. I praksis betyr det at hvis den billigste er utsolgt, kj\u00f8per vi den nest billigste. <\/p>\n<p class=\"_paragraph_o9xde_4 _paragraph_xtcu6_10 _paragraph_16v91_10 layout-component text-serif-m layout-normal text-sans-m layout-padded\">\u25cf Utgangspunktet for prisene er vareutvalget i den enkelte butikk p\u00e5 kj\u00f8psdagen.<\/p>\n<p class=\"_paragraph_o9xde_4 _paragraph_xtcu6_10 _paragraph_16v91_10 layout-component text-serif-m layout-normal text-sans-m layout-padded\">\u25cf Prisene er hentet inn uten kjedenes medvirkning, og alle varene er kj\u00f8pt og betalt av VG.<\/p>\n<p class=\"_paragraph_o9xde_4 _paragraph_xtcu6_10 _paragraph_16v91_10 layout-component text-serif-m layout-normal text-sans-m layout-padded\">\u25cf Tilbudsvarer p\u00e5 kj\u00f8psdagen er tatt med. Det er ikke benyttet rabattordninger, medlemskap eller tilbud p\u00e5 grunn av dato.<\/p>\n<p class=\"_paragraph_o9xde_4 _paragraph_xtcu6_10 _paragraph_16v91_10 layout-component text-serif-m layout-normal text-sans-m layout-padded\">\u25cf N\u00e5r vi ettersp\u00f8r en vare av en viss mengde\/st\u00f8rrelse, har vi i noen tilfeller valgt tilsvarende produkter s\u00e5 n\u00e6r etterspurt mengde som mulig.<\/p>\n<p class=\"_paragraph_o9xde_4 _paragraph_xtcu6_10 _paragraph_16v91_10 layout-component text-serif-m layout-normal text-sans-m layout-padded\">\u25cf Der pakningsst\u00f8rrelsen avviker, er prisen omregnet til etterspurt vekt eller st\u00f8rrelse.<\/p>\n<p class=\"_paragraph_o9xde_4 _paragraph_xtcu6_10 _paragraph_16v91_10 layout-component text-serif-m layout-normal text-sans-m layout-padded\">\u25cf Kjedene har f\u00e5tt sjekke sine egne priser etter at VG har innhentet dem.<\/p>\n<p class=\"_paragraph_o9xde_4 _paragraph_xtcu6_10 _paragraph_16v91_10 layout-component text-serif-m layout-normal text-sans-m layout-padded\">\u25cf Vi tar forbehold om at prisene i VGs matb\u00f8rs kan v\u00e6re endret etter kj\u00f8psdato.<\/p>\n<p class=\"_paragraph_o9xde_4 _paragraph_xtcu6_10 _paragraph_16v91_10 layout-component text-serif-m layout-normal text-sans-m layout-padded\">\u25cf Matvarene i VGs matb\u00f8rs gis til Matsentralen i Oslo etter publisering.<\/p>\n<p>Vis mer    <\/p>\n","protected":false},"excerpt":{"rendered":"Etter et par \u00abmagre\u00bb resultater er Rema 1000 tilbake p\u00e5 toppen av VGs matb\u00f8rs. \u00c5rets sjekk av lavpriskjedenes&hellip;\n","protected":false},"author":2,"featured_media":105616,"comment_status":"","ping_status":"","sticky":false,"template":"","format":"standard","meta":{"footnotes":""},"categories":[56],"tags":[60,1790,61,9242,1229,62,30,28,29],"class_list":{"0":"post-105615","1":"post","2":"type-post","3":"status-publish","4":"format-standard","5":"has-post-thumbnail","7":"category-naeringsliv","8":"tag-business","9":"tag-butikker","10":"tag-economy","11":"tag-julemat","12":"tag-matpriser","13":"tag-naeringsliv","14":"tag-no","15":"tag-norge","16":"tag-norway"},"share_on_mastodon":{"url":"https:\/\/pubeurope.com\/@no\/115671852941761426","error":""},"_links":{"self":[{"href":"https:\/\/www.europesays.com\/no\/wp-json\/wp\/v2\/posts\/105615","targetHints":{"allow":["GET"]}}],"collection":[{"href":"https:\/\/www.europesays.com\/no\/wp-json\/wp\/v2\/posts"}],"about":[{"href":"https:\/\/www.europesays.com\/no\/wp-json\/wp\/v2\/types\/post"}],"author":[{"embeddable":true,"href":"https:\/\/www.europesays.com\/no\/wp-json\/wp\/v2\/users\/2"}],"replies":[{"embeddable":true,"href":"https:\/\/www.europesays.com\/no\/wp-json\/wp\/v2\/comments?post=105615"}],"version-history":[{"count":0,"href":"https:\/\/www.europesays.com\/no\/wp-json\/wp\/v2\/posts\/105615\/revisions"}],"wp:featuredmedia":[{"embeddable":true,"href":"https:\/\/www.europesays.com\/no\/wp-json\/wp\/v2\/media\/105616"}],"wp:attachment":[{"href":"https:\/\/www.europesays.com\/no\/wp-json\/wp\/v2\/media?parent=105615"}],"wp:term":[{"taxonomy":"category","embeddable":true,"href":"https:\/\/www.europesays.com\/no\/wp-json\/wp\/v2\/categories?post=105615"},{"taxonomy":"post_tag","embeddable":true,"href":"https:\/\/www.europesays.com\/no\/wp-json\/wp\/v2\/tags?post=105615"}],"curies":[{"name":"wp","href":"https:\/\/api.w.org\/{rel}","templated":true}]}}