{"id":105617,"date":"2025-12-06T09:12:12","date_gmt":"2025-12-06T09:12:12","guid":{"rendered":"https:\/\/www.europesays.com\/no\/105617\/"},"modified":"2025-12-06T09:12:12","modified_gmt":"2025-12-06T09:12:12","slug":"ukraina-lviv-massivt-angrep-mot-ukrainske-byer-11-ar-gammel-gutt-blant-de-skadde","status":"publish","type":"post","link":"https:\/\/www.europesays.com\/no\/105617\/","title":{"rendered":"Ukraina, Lviv | Massivt angrep mot ukrainske byer \u2013 11 \u00e5r gammel gutt blant de skadde"},"content":{"rendered":"\n<p>Russland gjennomf\u00f8rte et nytt stort angrep mot flere ukrainske byer natt til 6. desember, melder <a href=\"https:\/\/kyivindependent.com\/at-least-3-injured-in-russian-missile-drone-strikes-on-kyiv-oblast\/\" rel=\"Follow nofollow noopener\" target=\"_blank\">The Kyiv Independent <\/a>l\u00f8rdag.<\/p>\n<p>Kyiv-regionen var blant stedene som ble rammet. Her sier Ukrainas luftforsvar at russiske styrker avfyrte en rekke missiler og et titall droner. Minst tre personer er skadet i Kyiv oblast.<\/p>\n<p>The Kyiv Independent melder at flyalarmen gikk over hele landet, angivelig fordi russiske MiG-34K-fly var i luften. Disse er i stand til \u00e5 b\u00e6re Kinzhal-missiler.<\/p>\n<p>Dronealarmen gikk ogs\u00e5 s\u00e5 langt vest som i Lviv oblast, melder The Kyiv Independent.<\/p>\n<p>Det ble meldt om eksplosjoner i Poltava, Lutsk, Odessa, Zaporizjzja og Bila Tserkva under angrepene.<\/p>\n<p><b>Les ogs\u00e5: <a class=\"simple-relation related-teaser article--c-eRUmMG article--c-eRUmMG-fZoQSp-design-nettavisen article--c-eRUmMG-gwthdJ-cv\" href=\"https:\/\/www.nettavisen.no\/forsokte-a-bli-enige-om-fryste-russiske-verdier-fortsetter-samtalene\/s\/5-95-2765961\" rel=\"nofollow noopener\" target=\"_blank\">Fors\u00f8kte \u00e5 bli enige om fryste russiske verdier: \u2013 Fortsetter samtalene<\/a><\/b><\/p>\n<p>Dnipropetrovsk: Skj\u00f8t ned 40 droner<\/p>\n<p>I Dnipropetrovsk oblast i det sentrale Ukraina er det meldt om et omfattende angrep. Luftforsvaret skal her ha skutt ned 40 russiske droner gjennom natten, melder ukrainske <a href=\"https:\/\/www.pravda.com.ua\/eng\/news\/2025\/12\/06\/8010631\/\" rel=\"Follow nofollow noopener\" target=\"_blank\">Pravda<\/a>.<\/p>\n<p>En 11 \u00e5r gammel gutt ble skadet i byen Nikopol, melder lederen for milit\u00e6radministrasjonen i regionen, <a href=\"https:\/\/t.me\/dnipropetrovskaODA\/26123\" rel=\"nofollow\">Vladyslav Haivanenko<\/a> p\u00e5 Telegram.<\/p>\n<p>I Fastiv, 60 kilometer s\u00f8rvest for Kyiv sentrum, ble en 42 \u00e5r gammel mann rammet av granatsplinter, melder guvern\u00f8ren i Kyiv oblast, Mykola Kalashnyk.<\/p>\n<p>Ukrzaliznytsia, det ukrainske jernbaneselskapet, <a href=\"https:\/\/t.me\/UkrzalInfo\/7495\" rel=\"nofollow\">melder om <\/a>angrep p\u00e5 knutepunktet Fastiv og om \u00f8deleggelser p\u00e5 vognmateriell. Det er ikke meldt om personskader.<\/p>\n<p>    Vil du se neste video?<\/p>\n<p>    <a href=\"https:\/\/www.nettavisen.no\/nyheter\/dronefabrikk-i-kyiv-ble-truffet-av-russisk-droneangrep-midt-pa-natta\/v\/5-95-2741746\" class=\"recommend-poster\" data-adp-clicklabel=\"video-recommend\" data-adp-clickvalue=\"poster\" rel=\"nofollow noopener\" target=\"_blank\"><br \/>\n      <img decoding=\"async\" width=\"200\" height=\"200\" loading=\"lazy\" src=\"https:\/\/www.europesays.com\/no\/wp-content\/uploads\/2025\/12\/25-11-04+SkyAssist+Igor.jpg\" alt=\"\" class=\"brick-c-cFOWSL\" style=\"--brick-image-ratio: 200 \/ 200;\"\/><\/p>\n<p>P\u00e5f\u00f8rt Putin enorme tap: Millioner p\u00e5 millioner1:59<\/p>\n<p>    <\/a><\/p>\n<p>        Den ukrainske etterretningstjenesten har sluppet video som skal vise spesialstyrker ta ut flere russiske m\u00e5l p\u00e5 den okkuperte Krim-Halv\u00f8ya.<br \/>\n        Fortsetter samtalene i Florida<\/p>\n<p>Amerikanske og ukrainske tjenestemenn har hatt m\u00f8te i Florida for andre dag p\u00e5 rad, opplyser det amerikanske utenriksdepartementet. I dag, l\u00f8rdag, fortsetter m\u00f8tevirksomheten for tredje dag p\u00e5 rad. USAs spesialutsending Steve Witkoff og Ukrainas sjefforhandler Rustem Umerov leder delegasjonene. Det melder NTB.<\/p>\n","protected":false},"excerpt":{"rendered":"Russland gjennomf\u00f8rte et nytt stort angrep mot flere ukrainske byer natt til 6. desember, melder The Kyiv Independent&hellip;\n","protected":false},"author":2,"featured_media":105618,"comment_status":"","ping_status":"","sticky":false,"template":"","format":"standard","meta":{"footnotes":""},"categories":[12],"tags":[20,21,24,25,15,22,23,13,30,28,29,14,16,26,27,42,43,44,45],"class_list":{"0":"post-105617","1":"post","2":"type-post","3":"status-publish","4":"format-standard","5":"has-post-thumbnail","7":"category-verden","8":"tag-breaking-news","9":"tag-breakingnews","10":"tag-featured-news","11":"tag-featurednews","12":"tag-headlines","13":"tag-latest-news","14":"tag-latestnews","15":"tag-news","16":"tag-no","17":"tag-norge","18":"tag-norway","19":"tag-nyheter","20":"tag-overskrifter","21":"tag-top-stories","22":"tag-topstories","23":"tag-verden","24":"tag-world","25":"tag-world-news","26":"tag-worldnews"},"share_on_mastodon":{"url":"https:\/\/pubeurope.com\/@no\/115671855876992960","error":""},"_links":{"self":[{"href":"https:\/\/www.europesays.com\/no\/wp-json\/wp\/v2\/posts\/105617","targetHints":{"allow":["GET"]}}],"collection":[{"href":"https:\/\/www.europesays.com\/no\/wp-json\/wp\/v2\/posts"}],"about":[{"href":"https:\/\/www.europesays.com\/no\/wp-json\/wp\/v2\/types\/post"}],"author":[{"embeddable":true,"href":"https:\/\/www.europesays.com\/no\/wp-json\/wp\/v2\/users\/2"}],"replies":[{"embeddable":true,"href":"https:\/\/www.europesays.com\/no\/wp-json\/wp\/v2\/comments?post=105617"}],"version-history":[{"count":0,"href":"https:\/\/www.europesays.com\/no\/wp-json\/wp\/v2\/posts\/105617\/revisions"}],"wp:featuredmedia":[{"embeddable":true,"href":"https:\/\/www.europesays.com\/no\/wp-json\/wp\/v2\/media\/105618"}],"wp:attachment":[{"href":"https:\/\/www.europesays.com\/no\/wp-json\/wp\/v2\/media?parent=105617"}],"wp:term":[{"taxonomy":"category","embeddable":true,"href":"https:\/\/www.europesays.com\/no\/wp-json\/wp\/v2\/categories?post=105617"},{"taxonomy":"post_tag","embeddable":true,"href":"https:\/\/www.europesays.com\/no\/wp-json\/wp\/v2\/tags?post=105617"}],"curies":[{"name":"wp","href":"https:\/\/api.w.org\/{rel}","templated":true}]}}