{"id":105619,"date":"2025-12-06T09:13:29","date_gmt":"2025-12-06T09:13:29","guid":{"rendered":"https:\/\/www.europesays.com\/no\/105619\/"},"modified":"2025-12-06T09:13:29","modified_gmt":"2025-12-06T09:13:29","slug":"tar-av-ikke-nok-til-alle","status":"publish","type":"post","link":"https:\/\/www.europesays.com\/no\/105619\/","title":{"rendered":"Tar av: Ikke nok til alle"},"content":{"rendered":"<p>    Kort fortalt<\/p>\n<p lang=\"nb-NO\">R\u00f8rosmeieriet opplever en av sine mest positive perioder siden oppstart.<\/p>\n<p lang=\"nb-NO\">Veksten har akselerert de siste to \u00e5ra, med \u00f8kt interesse denne h\u00f8sten.<\/p>\n<p lang=\"nb-NO\">Debatten om metanhemmeren Bovaer har forsterket interessen for \u00f8kologiske produkter.<\/p>\n<p lang=\"nb-NO\">Bendixvold mener regelverket b\u00f8r tilpasses for \u00e5 m\u00f8te ettersp\u00f8rselen etter \u00f8kologisk melk.<\/p>\n<p class=\"italic ai-disclaimer\" data-lab-italic=\"italic\">Sammendraget er laget av ChatGPT og godkjent av B\u00f8rsen.<\/p>\n<p>      Vis mer<br \/>\n      Vis mindre<\/p>\n<p>R\u00f8rosmeieriet melder om en av sine mest positive perioder siden oppstart.\u00a0<\/p>\n<p>Etter flere \u00e5r med jevn vekst, har utviklingen de to siste \u00e5ra skutt fart.<\/p>\n<p>Denne h\u00f8sten, hvor metanhemmeren Bovaer har skapt full splid, har interessen eksplodert.<\/p>\n<p>Mandag fortalte NorgesGruppen, som eier blant annet Kiwi, Meny og Joker, at <a href=\"https:\/\/www.dagbladet.no\/nyheter\/salget-har-eksplodert\/83925628\" rel=\"nofollow noopener\" target=\"_blank\">salget av R\u00f8ros-melk har \u00f8kt hele 30 prosent den siste tida<\/a>.<\/p>\n<p class=\"font-weight-bold m-font-weight-bold\" data-lab-font_weight=\"font-weight-bold\"> Selskapets kommersielle leder, Kristin Bendixvold, sier til Dagbladet at selskapet ikke f\u00e5r nok melk til \u00e5 dekke den store ettersp\u00f8rselen. <\/p>\n<p>    <a itemprop=\"url\" href=\"https:\/\/borsen.dagbladet.no\/nyheter\/fra-bygdemjolk-til-kjendismelk\/82641505\" rel=\"nofollow noopener\" target=\"_blank\"><\/p>\n<p>      <img loading=\"lazy\" decoding=\"async\" src=\"https:\/\/www.europesays.com\/no\/wp-content\/uploads\/2025\/12\/1765012394_669_82642646.webp\" width=\"980\" height=\"441\" title=\"Fra bygdemj\u00f8lk til kjendismelk\" alt=\"\" class=\"lazyload\" style=\"--aspect-ratio-image: 2.22; \"\/><\/p>\n<p>        Fra bygdemj\u00f8lk til kjendismelk<\/p>\n<p>    <\/a><\/p>\n<p>Bevisste kunder\t<\/p>\n<p>Hun sier at meieriet lenge har jobbet med \u00e5 gj\u00f8re produktene kjent, mens trenden har utviklet seg i deres fav\u00f8r.<\/p>\n<p>&#8211; Naturlig-trenden, hvor forbrukere er blitt mer opptatt av blant annet helfete meieriprodukter, produkter uten kunstige tilsetningsstoffer og prosesseringsgrad, gj\u00f8r nok at flere forbrukere setter ekstra pris p\u00e5 produktene v\u00e5re, sier Bendixvold til Dagbladet B\u00f8rsen.<\/p>\n<p>          <img loading=\"lazy\" decoding=\"async\" src=\"https:\/\/www.europesays.com\/no\/wp-content\/uploads\/2025\/12\/83933441.webp\" width=\"686\" height=\"563\" title=\"FORN\u00d8YD: Kommersiell leder i R\u00f8rosmeieriet, Kristin Bendixvold. Foto: Nina Hansen \/ Dagbladet\" alt=\"\" class=\"\" style=\"--aspect-ratio-image: 1.22; \"\/><\/p>\n<p>\n          FORN\u00d8YD: Kommersiell leder i R\u00f8rosmeieriet, Kristin Bendixvold. Foto: Nina Hansen \/ Dagbladet\n      <\/p>\n<p>Hun understreker at R\u00f8rosmeieriet som hel\u00f8kologisk meieri er opptatt av \u00e5 behandle den \u00f8kologiske r\u00e5varen s\u00e5 sk\u00e5nsomt som mulig for \u00e5 bevare smaken.<\/p>\n<p>H\u00f8stens debatt om metanhemmeren Bovaer, som da alts\u00e5 R\u00f8rosmeieriet holder seg langt unna, har skapt et tydelig skille i markedet.\u00a0<\/p>\n<p><a href=\"https:\/\/www.dagbladet.no\/nyheter\/stanser-bruk-umiddelbart\/83840572\" rel=\"nofollow noopener\" target=\"_blank\">Tine har f\u00e5tt hard medfart for \u00e5 ha brukt Bovaer &#8211; men i november ble det full stopp <\/a>etter flere rapporter om syke kyr i Danmark.\u00a0<\/p>\n<p>    <a itemprop=\"url\" href=\"https:\/\/www.dagbladet.no\/nyheter\/stanser-bruk-umiddelbart\/83840572\" rel=\"nofollow noopener\" target=\"_blank\"><\/p>\n<p>      <img loading=\"lazy\" decoding=\"async\" src=\"https:\/\/www.europesays.com\/no\/wp-content\/uploads\/2025\/12\/1765012398_984_83840696.webp\" width=\"980\" height=\"441\" title=\"Bovaer: Stanser bruk umiddelbart\" alt=\"\" class=\"lazyload\" style=\"--aspect-ratio-image: 2.22; \"\/><\/p>\n<p>        Bovaer: Stanser bruk umiddelbart<\/p>\n<p>    <\/a><\/p>\n<p> Tine har presisert overfor Dagbladet at stansen kun er midlertidig, og at de avventer n\u00e6rmere avklaringer fra Danmark. <\/p>\n<p> Danmark har testet metanhemmere mer omfattende enn noe annet europeisk land, og har kommet lengst i utpr\u00f8vingen. <\/p>\n<p>Norge ligger betydelig bak, med langt f\u00e6rre g\u00e5rder &#8211; rundt 70 &#8211; som har testet metanhemmere, samt kortere erfaring med tilsetningen. <\/p>\n<p>          <img loading=\"lazy\" decoding=\"async\" src=\"https:\/\/www.europesays.com\/no\/wp-content\/uploads\/2025\/12\/83933395.webp\" width=\"980\" height=\"559\" title=\"HVITT GULL: Helmelk fra R\u00f8rosmeieriet produseres dag og natt. Foto: Nina Hansen \/ Dagbladet\" alt=\"\" class=\"\" style=\"--aspect-ratio-image: 1.75; \"\/><\/p>\n<p>\n          HVITT GULL: Helmelk fra R\u00f8rosmeieriet produseres dag og natt. Foto: Nina Hansen \/ Dagbladet\n      <\/p>\n<p>Bendixvold sier at R\u00f8rosmeieriet hadde solid vekst lenge f\u00f8r debatten, men merker at diskusjonen i h\u00f8st har forsterket interessen.<\/p>\n<p class=\"font-weight-bold m-font-weight-bold\" data-lab-font_weight=\"font-weight-bold\">&#8211; Det kan nok skyldes flere ting, men vi tror Bovaer-diskusjonen har bidratt til ytterligere vekst n\u00e5 i h\u00f8st. I \u00f8kologisk drift og produksjon er ikke kunstige eller syntetisk framstilte stoffer tillatt, sier hun.<\/p>\n<p>    <a itemprop=\"url\" href=\"https:\/\/www.dagbladet.no\/nyheter\/krever-stans-kan-bli-oppror\/83869217\" rel=\"nofollow noopener\" target=\"_blank\"><\/p>\n<p>      <img loading=\"lazy\" decoding=\"async\" src=\"https:\/\/www.europesays.com\/no\/wp-content\/uploads\/2025\/12\/1765012402_887_83844653.webp\" width=\"980\" height=\"441\" title=\"Krever stans: - Kan bli oppr\u00f8r\" alt=\"\" class=\"lazyload\" style=\"--aspect-ratio-image: 2.22; \"\/><\/p>\n<p>        Krever stans: &#8211; Kan bli oppr\u00f8r<\/p>\n<p>    <\/a><\/p>\n<p>Nesten tomt\t<\/p>\n<p>Meieriet kj\u00f8per all sin r\u00e5vare fra Norsk Melker\u00e5vare, som eies av Tine.<\/p>\n<p>Ved innhenting av melk er det satt opp egne ruter som bare henter melk fra \u00f8kologiske besetninger.\u00a0<\/p>\n<p>\u00d8kologisk og s\u00e5kalt\u00a0konvensjonell melk\u00a0blir aldri blandet i samme tank.\u00a0<\/p>\n<p>Da Dagbladet mandag svingte innom en Kiwi-butikk i hovedstaden, var det nesten tomt for R\u00f8ros-melk.<\/p>\n<p>&#8211; Vi skulle selvsagt helst sett at forbrukerne hadde m\u00f8tt fulle hyller, men slik situasjonen er n\u00e5, s\u00e5 er ettersp\u00f8rselen etter \u00f8kologisk melk fra R\u00f8rosmeieriet st\u00f8rre enn hva det finnes \u00f8kologisk r\u00e5vare tilgjengelig, sier hun.<\/p>\n<p>          <img loading=\"lazy\" decoding=\"async\" src=\"https:\/\/www.europesays.com\/no\/wp-content\/uploads\/2025\/12\/83933551.webp\" width=\"686\" height=\"515\" title=\"HULROM: Det var nesten tomt for R\u00f8ros-melk p\u00e5 Kiwi i Sandakerveien i Oslo mandag. Foto: Siri \u00c5b\u00f8 Wiersen \/ Dagbladet\" alt=\"\" class=\"\" style=\"--aspect-ratio-image: 1.33; \"\/><\/p>\n<p>\n          HULROM: Det var nesten tomt for R\u00f8ros-melk p\u00e5 Kiwi i Sandakerveien i Oslo mandag. Foto: Siri \u00c5b\u00f8 Wiersen \/ Dagbladet\n      <\/p>\n<p class=\"font-weight-normal m-font-weight-normal\" data-lab-font_weight=\"font-weight-normal\">Til tross for den voldsomme oppturen, bekymrer utsiktene for 2026 meieriet.<\/p>\n<p class=\"font-weight-normal m-font-weight-normal\" data-lab-font_weight=\"font-weight-normal\">Bendixvold peker p\u00e5 at regjeringen har varslet lavere melkekvoter neste \u00e5r for \u00e5 redusere overproduksjon av konvensjonell melk.\u00a0<\/p>\n<p>    <a itemprop=\"url\" href=\"https:\/\/www.dagbladet.no\/nyheter\/vedums-frokostbilde-vekker-harme\/83821933\" rel=\"nofollow noopener\" target=\"_blank\"><\/p>\n<p>      <img loading=\"lazy\" decoding=\"async\" src=\"https:\/\/www.europesays.com\/no\/wp-content\/uploads\/2025\/12\/1765012405_324_83832473.webp\" width=\"579\" height=\"359\" title=\"Vedums frokostbilde vekker harme\" alt=\"\" class=\"lazyload\" style=\"--aspect-ratio-image: 1.61; \"\/><\/p>\n<p>        Vedums frokostbilde vekker harme<\/p>\n<p>    <\/a><\/p>\n<p>Dette rammer ogs\u00e5 \u00f8kologisk melk, til tross for at det allerede er underskudd i markedet.<\/p>\n<p>&#8211; N\u00e5r det er for mye konvensjonell melk i markedet, settes kvoten ned for alle, selv om det er for lite \u00f8kologisk melk i markedet til \u00e5 dekke ettersp\u00f8rselen, sier hun.<\/p>\n<p>          <img loading=\"lazy\" decoding=\"async\" src=\"https:\/\/www.europesays.com\/no\/wp-content\/uploads\/2025\/12\/1765012407_930_82642646.webp\" width=\"980\" height=\"559\" title=\"MANGE TYPER: P\u00e5 selskapets meieriutsalg selges det en lang rekke melketyper. Foto: Nina Hansen \/ Dagbladet\" alt=\"\" class=\"\" style=\"--aspect-ratio-image: 1.75; \"\/><\/p>\n<p>\n          MANGE TYPER: P\u00e5 selskapets meieriutsalg selges det en lang rekke melketyper. Foto: Nina Hansen \/ Dagbladet\n      <\/p>\n<p>Regjeringen har et m\u00e5l om ti prosent \u00ab\u00f8kologisk areal\u00bb innen 2032.\u00a0<\/p>\n<p>Bendixvold mener at verkt\u00f8ykassen ikke er rigget for \u00e5 m\u00f8te ettersp\u00f8rselen som n\u00e5 faktisk finnes.<\/p>\n<p>&#8211; N\u00e5r man ikke dekker ettersp\u00f8rselen etter \u00f8kologisk i dag, burde man parallelt med langsiktige tiltak se p\u00e5 muligheter som kan gi mer \u00f8kologisk melk ogs\u00e5 p\u00e5 kort sikt, p\u00e5peker hun.\u00a0<\/p>\n<p>          <img loading=\"lazy\" decoding=\"async\" src=\"https:\/\/www.europesays.com\/no\/wp-content\/uploads\/2025\/12\/83933396.webp\" width=\"980\" height=\"559\" title=\"SJEFEN SJ\u00d8L: Meieribestyrer Trond Wilhelm Lund. Foto: Nina Hansen \/ Dagbladet\" alt=\"\" class=\"\" style=\"--aspect-ratio-image: 1.75; \"\/><\/p>\n<p>\n          SJEFEN SJ\u00d8L: Meieribestyrer Trond Wilhelm Lund. Foto: Nina Hansen \/ Dagbladet\n      <\/p>\n<p>B\u00f8ndene m\u00e5 betale hvis de produserer mer\t<\/p>\n<p>Et enkelt grep er \u00e5 fjerne overproduksjonsavgiften p\u00e5 \u00f8kologisk melk i perioder hvor det er underskudd, mener hun.\u00a0<\/p>\n<p>&#8211; I dag m\u00e5 b\u00f8nder som produserer mer enn kvoten, betale en avgift p\u00e5 4,90 kroner per liter, sier hun.<\/p>\n<p>Hun peker p\u00e5 at regelverket ikke skiller mellom driftsformer, selv om forbrukerne gj\u00f8r nettopp det.<\/p>\n<p class=\"font-weight-bold m-font-weight-bold\" data-lab-font_weight=\"font-weight-bold\">&#8211; Vi synes det er en svakhet at dagens regelverk ikke skiller p\u00e5 ulike typer melk. Konvensjonell og \u00f8kologisk drift er to ulike driftsformer, og forbruker oppfatter dette som to ulike produkter. Melk er ikke lenger melk, sier Bendixvold.<\/p>\n","protected":false},"excerpt":{"rendered":"Kort fortalt R\u00f8rosmeieriet opplever en av sine mest positive perioder siden oppstart. Veksten har akselerert de siste to&hellip;\n","protected":false},"author":2,"featured_media":105620,"comment_status":"","ping_status":"","sticky":false,"template":"","format":"standard","meta":{"footnotes":""},"categories":[10],"tags":[20,21,24,25,15,2539,22,23,13,30,28,29,14,16,26,27],"class_list":{"0":"post-105619","1":"post","2":"type-post","3":"status-publish","4":"format-standard","5":"has-post-thumbnail","7":"category-norge","8":"tag-breaking-news","9":"tag-breakingnews","10":"tag-featured-news","11":"tag-featurednews","12":"tag-headlines","13":"tag-innenriks","14":"tag-latest-news","15":"tag-latestnews","16":"tag-news","17":"tag-no","18":"tag-norge","19":"tag-norway","20":"tag-nyheter","21":"tag-overskrifter","22":"tag-top-stories","23":"tag-topstories"},"share_on_mastodon":{"url":"https:\/\/pubeurope.com\/@no\/115671859783983768","error":""},"_links":{"self":[{"href":"https:\/\/www.europesays.com\/no\/wp-json\/wp\/v2\/posts\/105619","targetHints":{"allow":["GET"]}}],"collection":[{"href":"https:\/\/www.europesays.com\/no\/wp-json\/wp\/v2\/posts"}],"about":[{"href":"https:\/\/www.europesays.com\/no\/wp-json\/wp\/v2\/types\/post"}],"author":[{"embeddable":true,"href":"https:\/\/www.europesays.com\/no\/wp-json\/wp\/v2\/users\/2"}],"replies":[{"embeddable":true,"href":"https:\/\/www.europesays.com\/no\/wp-json\/wp\/v2\/comments?post=105619"}],"version-history":[{"count":0,"href":"https:\/\/www.europesays.com\/no\/wp-json\/wp\/v2\/posts\/105619\/revisions"}],"wp:featuredmedia":[{"embeddable":true,"href":"https:\/\/www.europesays.com\/no\/wp-json\/wp\/v2\/media\/105620"}],"wp:attachment":[{"href":"https:\/\/www.europesays.com\/no\/wp-json\/wp\/v2\/media?parent=105619"}],"wp:term":[{"taxonomy":"category","embeddable":true,"href":"https:\/\/www.europesays.com\/no\/wp-json\/wp\/v2\/categories?post=105619"},{"taxonomy":"post_tag","embeddable":true,"href":"https:\/\/www.europesays.com\/no\/wp-json\/wp\/v2\/tags?post=105619"}],"curies":[{"name":"wp","href":"https:\/\/api.w.org\/{rel}","templated":true}]}}