{"id":105625,"date":"2025-12-06T09:20:12","date_gmt":"2025-12-06T09:20:12","guid":{"rendered":"https:\/\/www.europesays.com\/no\/105625\/"},"modified":"2025-12-06T09:20:12","modified_gmt":"2025-12-06T09:20:12","slug":"frosne-russiske-midler-ursula-von-der-leyen","status":"publish","type":"post","link":"https:\/\/www.europesays.com\/no\/105625\/","title":{"rendered":"Frosne russiske midler, Ursula von der Leyen"},"content":{"rendered":"\n<p>EU-kommisjonens leder Ursula von der Leyen har hatt det hun beskriver som konstruktive Ukraina-samtaler med Tysklands forbundskansler og Belgias statsminister.<\/p>\n<p>\u2013 Vi er enige om at dette er et avgj\u00f8rende tidspunkt, sett i lys av den n\u00e5v\u00e6rende aktuelle geopolitiske situasjonen, skriver EU-lederen i <a href=\"https:\/\/x.com\/vonderleyen\/status\/1997052772055974056\" rel=\"nofollow\">et innlegg p\u00e5 X<\/a>.<\/p>\n<p>Hun skriver videre at man er enig i at \u00f8konomisk st\u00f8tte til Ukraina er viktig for europeisk sikkerhet, og skriver:<\/p>\n<p>\u2013 Vi hadde en meget konstruktivt utveksling om denne saken.<\/p>\n<p>\u2013 Vi er enige om \u00e5 fortsette samtalene. M\u00e5let er \u00e5 enes p\u00e5 m\u00f8tet i Det europeiske r\u00e5d 18. desember, skriver von der Leyen, som peker p\u00e5 Belgias spesielle rolle.<\/p>\n<p><b>Les ogs\u00e5: <a class=\"simple-relation related-teaser article--c-eRUmMG article--c-eRUmMG-fZoQSp-design-nettavisen article--c-eRUmMG-gwthdJ-cv\" href=\"https:\/\/www.nettavisen.no\/belgias-statsminister-vi-vil-ikke-ta-pa-oss-en-uansvarlig-risiko\/s\/5-95-2763623\" rel=\"nofollow noopener\" target=\"_blank\">Belgias statsminister: \u2013 Vi vil ikke ta p\u00e5 oss en uansvarlig risiko<\/a><\/b><\/p>\n<p>Mesteparten av de fryste russiske verdiene befinner seg i en finansinstitusjon i Belgia, og belgiske myndigheter er kritisk til planen. De frykter konsekvensene hvis EU tar kontroll over midlene og bruker dem som sikkerhet for et stort l\u00e5n til Ukraina.<\/p>\n<p>Tysklands forbundskansler Friedrich Merz skulle fredag egentlig p\u00e5 sitt f\u00f8rste offisielle bes\u00f8k i Norge og m\u00f8te statsminister Jonas Gahr St\u00f8re (Ap) og kong Harald. I stedet reiste han til Belgia for sammen med von der Leyen \u00e5 pr\u00f8ve \u00e5 overbevise statsminister Bart De Wever om \u00e5 godta EU-planen.<\/p>\n<p>Samme dag skrev Bloomberg og Financial Times at USA skal ha fors\u00f8kt \u00e5 overtale EU-land til \u00e5 droppe planen. USAs syn er angivelig at de fryste midlene trengs for \u00e5 f\u00e5 p\u00e5 plass en fredsavtale, og at de ikke b\u00f8r brukes til \u00e5 forlenge Ukraina-krigen.<\/p>\n<p>Russland har advart og sagt at EUs plan er tyveri og vil f\u00e5 store konsekvenser.<\/p>\n<p>(\u00a9NTB)<\/p>\n","protected":false},"excerpt":{"rendered":"EU-kommisjonens leder Ursula von der Leyen har hatt det hun beskriver som konstruktive Ukraina-samtaler med Tysklands forbundskansler og&hellip;\n","protected":false},"author":2,"featured_media":105626,"comment_status":"","ping_status":"","sticky":false,"template":"","format":"standard","meta":{"footnotes":""},"categories":[12],"tags":[20,21,24,25,15,22,23,13,30,28,29,14,16,26,27,42,43,44,45],"class_list":{"0":"post-105625","1":"post","2":"type-post","3":"status-publish","4":"format-standard","5":"has-post-thumbnail","7":"category-verden","8":"tag-breaking-news","9":"tag-breakingnews","10":"tag-featured-news","11":"tag-featurednews","12":"tag-headlines","13":"tag-latest-news","14":"tag-latestnews","15":"tag-news","16":"tag-no","17":"tag-norge","18":"tag-norway","19":"tag-nyheter","20":"tag-overskrifter","21":"tag-top-stories","22":"tag-topstories","23":"tag-verden","24":"tag-world","25":"tag-world-news","26":"tag-worldnews"},"share_on_mastodon":{"url":"https:\/\/pubeurope.com\/@no\/115671887103025247","error":""},"_links":{"self":[{"href":"https:\/\/www.europesays.com\/no\/wp-json\/wp\/v2\/posts\/105625","targetHints":{"allow":["GET"]}}],"collection":[{"href":"https:\/\/www.europesays.com\/no\/wp-json\/wp\/v2\/posts"}],"about":[{"href":"https:\/\/www.europesays.com\/no\/wp-json\/wp\/v2\/types\/post"}],"author":[{"embeddable":true,"href":"https:\/\/www.europesays.com\/no\/wp-json\/wp\/v2\/users\/2"}],"replies":[{"embeddable":true,"href":"https:\/\/www.europesays.com\/no\/wp-json\/wp\/v2\/comments?post=105625"}],"version-history":[{"count":0,"href":"https:\/\/www.europesays.com\/no\/wp-json\/wp\/v2\/posts\/105625\/revisions"}],"wp:featuredmedia":[{"embeddable":true,"href":"https:\/\/www.europesays.com\/no\/wp-json\/wp\/v2\/media\/105626"}],"wp:attachment":[{"href":"https:\/\/www.europesays.com\/no\/wp-json\/wp\/v2\/media?parent=105625"}],"wp:term":[{"taxonomy":"category","embeddable":true,"href":"https:\/\/www.europesays.com\/no\/wp-json\/wp\/v2\/categories?post=105625"},{"taxonomy":"post_tag","embeddable":true,"href":"https:\/\/www.europesays.com\/no\/wp-json\/wp\/v2\/tags?post=105625"}],"curies":[{"name":"wp","href":"https:\/\/api.w.org\/{rel}","templated":true}]}}