{"id":105631,"date":"2025-12-06T09:23:12","date_gmt":"2025-12-06T09:23:12","guid":{"rendered":"https:\/\/www.europesays.com\/no\/105631\/"},"modified":"2025-12-06T09:23:12","modified_gmt":"2025-12-06T09:23:12","slug":"hodebry-i-kulissene-sporlost-forsvunnet","status":"publish","type":"post","link":"https:\/\/www.europesays.com\/no\/105631\/","title":{"rendered":"Hodebry i kulissene: &#8211; Sporl\u00f8st forsvunnet"},"content":{"rendered":"<p>De norske h\u00e5ndballjentene har kj\u00f8rt over all motstand s\u00e5 langt i VM og er <a href=\"https:\/\/www.tv2.no\/sport\/h%C3%A5ndball\/norge-herjet-nadelose\/18356835\/\" target=\"_blank\" rel=\"nofollow noopener\">klare for kvartfinale.\u00a0<\/a><\/p>\n<p>Men for verdens beste h\u00e5ndballspiller har det oppst\u00e5tt et uromoment.<\/p>\n<p>Da laget skulle forflytte seg fra gruppespillet i Trier til hovedrunden i Dortmund p\u00e5 tirsdag, sendte de bagasjen dagen f\u00f8r.\u00a0<\/p>\n<p>\u2013 Vi hadde en tre timer lang busstur, og alt skulle g\u00e5 smooth, innleder Henny Reistad med.<\/p>\n<p>Men da de kom frem, var det noe som manglet.\u00a0<\/p>\n<p class=\"bold m-bold\" data-lab-font_weight=\"bold\">\u2013 Alle hadde f\u00e5tt bagasjen utenom meg. Vi fikk beskjed om \u00e5 stappe ned alt i bagen s\u00e5nn at vi hadde minst mulig \u00e5 reise med selv, sier\u00a0 landslagskapteinen til TV 2.\u00a0<\/p>\n<p>\u2013 S\u00e5 jeg har mista bagen min. Det er faktisk ganske kjipt, sier en fortvilet Reistad lattermildt fredag kveld.\u00a0<\/p>\n<p>Flere dager senere er det fortsatt ingen bag \u00e5 oppdrive.\u00a0<\/p>\n<p>\u2013\u00a0Det er ingen som vet hvor den er. Det virker ikke som den er hos noen lag eller hotell. Den er sporl\u00f8st forsvunnet.\u00a0<\/p>\n<p>Norges lagleder, Siv S\u00f8dal, forteller til TV 2 at det fortsatt jobbes med \u00e5 spore opp bagen til Reistad.<\/p>\n<p>\u2013 Teamguiden v\u00e5r og arrang\u00f8r har sjekket med hotellet i Trier og busstransporten. I tillegg har vi informert de andre lagene som mulig kan ha forvekslet eller uheldigvis tatt med bagen i sin transport, sier S\u00f8dal.<\/p>\n<p>        <img class=\"image__img lazyload\" itemprop=\"image\" title=\"Foto: Beate Oma Dahle \/ NTB\" alt=\"KVARTFINALE: Norge st\u00e5r med fem seire p\u00e5 fem kamper og er klare for kvartfinale i VM. Foto: Beate Oma Dahle \/ NTB\" width=\"978\" height=\"656\" bad-src=\"https:\/\/www.europesays.com\/no\/wp-content\/uploads\/2025\/12\/18357566.webp\" fetchpriority=\"auto\" \/><\/p>\n<p>      KVARTFINALE: Norge st\u00e5r med fem seire p\u00e5 fem kamper og er klare for kvartfinale i VM.<br \/>\n         Foto: Beate Oma Dahle \/ NTB<\/p>\n<p>Heldigvis f\u00e5r hun l\u00e5ne kl\u00e6r av blant annet Stine Skogrand, Kristine Breist\u00f8l og Nora M\u00f8rk.\u00a0<\/p>\n<p>\u2013\u00a0Vi m\u00e5 g\u00e5 med landslagst\u00f8y, og det f\u00e5r man ikke kj\u00f8pt noen steder. Heldigvis hadde jeg toalettmappe, sokker og undert\u00f8y. Men jeg m\u00e5tte ut og kj\u00f8pe shorts-bh-er her om dagen, forteller Reistad.\u00a0<\/p>\n<p class=\"italic m-italic\" data-lab-italic=\"italic\">\u2013 Hva savner du mest?<\/p>\n<p class=\"bold m-bold\" data-lab-font_weight=\"bold\">\u2013 B\u00e5de adventskalenderen fra mamma og adventskalenderen fra kj\u00e6resten min. Det er kjedelig. Det er litt sentimental verdi p\u00e5 det. Jeg fikk \u00e5pnet \u00e9n luke da, sier hun og ler.\u00a0<\/p>\n<p class=\"italic m-italic\" data-lab-italic=\"italic\">\u2013 Hvordan er det mulig \u00e5 miste \u00e9n bag?<\/p>\n<p>\u2013 Det er godt sp\u00f8rsm\u00e5l. Jeg m\u00e5 dele ut litt kritikk p\u00e5 at det g\u00e5r an. N\u00e5 f\u00e5r vi bare st\u00e5 i situasjonen.<\/p>\n<p>Og l\u00f8rdag morgen, etter denne artikkelen var publisert, tikket det inn en gladmelding.<\/p>\n<p>\u2013 Hennys bag er funnet, skriver landslagets mediesjef Halvor Lea til TV 2. <\/p>\n","protected":false},"excerpt":{"rendered":"De norske h\u00e5ndballjentene har kj\u00f8rt over all motstand s\u00e5 langt i VM og er klare for kvartfinale.\u00a0 Men&hellip;\n","protected":false},"author":2,"featured_media":105632,"comment_status":"","ping_status":"","sticky":false,"template":"","format":"standard","meta":{"footnotes":""},"categories":[59],"tags":[30,28,29,83,82],"class_list":{"0":"post-105631","1":"post","2":"type-post","3":"status-publish","4":"format-standard","5":"has-post-thumbnail","7":"category-sport","8":"tag-no","9":"tag-norge","10":"tag-norway","11":"tag-sport","12":"tag-sports"},"share_on_mastodon":{"url":"https:\/\/pubeurope.com\/@no\/115671898702665297","error":""},"_links":{"self":[{"href":"https:\/\/www.europesays.com\/no\/wp-json\/wp\/v2\/posts\/105631","targetHints":{"allow":["GET"]}}],"collection":[{"href":"https:\/\/www.europesays.com\/no\/wp-json\/wp\/v2\/posts"}],"about":[{"href":"https:\/\/www.europesays.com\/no\/wp-json\/wp\/v2\/types\/post"}],"author":[{"embeddable":true,"href":"https:\/\/www.europesays.com\/no\/wp-json\/wp\/v2\/users\/2"}],"replies":[{"embeddable":true,"href":"https:\/\/www.europesays.com\/no\/wp-json\/wp\/v2\/comments?post=105631"}],"version-history":[{"count":0,"href":"https:\/\/www.europesays.com\/no\/wp-json\/wp\/v2\/posts\/105631\/revisions"}],"wp:featuredmedia":[{"embeddable":true,"href":"https:\/\/www.europesays.com\/no\/wp-json\/wp\/v2\/media\/105632"}],"wp:attachment":[{"href":"https:\/\/www.europesays.com\/no\/wp-json\/wp\/v2\/media?parent=105631"}],"wp:term":[{"taxonomy":"category","embeddable":true,"href":"https:\/\/www.europesays.com\/no\/wp-json\/wp\/v2\/categories?post=105631"},{"taxonomy":"post_tag","embeddable":true,"href":"https:\/\/www.europesays.com\/no\/wp-json\/wp\/v2\/tags?post=105631"}],"curies":[{"name":"wp","href":"https:\/\/api.w.org\/{rel}","templated":true}]}}