{"id":105633,"date":"2025-12-06T09:26:16","date_gmt":"2025-12-06T09:26:16","guid":{"rendered":"https:\/\/www.europesays.com\/no\/105633\/"},"modified":"2025-12-06T09:26:16","modified_gmt":"2025-12-06T09:26:16","slug":"meny-deler-stor-nyhet-gjor-det-som-de-forste","status":"publish","type":"post","link":"https:\/\/www.europesays.com\/no\/105633\/","title":{"rendered":"MENY deler stor nyhet: Gj\u00f8r det som de f\u00f8rste"},"content":{"rendered":"<p>MENY tar n\u00e5 et grep som ingen andre dagligvarekjeder har gjort f\u00f8r \u2013 og det kan f\u00e5 stor betydning for b\u00e5de kunder og bransje.<\/p>\n<p>\t\t\tAkkurat n\u00e5 leser andre<\/p>\n<p>\t\t\t\t\t<a :href=\"https:\/\/www.dagens.no\/nyheter\/post.link\"><br \/>\n\t\t\t\t\t\t<img class=\"my-0 aspect-square h-full max-h-16 w-auto rounded object-cover hidden sm:block\" :src=\"https:\/\/www.dagens.no\/nyheter\/post.featured_media_url\" alt=\"\"\/><br \/>\n\t\t\t\t\t<\/a><\/p>\n<p>\t\t\t\t\t\t<a class=\"text-body-text group-hover:text-body-accent font-normal\" :href=\"https:\/\/www.dagens.no\/nyheter\/post.link\" x-html=\"post.title\"\/><\/p>\n<p>N\u00e5r man g\u00e5r gjennom norske dagligvarebutikker, m\u00f8ter man rekke p\u00e5 rekke med tilbud og lokkende kampanjer.<\/p>\n<p>Og n\u00e5 skjer det noe i Danmark som kan f\u00e5 stor betydning ogs\u00e5 her hjemme \u2013 for dersom utviklingen sprer seg nordover, kan norske kunder bli neste i k\u00f8en.<\/p>\n<p>Kjedene kjemper hardt om kundenes oppmerksomhet, enten det handler om pris, utvalg eller nye tjenester.<\/p>\n<p>Mange butikker pr\u00f8ver \u00e5 finne sm\u00e5 m\u00e5ter \u00e5 skille seg ut p\u00e5, selv om konkurransen bare blir t\u00f8ffere for hvert \u00e5r som g\u00e5r.<\/p>\n<p>N\u00e5 har det likevel skjedd noe som gj\u00f8r at \u00e9n av de store kjedene markerer seg med en helt ny milep\u00e6l.<\/p>\n<p>\t\t\tLes ogs\u00e5<\/p>\n<p>\t\t\t\t\t<a :href=\"https:\/\/www.dagens.no\/nyheter\/post.link\"><br \/>\n\t\t\t\t\t\t<img class=\"my-0 aspect-square h-full max-h-16 w-auto rounded object-cover hidden sm:block\" :src=\"https:\/\/www.dagens.no\/nyheter\/post.featured_media_url\" alt=\"\"\/><br \/>\n\t\t\t\t\t<\/a><\/p>\n<p>\t\t\t\t\t\t<a class=\"text-body-text group-hover:text-body-accent font-normal\" :href=\"https:\/\/www.dagens.no\/nyheter\/post.link\" x-html=\"post.title\"\/><\/p>\n<p>I g\u00e5r kveld vant dagligvarekjeden MENY en Effie-pris under \u00e5rets Advertising Effectiveness Awards.<\/p>\n<p>Effie regnes som den mest prestisjefylte prisen innen markedsf\u00f8ring p\u00e5 verdensbasis.<\/p>\n<p>Vinner ettertraktet pris<\/p>\n<p>Prisutdelingen hedrer reklamekampanjer p\u00e5 tvers av bransjer som har vist dokumentert effekt og skapt konkrete resultat for virksomhetene.<\/p>\n<p>I g\u00e5r kveld ble MENY k\u00e5ret i kategorien Social Good, og tok dermed plass i det eksklusive selskapet av Effie-vinnere \u2013 som den eneste norske dagligvarekjeden noensinne.<\/p>\n<p>Det storsl\u00e5tte awardshowet, som hvert \u00e5r samler toneangivende folk fra markedsf\u00f8ring, reklame og mediebransjen, ble arrangert p\u00e5 Axelborg i K\u00f8benhavn.<\/p>\n<p>\t\t\tLes ogs\u00e5<\/p>\n<p>\t\t\t\t\t<a :href=\"https:\/\/www.dagens.no\/nyheter\/post.link\"><br \/>\n\t\t\t\t\t\t<img class=\"my-0 aspect-square h-full max-h-16 w-auto rounded object-cover hidden sm:block\" :src=\"https:\/\/www.dagens.no\/nyheter\/post.featured_media_url\" alt=\"\"\/><br \/>\n\t\t\t\t\t<\/a><\/p>\n<p>\t\t\t\t\t\t<a class=\"text-body-text group-hover:text-body-accent font-normal\" :href=\"https:\/\/www.dagens.no\/nyheter\/post.link\" x-html=\"post.title\"\/><\/p>\n<p>Sammen med reklamebyr\u00e5et Marketsquare og mediebyr\u00e5et Hearts &amp; Science var MENY nominert i b\u00e5de retail- og social-good-kategoriene for markedsf\u00f8ringen av Danske Madskatte.<\/p>\n<p>Fra MENY stod Rikke Bangild, sjef for brand, marketing og lojalitet, p\u00e5 scenen sammen med Marketsquare og Hearts &amp; Science for \u00e5 ta imot prisen:<\/p>\n<p>\u201dSom ansvarlig for markedsf\u00f8ringen er Effie den prisen man dr\u00f8mmer om \u00e5 vinne. N\u00e5r man f\u00e5r en Effie, er det fordi man har kunnet dokumentere at markedsf\u00f8ring faktisk skaper konkrete resultater for virksomheten,\u201d sier Rikke Bangild.<\/p>\n<p>I en bransje som ellers er preget av kommunikasjon som i stor grad handler om pris, er hun stolt av at MENY og samarbeidspartnerne har turt \u00e5 g\u00e5 nye veier og skape kampanjen Danske Madskatte, som har engasjert kundene i merkevaren og en historie som handler om mer enn pris.<\/p>\n<p>\u201dKampanjen for Danske Madskatte har bevist at den b\u00e5de har styrket posisjonen v\u00e5r innen samfunnsansvar og samtidig bidratt til \u00f8kt salg i butikkene. For meg er det det ultimate \u2013 det viser at godt reklamearbeid faktisk gj\u00f8r en reell forskjell for forretningen v\u00e5r,\u201d sier hun.<\/p>\n<p>\t\t\tLes ogs\u00e5<\/p>\n<p>\t\t\t\t\t<a :href=\"https:\/\/www.dagens.no\/nyheter\/post.link\"><br \/>\n\t\t\t\t\t\t<img class=\"my-0 aspect-square h-full max-h-16 w-auto rounded object-cover hidden sm:block\" :src=\"https:\/\/www.dagens.no\/nyheter\/post.featured_media_url\" alt=\"\"\/><br \/>\n\t\t\t\t\t<\/a><\/p>\n<p>\t\t\t\t\t\t<a class=\"text-body-text group-hover:text-body-accent font-normal\" :href=\"https:\/\/www.dagens.no\/nyheter\/post.link\" x-html=\"post.title\"\/><\/p>\n<p>MENY-kjeden fyller 10 \u00e5r i \u00e5r, og Effie-prisen setter punktum for et jubileums\u00e5r fylt med ekstraordin\u00e6r heder og anerkjennelse.<\/p>\n","protected":false},"excerpt":{"rendered":"MENY tar n\u00e5 et grep som ingen andre dagligvarekjeder har gjort f\u00f8r \u2013 og det kan f\u00e5 stor&hellip;\n","protected":false},"author":2,"featured_media":54698,"comment_status":"","ping_status":"","sticky":false,"template":"","format":"standard","meta":{"footnotes":""},"categories":[56],"tags":[60,61,62,30,28,29],"class_list":{"0":"post-105633","1":"post","2":"type-post","3":"status-publish","4":"format-standard","5":"has-post-thumbnail","7":"category-naeringsliv","8":"tag-business","9":"tag-economy","10":"tag-naeringsliv","11":"tag-no","12":"tag-norge","13":"tag-norway"},"share_on_mastodon":{"url":"https:\/\/pubeurope.com\/@no\/115671910656403857","error":""},"_links":{"self":[{"href":"https:\/\/www.europesays.com\/no\/wp-json\/wp\/v2\/posts\/105633","targetHints":{"allow":["GET"]}}],"collection":[{"href":"https:\/\/www.europesays.com\/no\/wp-json\/wp\/v2\/posts"}],"about":[{"href":"https:\/\/www.europesays.com\/no\/wp-json\/wp\/v2\/types\/post"}],"author":[{"embeddable":true,"href":"https:\/\/www.europesays.com\/no\/wp-json\/wp\/v2\/users\/2"}],"replies":[{"embeddable":true,"href":"https:\/\/www.europesays.com\/no\/wp-json\/wp\/v2\/comments?post=105633"}],"version-history":[{"count":0,"href":"https:\/\/www.europesays.com\/no\/wp-json\/wp\/v2\/posts\/105633\/revisions"}],"wp:featuredmedia":[{"embeddable":true,"href":"https:\/\/www.europesays.com\/no\/wp-json\/wp\/v2\/media\/54698"}],"wp:attachment":[{"href":"https:\/\/www.europesays.com\/no\/wp-json\/wp\/v2\/media?parent=105633"}],"wp:term":[{"taxonomy":"category","embeddable":true,"href":"https:\/\/www.europesays.com\/no\/wp-json\/wp\/v2\/categories?post=105633"},{"taxonomy":"post_tag","embeddable":true,"href":"https:\/\/www.europesays.com\/no\/wp-json\/wp\/v2\/tags?post=105633"}],"curies":[{"name":"wp","href":"https:\/\/api.w.org\/{rel}","templated":true}]}}