{"id":105634,"date":"2025-12-06T09:27:15","date_gmt":"2025-12-06T09:27:15","guid":{"rendered":"https:\/\/www.europesays.com\/no\/105634\/"},"modified":"2025-12-06T09:27:15","modified_gmt":"2025-12-06T09:27:15","slug":"ukraina-og-usa-fortsetter-samtalene-i-florida","status":"publish","type":"post","link":"https:\/\/www.europesays.com\/no\/105634\/","title":{"rendered":"Ukraina og USA fortsetter samtalene i Florida"},"content":{"rendered":"\n<p class=\"_lead_o9xde_2 _lead_xtcu6_50 layout-component text-serif-m layout-normal text-serif-l layout-component layout-wide layout-padded _wide_17hqh_1 layout-padded\">Amerikanske og ukrainske tjenestemenn fortsetter samtalene i Florida for tredje dag p\u00e5 rad, opplyser utenriksdepartementet i Washington.<\/p>\n<p><img alt=\" Foto: Kristina Kormilitsyna \/ AP \/ NTB\" class=\"_image_qp4xg_65 layout-component layout-wide\" data-fullscreen- data-track-element-type=\"Article image fullscreen\" data-track-name=\"ImageFullscreen\" fetchpriority=\"high\" decoding=\"sync\" loading=\"eager\" height=\"4109\" itemprop=\"image\"  src=\"https:\/\/www.europesays.com\/no\/wp-content\/uploads\/2025\/12\/8690a46a-3e52-488a-b3ab-80168d33c4ae\"  style=\"object-position:0% 0%\" width=\"6162\"\/> Foto: Kristina Kormilitsyna \/ AP \/ NTB<\/p>\n<ul aria-hidden=\"true\" class=\"_images_ntbth_112\">\n<li><a class=\"_link_ntbth_117\" href=\"https:\/\/www.vg.no\/forfatter\/ntb\" style=\"z-index:1\" title=\"NTB\" rel=\"nofollow noopener\" target=\"_blank\"><img alt=\"Bilde av NTB\" class=\"_image_ntbth_93\" fetchpriority=\"low\" loading=\"lazy\" decoding=\"async\" itemprop=\"image\"  src=\"https:\/\/www.europesays.com\/no\/wp-content\/uploads\/2025\/12\/1765013235_708_c33980b0-5d07-4027-84a1-813f90a7c8d6\"  width=\"480\"\/><\/a><\/li>\n<\/ul>\n<p> Oppdatert l\u00f8rdag 6. desember kl. 05:45     <\/p>\n<p class=\"_paragraph_o9xde_4 _paragraph_xtcu6_10 layout-component text-serif-m layout-normal text-serif-m layout-padded\">\u2013 Begge parter er enige om at reelle fremskritt mot en avtale avhenger av Russlands villighet til \u00e5 vise seri\u00f8s forpliktelse for langsiktig fred, inkludert skritt for \u00e5 deeskalere og f\u00e5 slutt p\u00e5 drepingen, st\u00e5r det i uttalelsen fra departementet.<\/p>\n<p class=\"_paragraph_o9xde_4 _paragraph_xtcu6_10 layout-component text-serif-m layout-normal text-serif-m layout-padded\">Uttalelsen kom etter at den andre dagen med m\u00f8tevirksomhet i Florida var avsluttet fredag. <\/p>\n<p class=\"_paragraph_o9xde_4 _paragraph_xtcu6_10 layout-component text-serif-m layout-normal text-serif-m layout-padded\">USAs spesialutsending <a href=\"https:\/\/www.vg.no\/tag\/steve-witkoff?utm_source=vg-article&amp;utm_medium=auto-tagger&amp;utm_campaign=wrEg5L\" class=\"_link_o9xde_39\" rel=\"nofollow noopener\" target=\"_blank\">Steve Witkoff<\/a> og Ukrainas sjefforhandler Rustem Umerov leder de to landenes delegasjoner.<\/p>\n<p class=\"_paragraph_o9xde_4 _paragraph_xtcu6_10 layout-component text-serif-m layout-normal text-serif-m layout-padded\">M\u00f8tene mellom USA og Ukraina finner sted etter at Witkoff ledet en delegasjon som m\u00f8tte Russlands president Vladimir Putin og hans utsendinger i Moskva tidligere i uken.<\/p>\n","protected":false},"excerpt":{"rendered":"Amerikanske og ukrainske tjenestemenn fortsetter samtalene i Florida for tredje dag p\u00e5 rad, opplyser utenriksdepartementet i Washington. Foto:&hellip;\n","protected":false},"author":2,"featured_media":105635,"comment_status":"","ping_status":"","sticky":false,"template":"","format":"standard","meta":{"footnotes":""},"categories":[12],"tags":[20,21,24,25,15,22,23,1763,13,30,28,29,14,16,363,26,27,489,50,42,43,44,45],"class_list":{"0":"post-105634","1":"post","2":"type-post","3":"status-publish","4":"format-standard","5":"has-post-thumbnail","7":"category-verden","8":"tag-breaking-news","9":"tag-breakingnews","10":"tag-featured-news","11":"tag-featurednews","12":"tag-headlines","13":"tag-latest-news","14":"tag-latestnews","15":"tag-moskva","16":"tag-news","17":"tag-no","18":"tag-norge","19":"tag-norway","20":"tag-nyheter","21":"tag-overskrifter","22":"tag-steve-witkoff","23":"tag-top-stories","24":"tag-topstories","25":"tag-ukraina","26":"tag-usa","27":"tag-verden","28":"tag-world","29":"tag-world-news","30":"tag-worldnews"},"share_on_mastodon":{"url":"https:\/\/pubeurope.com\/@no\/115671914876781091","error":""},"_links":{"self":[{"href":"https:\/\/www.europesays.com\/no\/wp-json\/wp\/v2\/posts\/105634","targetHints":{"allow":["GET"]}}],"collection":[{"href":"https:\/\/www.europesays.com\/no\/wp-json\/wp\/v2\/posts"}],"about":[{"href":"https:\/\/www.europesays.com\/no\/wp-json\/wp\/v2\/types\/post"}],"author":[{"embeddable":true,"href":"https:\/\/www.europesays.com\/no\/wp-json\/wp\/v2\/users\/2"}],"replies":[{"embeddable":true,"href":"https:\/\/www.europesays.com\/no\/wp-json\/wp\/v2\/comments?post=105634"}],"version-history":[{"count":0,"href":"https:\/\/www.europesays.com\/no\/wp-json\/wp\/v2\/posts\/105634\/revisions"}],"wp:featuredmedia":[{"embeddable":true,"href":"https:\/\/www.europesays.com\/no\/wp-json\/wp\/v2\/media\/105635"}],"wp:attachment":[{"href":"https:\/\/www.europesays.com\/no\/wp-json\/wp\/v2\/media?parent=105634"}],"wp:term":[{"taxonomy":"category","embeddable":true,"href":"https:\/\/www.europesays.com\/no\/wp-json\/wp\/v2\/categories?post=105634"},{"taxonomy":"post_tag","embeddable":true,"href":"https:\/\/www.europesays.com\/no\/wp-json\/wp\/v2\/tags?post=105634"}],"curies":[{"name":"wp","href":"https:\/\/api.w.org\/{rel}","templated":true}]}}