{"id":105638,"date":"2025-12-06T09:29:13","date_gmt":"2025-12-06T09:29:13","guid":{"rendered":"https:\/\/www.europesays.com\/no\/105638\/"},"modified":"2025-12-06T09:29:13","modified_gmt":"2025-12-06T09:29:13","slug":"skader-pa-skjoldet-over-tsjornobyl-kraftverket","status":"publish","type":"post","link":"https:\/\/www.europesays.com\/no\/105638\/","title":{"rendered":"Skader p\u00e5 skjoldet over Tsjornobyl-kraftverket"},"content":{"rendered":"<p class=\"extendedContent hyperion-css-eyn926\" data-test-tag=\"lead-text\">Skjoldet som beskytter det nedlagte atomkraftverket i Tsjornobyl er skadet etter droneangrep tidligere i \u00e5r, if\u00f8lge Det internasjonale atomenergibyr\u00e5et (IAEA).<\/p>\n<p><img decoding=\"async\" class=\"image-asset hyperion-css-u06ts1\" data-test-tag=\"image-asset\" src=\"https:\/\/www.europesays.com\/no\/wp-content\/uploads\/2025\/12\/a19f417b-9fad-4026-806b-ab02d9ab2318\"  alt=\"Et droneangrep rammet 14. februar i \u00e5r skjoldet som dekker det nedlagte atomkraftverket. \"  loading=\"eager\" fetchpriority=\"high\" style=\"aspect-ratio:2048 \/ 1365\"\/>Et droneangrep rammet 14. februar i \u00e5r skjoldet som dekker det nedlagte atomkraftverket. Foto: Jefrem Lukatskyj \/ AP \/ NTB<\/p>\n<p class=\"paywall hyperion-css-1j42uic\">Tsjornobyl var stedet for verdens st\u00f8rste atomulykke i 1986, da reaktor nummer fire eksploderte og spredte radioaktivt materiale over store deler av Europa, inkludert Norge. Etter mange \u00e5rs arbeid ble et skjoldanlegg over reaktoren fullf\u00f8rt i 2019, og det skal hindre utslipp av radioaktivt materiale fra det nedlagte kraftverket.<\/p>\n<p class=\"paywall hyperion-css-1j42uic\">Skjoldkonstruksjonen er over 100 meter h\u00f8y, kostet rundt 15 milliarder kroner og finansiert av 40 ulike land. <\/p>\n<p class=\"paywall hyperion-css-1j42uic\">IAEA opplyser at en inspeksjon av anlegget i forrige uke har avdekket skader p\u00e5 st\u00e5lkonstruksjonen etter et droneangrep i februar i \u00e5r. Skjoldet har mistet sin viktigste funksjon, blant annet evnen til \u00e5 hindre at radioaktivitet slipper ut, opplyser IAEA-sjef Rafael Grossi.<\/p>\n<p><img decoding=\"async\" class=\"image-asset hyperion-css-u06ts1\" data-test-tag=\"image-asset\" src=\"https:\/\/www.europesays.com\/no\/wp-content\/uploads\/2025\/12\/cbb50058-355e-45ad-8f56-e61b00802abe\"  alt=\"Et skjold er bygget over reaktor nummer fire p\u00e5 det nedlagte atomkraftverket i Tsjornobyl.  Bildet er tatt f\u00f8r droneangrepet. \"  loading=\"eager\" fetchpriority=\"high\" style=\"aspect-ratio:2048 \/ 1183\"\/>Et skjold er bygget over reaktor nummer fire p\u00e5 det nedlagte atomkraftverket i Tsjornobyl.  Bildet er tatt f\u00f8r droneangrepet. Foto: Jefrem Lukatskyj \/ AP \/ NTB<\/p>\n<p class=\"paywall hyperion-css-1j42uic\">P\u00e5 den andre siden har inspekt\u00f8rene konkludert med at det ikke har oppst\u00e5tt noen permanente skader p\u00e5 strukturens b\u00e6reevne og heller ikke p\u00e5 overv\u00e5kingssystemene, uttaler Grossi videre.<\/p>\n<p class=\"paywall hyperion-css-1j42uic\">IAEA-lederen opplyser at konstruksjonen er blitt reparert, men at \u00abomfattende restaurering er fortsatt n\u00f8dvendig for \u00e5 hindre ytterligere forringelse og \u00e5 sikre langvarig atomsikkerhet\u00bb.<\/p>\n<p class=\"paywall hyperion-css-1j42uic\">FN opplyste 14. februar i \u00e5r at ukrainske myndigheter hadde orientert om<a data-test-tag=\"internal-link\" href=\"https:\/\/www.aftenposten.no\/verden\/i\/nyr1qa\/drone-kraesjet-i-sarkofag-som-omslutter-tsjornobyl-reaktor\" class=\"hyperion-css-1raymq9\" rel=\"nofollow noopener\" target=\"\" aria-label=\" at en drone med eksplosiver traff anlegget\" theme=\"breaking-short\"> at en drone med eksplosiver traff anlegget<\/a> og at det oppsto brann som f\u00f8rte til skader p\u00e5 skjoldet over reaktor nummer fire. Ukrainske myndigheter uttalte den gang at det var en russisk drone. Russiske myndigheter avviste at deres styrker hadde angrepet atomanlegget.<\/p>\n<p class=\"paywall hyperion-css-1j42uic\">I februar var fortsatt str\u00e5lingsniv\u00e5et normalt og stabilt, og det var ingen meldinger om utslipp, uttalte FN.<\/p>\n<p><img decoding=\"async\" class=\"image-asset hyperion-css-u06ts1\" data-test-tag=\"image-asset\" src=\"https:\/\/www.europesays.com\/no\/wp-content\/uploads\/2025\/12\/585999dd-490a-4b78-b312-9741e3226e69\"  alt=\"Etter katastrofen i 1986 ble det bygget det som ble omtalt som en sarkofag over den \u00f8delagte reaktoren. Denne var oppf\u00f8rt hurtig, og til dels med fjernstyrte maskiner. Skader, rust og hull gjorde at det etter noen \u00e5r ble n\u00f8dvendig med en ny og st\u00f8rre beskyttelse. Bildet er tatt i 2007, f\u00f8r det nye skjoldet ble p\u00e5begynt. \"  loading=\"eager\" fetchpriority=\"high\" style=\"aspect-ratio:2048 \/ 1370\"\/>Etter katastrofen i 1986 ble det bygget det som ble omtalt som en sarkofag over den \u00f8delagte reaktoren. Denne var oppf\u00f8rt hurtig, og til dels med fjernstyrte maskiner. Skader, rust og hull gjorde at det etter noen \u00e5r ble n\u00f8dvendig med en ny og st\u00f8rre beskyttelse. Bildet er tatt i 2007, f\u00f8r det nye skjoldet ble p\u00e5begynt. Foto: EFREM LUKATSKY \/ AP<\/p>\n","protected":false},"excerpt":{"rendered":"Skjoldet som beskytter det nedlagte atomkraftverket i Tsjornobyl er skadet etter droneangrep tidligere i \u00e5r, if\u00f8lge Det internasjonale&hellip;\n","protected":false},"author":2,"featured_media":105639,"comment_status":"","ping_status":"","sticky":false,"template":"","format":"standard","meta":{"footnotes":""},"categories":[5],"tags":[20,21,24,25,15,19,22,23,17,18,13,30,28,29,14,16,26,27],"class_list":{"0":"post-105638","1":"post","2":"type-post","3":"status-publish","4":"format-standard","5":"has-post-thumbnail","7":"category-overskrifter","8":"tag-breaking-news","9":"tag-breakingnews","10":"tag-featured-news","11":"tag-featurednews","12":"tag-headlines","13":"tag-hovedoppslag","14":"tag-latest-news","15":"tag-latestnews","16":"tag-main-news","17":"tag-mainnews","18":"tag-news","19":"tag-no","20":"tag-norge","21":"tag-norway","22":"tag-nyheter","23":"tag-overskrifter","24":"tag-top-stories","25":"tag-topstories"},"share_on_mastodon":{"url":"https:\/\/pubeurope.com\/@no\/115671922576608359","error":""},"_links":{"self":[{"href":"https:\/\/www.europesays.com\/no\/wp-json\/wp\/v2\/posts\/105638","targetHints":{"allow":["GET"]}}],"collection":[{"href":"https:\/\/www.europesays.com\/no\/wp-json\/wp\/v2\/posts"}],"about":[{"href":"https:\/\/www.europesays.com\/no\/wp-json\/wp\/v2\/types\/post"}],"author":[{"embeddable":true,"href":"https:\/\/www.europesays.com\/no\/wp-json\/wp\/v2\/users\/2"}],"replies":[{"embeddable":true,"href":"https:\/\/www.europesays.com\/no\/wp-json\/wp\/v2\/comments?post=105638"}],"version-history":[{"count":0,"href":"https:\/\/www.europesays.com\/no\/wp-json\/wp\/v2\/posts\/105638\/revisions"}],"wp:featuredmedia":[{"embeddable":true,"href":"https:\/\/www.europesays.com\/no\/wp-json\/wp\/v2\/media\/105639"}],"wp:attachment":[{"href":"https:\/\/www.europesays.com\/no\/wp-json\/wp\/v2\/media?parent=105638"}],"wp:term":[{"taxonomy":"category","embeddable":true,"href":"https:\/\/www.europesays.com\/no\/wp-json\/wp\/v2\/categories?post=105638"},{"taxonomy":"post_tag","embeddable":true,"href":"https:\/\/www.europesays.com\/no\/wp-json\/wp\/v2\/tags?post=105638"}],"curies":[{"name":"wp","href":"https:\/\/api.w.org\/{rel}","templated":true}]}}