{"id":105642,"date":"2025-12-06T09:34:11","date_gmt":"2025-12-06T09:34:11","guid":{"rendered":"https:\/\/www.europesays.com\/no\/105642\/"},"modified":"2025-12-06T09:34:11","modified_gmt":"2025-12-06T09:34:11","slug":"det-hvite-hus-sletter-video-etter-sabrina-carpenter-kritikk","status":"publish","type":"post","link":"https:\/\/www.europesays.com\/no\/105642\/","title":{"rendered":"Det hvite hus sletter video etter Sabrina Carpenter-kritikk"},"content":{"rendered":"\n<p class=\"_lead_o9xde_2 _lead_xtcu6_50 layout-component text-serif-m layout-normal text-serif-l layout-component layout-wide layout-padded _wide_17hqh_1 layout-padded\">Popstjernen kalte videoen \u00abond og motbydelig\u00bb.<\/p>\n<p><img alt=\"Sabrina Carpenter. Foto: Evan Agostini \/ AP \/ NTB\" class=\"_image_qp4xg_65 layout-component layout-wide\" data-fullscreen- data-track-element-type=\"Article image fullscreen\" data-track-name=\"ImageFullscreen\" fetchpriority=\"high\" decoding=\"sync\" loading=\"eager\" height=\"3281\" itemprop=\"image\"  src=\"https:\/\/www.europesays.com\/no\/wp-content\/uploads\/2025\/12\/1765013650_7_ea34f15e-1b79-44f9-8837-aaaf2b0a440c\"  style=\"object-position:0% 0%\" width=\"4922\"\/>Sabrina Carpenter. Foto: Evan Agostini \/ AP \/ NTB<\/p>\n<ul aria-hidden=\"true\" class=\"_images_ntbth_112\">\n<li><a class=\"_link_ntbth_117\" href=\"https:\/\/www.vg.no\/forfatter\/emma-fondenes-oevreboe\" style=\"z-index:1\" title=\"Emma Fondenes \u00d8vreb\u00f8\" rel=\"nofollow noopener\" target=\"_blank\"><img alt=\"Bilde av Emma Fondenes \u00d8vreb\u00f8\" class=\"_image_ntbth_93\" fetchpriority=\"low\" loading=\"lazy\" decoding=\"async\" itemprop=\"image\"  src=\"https:\/\/www.europesays.com\/no\/wp-content\/uploads\/2025\/12\/1765013651_626_a3715f19-7e77-4fbf-b20f-7d6f5cb479de\"  width=\"480\"\/><\/a><\/li>\n<\/ul>\n<p> Oppdatert l\u00f8rdag 6. desember kl. 10:08    <\/p>\n<ul class=\"_list_o9xde_3 _list_64s2r_85 _unordered_o9xde_106 text-sans-m\">\n<li class=\"_item_o9xde_30\">Det hvite hus fjernet en video som brukte Sabrina Carpenters l\u00e5t \u00abJuno\u00bb i en post for amerikanske immigrasjonsmyndigheter<\/li>\n<li class=\"_item_o9xde_30\">Videoen viste immigrasjonsoffiserer som arresterte mennesker, noe Carpenter kalte \u00abond og motbydelig\u00bb.<\/li>\n<li class=\"_item_o9xde_30\">Abigail Jackson svarte spydig at de ikke unnskylder deportasjon av \u00abfarlige kriminelle\u00bb.<\/li>\n<li class=\"_item_o9xde_30\">Ogs\u00e5 Olivia Rodrigo kritiserte tidligere Det hvite hus for \u00e5 bruke hennes sang i politiske videoer.<\/li>\n<\/ul>\n<p>Vis mer <\/p>\n<p class=\"_paragraph_o9xde_4 _paragraph_xtcu6_10 layout-component text-serif-m layout-normal text-serif-m layout-padded\">Det hvite hus har fjernet en video som brukte <a href=\"https:\/\/www.vg.no\/tag\/sabrina-carpenter?utm_source=vg-article&amp;utm_medium=auto-tagger&amp;utm_campaign=zOLAqb\" class=\"_link_o9xde_39\" rel=\"nofollow noopener\" target=\"_blank\">Sabrina Carpenters<\/a> hit \u00abJuno\u00bb i en post som promoterte amerikanske immigrasjonsmyndigheter, melder <a href=\"https:\/\/www.billboard.com\/music\/pop\/white-house-deletes-ice-video-sabrina-carpenter-backlash-1236130000\/\" class=\"_link_o9xde_39\" rel=\"nofollow noopener\" target=\"_blank\">Billboard<\/a>.<\/p>\n<p class=\"_paragraph_o9xde_4 _paragraph_xtcu6_10 layout-component text-serif-m layout-normal text-serif-m layout-padded\">Videoen viste amerikanske immigrasjonsoffiserer som jaget, taklet og la folk i h\u00e5ndjern p\u00e5 gatene mens et utdrag av Carpenters l\u00e5t spilte i bakgrunnen.<\/p>\n<p class=\"_paragraph_o9xde_4 _paragraph_xtcu6_10 layout-component text-serif-m layout-normal text-serif-m layout-padded\">Popstjernen reagerte <a href=\"https:\/\/www.vg.no\/rampelys\/i\/Gxl4nQ\/sabrina-carpenter-raser-mot-det-hvite-hus\" data-track-element-type=\"Link\" data-track-id=\"link:Gxl4nQ\" class=\"_link_o9xde_39\" rel=\"nofollow noopener\" target=\"_blank\">kraftig og kalte videoen<\/a> \u00abond og motbydelig\u00bb p\u00e5 X tirsdag denne uken.<\/p>\n<p class=\"_paragraph_o9xde_4 _paragraph_xtcu6_10 layout-component text-serif-m layout-normal text-serif-m layout-padded\">\u2013 Ikke involver meg eller musikken min for \u00e5 fremme deres umenneskelige agenda, skrev hun.<\/p>\n<p class=\"_paragraph_o9xde_4 _paragraph_xtcu6_10 layout-component text-serif-m layout-normal text-serif-m layout-padded\">President Trumps politikk med \u00e5 sende offiserer inn i lokalsamfunn for \u00e5 samle opp illegale innvandrere med makt, har skapt kontrovers med store protester flere steder i USA.<\/p>\n<p class=\"_paragraph_o9xde_4 _paragraph_xtcu6_10 layout-component text-serif-m layout-normal text-serif-m layout-padded\">Etter Carpenters kritikk svarte Det hvite hus&#8217; talsperson Abigail Jackson med en spydig kommentar til Newsweek, if\u00f8lge Billboard:<\/p>\n<p class=\"_paragraph_o9xde_4 _paragraph_xtcu6_10 layout-component text-serif-m layout-normal text-serif-m layout-padded\">\u2013 Her er en Short n\u2019 SweetShort n\u2019 SweetShort n&#8217; Sweet er det sjette studioalbumet til den amerikanske sangeren Sabrina Carpenter.  beskjed til Sabrina Carpenter: Vi kommer ikke til \u00e5 unnskylde oss for \u00e5 deportere farlige kriminelle ulovlige mordere, voldtektsmenn og pedofile fra v\u00e5rt land.<\/p>\n<p class=\"_paragraph_o9xde_4 _paragraph_xtcu6_10 layout-component text-serif-m layout-normal text-serif-m layout-padded\">Videoen ble lagt ut p\u00e5 sosiale medier mandag og hadde onsdag blitt sett over 1,2 millioner ganger.<\/p>\n<p class=\"_root_1xq52_1\" lang=\"en\" dir=\"auto\">The White House surrenders at 138 million views. Sabrina wins.<\/p>\n<p class=\"_paragraph_o9xde_4 _paragraph_xtcu6_10 layout-component text-serif-m layout-normal text-serif-m layout-padded\">Videoen ble slettet fredag uten forklaring fra Det hvite hus.<\/p>\n<p class=\"_paragraph_o9xde_4 _paragraph_xtcu6_10 layout-component text-serif-m layout-normal text-serif-m layout-padded\">Dette er ikke f\u00f8rste gang Trump-administrasjonen har f\u00e5tt kritikk for \u00e5 bruke pophits i politiske budskap. Olivia Rodrigo kritiserte ogs\u00e5 Det hvite hus forrige m\u00e5ned for \u00e5 bruke l\u00e5ten hennes \u00abAll-American Bitch\u00bb i en video som oppfordret til selvdeportering.<\/p>\n<p class=\"_paragraph_o9xde_4 _paragraph_xtcu6_10 layout-component text-serif-m layout-normal text-serif-m layout-padded\">\u2013 Ikke bruk sangene mine til \u00e5 promotere din rasistiske, hatefulle propaganda, skrev Rodrigo da.<\/p>\n<p class=\"_paragraph_o9xde_4 _paragraph_xtcu6_10 layout-component text-serif-m layout-normal text-serif-m layout-padded\">Andre artister som tidligere har kritisert Trump-administrasjonen for \u00e5 bruke musikken deres, inkluderer Bruce Springsteen, Guns N&#8217; Roses, Foo Fighters, Celine Dion og The Rolling Stones.<\/p>\n","protected":false},"excerpt":{"rendered":"Popstjernen kalte videoen \u00abond og motbydelig\u00bb. Sabrina Carpenter. Foto: Evan Agostini \/ AP \/ NTB Oppdatert l\u00f8rdag 6.&hellip;\n","protected":false},"author":2,"featured_media":102799,"comment_status":"","ping_status":"","sticky":false,"template":"","format":"standard","meta":{"footnotes":""},"categories":[12],"tags":[20,21,73,24,25,15,22,23,13,30,28,29,14,16,3943,26,27,42,46,43,44,45],"class_list":{"0":"post-105642","1":"post","2":"type-post","3":"status-publish","4":"format-standard","5":"has-post-thumbnail","7":"category-verden","8":"tag-breaking-news","9":"tag-breakingnews","10":"tag-det-hvite-hus","11":"tag-featured-news","12":"tag-featurednews","13":"tag-headlines","14":"tag-latest-news","15":"tag-latestnews","16":"tag-news","17":"tag-no","18":"tag-norge","19":"tag-norway","20":"tag-nyheter","21":"tag-overskrifter","22":"tag-sabrina-carpenter","23":"tag-top-stories","24":"tag-topstories","25":"tag-verden","26":"tag-vgai","27":"tag-world","28":"tag-world-news","29":"tag-worldnews"},"share_on_mastodon":{"url":"https:\/\/pubeurope.com\/@no\/115671942469279723","error":""},"_links":{"self":[{"href":"https:\/\/www.europesays.com\/no\/wp-json\/wp\/v2\/posts\/105642","targetHints":{"allow":["GET"]}}],"collection":[{"href":"https:\/\/www.europesays.com\/no\/wp-json\/wp\/v2\/posts"}],"about":[{"href":"https:\/\/www.europesays.com\/no\/wp-json\/wp\/v2\/types\/post"}],"author":[{"embeddable":true,"href":"https:\/\/www.europesays.com\/no\/wp-json\/wp\/v2\/users\/2"}],"replies":[{"embeddable":true,"href":"https:\/\/www.europesays.com\/no\/wp-json\/wp\/v2\/comments?post=105642"}],"version-history":[{"count":0,"href":"https:\/\/www.europesays.com\/no\/wp-json\/wp\/v2\/posts\/105642\/revisions"}],"wp:featuredmedia":[{"embeddable":true,"href":"https:\/\/www.europesays.com\/no\/wp-json\/wp\/v2\/media\/102799"}],"wp:attachment":[{"href":"https:\/\/www.europesays.com\/no\/wp-json\/wp\/v2\/media?parent=105642"}],"wp:term":[{"taxonomy":"category","embeddable":true,"href":"https:\/\/www.europesays.com\/no\/wp-json\/wp\/v2\/categories?post=105642"},{"taxonomy":"post_tag","embeddable":true,"href":"https:\/\/www.europesays.com\/no\/wp-json\/wp\/v2\/tags?post=105642"}],"curies":[{"name":"wp","href":"https:\/\/api.w.org\/{rel}","templated":true}]}}