{"id":105645,"date":"2025-12-06T09:36:09","date_gmt":"2025-12-06T09:36:09","guid":{"rendered":"https:\/\/www.europesays.com\/no\/105645\/"},"modified":"2025-12-06T09:36:09","modified_gmt":"2025-12-06T09:36:09","slug":"trump-strategi-advarer-mot-sivilisasjons-utslettelse-i-europa-nrk-urix-utenriksnyheter-og-dokumentarer","status":"publish","type":"post","link":"https:\/\/www.europesays.com\/no\/105645\/","title":{"rendered":"Trump-strategi advarer mot \u00absivilisasjons-utslettelse\u00bb i Europa \u2013 NRK Urix \u2013 Utenriksnyheter og -dokumentarer"},"content":{"rendered":"<p>I en ny <a href=\"http:\/\/www.whitehouse.gov\/wp-content\/uploads\/2025\/12\/2025-National-Security-Strategy.pdf\" ec-id=\"http:\/\/www.whitehouse.gov\/wp-content\/uploads\/2025\/12\/2025-National-Security-Strategy.pdf\" ec-name=\"nasjonal sikkerhetsstrategi\" rel=\"nofollow noopener\" target=\"_blank\">nasjonal sikkerhetsstrategi<\/a> advarer USAs president Donald Trump mot \u00absivilisasjons-utslettelse\u00bb i Europa.<\/p>\n<p>Bakgrunnen for Trumps bekymring over utviklingen i Europa er blant annet \u00abinnvandringspolitikk som forvandler kontinentet\u00bb, fallende f\u00f8dselsrater og \u00abtap av nasjonal identitet og selvtillit\u00bb.<\/p>\n<p><strong>\u2013 Jeg vil si at det er en klar rasistisk undertone her, sier Marianne Riddervold.<\/strong><\/p>\n<p>Hun er seniorforsker ved Arena, senter for Europaforskning ved UiO, og NUPI.<\/p>\n<ul class=\"dhpg__gallery__list\">\n<li class=\"dhpg__gallery__listItem\"><img alt=\"Forsker Marianne Riddervold utenfor NRK. \"  width=\"2400\" height=\"2400\" loading=\"lazy\"\/>Marianne Riddervold<\/li>\n<\/ul>\n<p>\u2013 Man \u00f8nsker seg et sterkt Europa. Samtidig advares det veldig eksplisitt mot at sivilisasjonen i Europa risikerer \u00e5 g\u00e5 under, og man viser til at faren er at mange Nato-medlemmer vil v\u00e6re ikke-europeiske om noen \u00e5r, og at det vil kunne forandre grunnlaget for Nato-traktaten, utdyper hun.<\/p>\n<p>I strategien st\u00e5r det at det p\u00e5 sikt er \u00abmer enn sannsynlig\u00bb at enkelte Nato-land i Europa vil ha en befolkning der flertallet best\u00e5r av personer som ikke er fra Europa.<\/p>\n<p>Advarer<\/p>\n<p>I strategien tydeliggj\u00f8res det at USA ikke har r\u00e5d til \u00e5 avskrive Europa som samarbeidspartner i fremtiden.<\/p>\n<p>\u2013 Europa forblir strategisk og kulturelt avgj\u00f8rende for USA. Transatlantisk handel forblir en av pilarene i den globale \u00f8konomien og for amerikansk velstand, heter det.<\/p>\n<p><strong>USA skal dyrke motstand mot Europas \u00abn\u00e5v\u00e6rende kurs\u00bb, if\u00f8lge strategien.<\/strong><\/p>\n<p>\u2013 V\u00e5rt m\u00e5l b\u00f8r v\u00e6re \u00e5 hjelpe Europa med \u00e5 korrigere sin n\u00e5v\u00e6rende kurs, st\u00e5r det.<\/p>\n<p><img decoding=\"async\"   src=\"data:image\/gif;base64,R0lGODlhAQABAIAAAAAAAP\/\/\/yH5BAEAAAAALAAAAAABAAEAAAIBRAA7\" loading=\"eager\" alt=\"\" title=\"Foto: JIM WATSON \/ AFP \/ NTB\"\/><\/p>\n<p class=\"\">USAs president Donald Trump og landets utenriksminister Marco Rubio.<\/p>\n<p>Foto: JIM WATSON \/ AFP \/ NTB<\/p>\n<p>Strategien handler lite om forsvar og sikkerhetspolitikk, men isteden mer om \u00f8konomi, ideologi og politikk, if\u00f8lge Janne Haaland Matlary.<\/p>\n<p>Hun er professor i statsvitenskap ved Universitetet i Oslo og professor II ved Forsvarets h\u00f8gskole.<\/p>\n<p>\u2013 De maler med en s\u00e5 bred pensel at det ikke er noen nyanser eller analyse i det hele tatt, sier Matlary om strategien.<\/p>\n<ul class=\"dhpg__gallery__list\">\n<li class=\"dhpg__gallery__listItem\"><img alt=\"Janne Haaland Matl\u00e1ry i dress\"  width=\"2400\" height=\"2400\" loading=\"lazy\"\/>Janne Haaland Matlary<\/li>\n<\/ul>\n<p><strong>\u2013 Det er et agg mot EU der, som er ekstremt lettvint. Og s\u00e5 er det et poeng som har noe validitet i seg: Det er illegal massemigrasjon inn i Europa, hvor europeiske land ikke er i stand til \u00e5 kontrollere sine egne grenser.<\/strong><\/p>\n<p>Hun trekker frem Storbritannia som eksempel.<\/p>\n<p>\u2013 Det kommer jo flere illegale migranter inn i Storbritannia i \u00e5r enn i fjor, p\u00e5 tross av at mange regjeringer som har holdt p\u00e5 i \u00e5revis med \u00e5 si at de skal f\u00e5 kontroll p\u00e5 egne grenser. S\u00e5 her har du en gyldig kritikk, sier Matlary.<\/p>\n<p>\u2013 Sensur og undertrykkelse<\/p>\n<p>Videre i strategien hevdes det at det er sensur av ytringsfrihet og undertrykkelse av politisk opposisjon i Europa. EU anklages for \u00e5 ha hovedansvaret for dette.<\/p>\n<p>\u2013 Skulle n\u00e5v\u00e6rende trender fortsette, vil kontinentet v\u00e6re ugjenkjennelig om 20 \u00e5r eller mindre, hevdes det.<\/p>\n<p>\u2013 Det er langt fra \u00e5penbart om visse europeiske land vil ha \u00f8konomi og milit\u00e6rmakt sterk nok til \u00e5 forbli p\u00e5litelige allierte, advares det i strategien.<\/p>\n<p><img decoding=\"async\"   src=\"data:image\/gif;base64,R0lGODlhAQABAIAAAAAAAP\/\/\/yH5BAEAAAAALAAAAAABAAEAAAIBRAA7\" loading=\"eager\" alt=\"En gruppe mennesker samles utend\u00f8rs i et solfylt milj\u00f8. En mann i dress med lyse detaljer snakker med flere personer rundt seg. Bakgrunnen best\u00e5r av bygninger og gr\u00f8ntomr\u00e5de. Det er en uformell atmosf\u00e6re under m\u00f8tet. \" title=\"Foto: Petros Karadjias \/ AP \/ NTB\"\/><\/p>\n<p class=\"\">Tysklands utenriksminister Johann Wadephul.<\/p>\n<p>Foto: Petros Karadjias \/ AP \/ NTB<\/p>\n<p>Tysklands utenriksminister Johann Wadephul sa tidligere fredag at de ikke har behov for r\u00e5d utenfra, da strategien ble kjent.<\/p>\n<p>\u2013 Jeg mener sp\u00f8rsm\u00e5l om ytringsfrihet og organiseringen av v\u00e5re frie samfunn ikke h\u00f8rer hjemme, sa Wadephul, men henvisning til USAs nye strategi.<\/p>\n<p>Ikke f\u00f8rste gang<\/p>\n<p>Det er ikke f\u00f8rste gang at utviklingen i Europa blir omtalt med en kritisk vinkling fra Trump-administrasjonen.<\/p>\n<p>Talen som USAs visepresident J.D. Vance holdt i M\u00fcnchen i Tyskland i februar <a href=\"https:\/\/www.nrk.no\/urix\/spent-foran-visepresidentens-tale-1.17281403\" ec-id=\"pp:article:1.17281403\" ec-name=\"vakte sterke reaksjoner\" rel=\"nofollow noopener\" target=\"_blank\">vakte sterke reaksjoner<\/a> blant europeiske ledere.<\/p>\n<p>I talen var dette blant Vance&#8217; viktigste talepunkter:<\/p>\n<ul>\n<li>Europas st\u00f8rste fiende er ikke Russland eller Kina, men kommer innenfra. Europa bryr seg ikke lenger om grunnleggende verdier \u2013 verdier som de delte med USA.<\/li>\n<li>Masseimmigrasjon er den st\u00f8rste trusselen mot europeiske samfunn, og en \u00abvillet beslutning\u00bb fra europeiske ledere.<\/li>\n<\/ul>\n<p><img decoding=\"async\"   src=\"data:image\/gif;base64,R0lGODlhAQABAIAAAAAAAP\/\/\/yH5BAEAAAAALAAAAAABAAEAAAIBRAA7\" loading=\"eager\" alt=\"J.D. Vance taler p\u00e5 et podium foran tilskuere\" title=\"Foto: THOMAS KIENZLE \/ AFP \/ NTB\"\/><\/p>\n<p class=\"\">USAs visepresident J.D. Vance&#8217; tale under sikkerhetskonferansen i M\u00fcnchen i Tyskland i februar i \u00e5r f\u00f8rte til massive reaksjoner fra europeiske statsledere.<\/p>\n<p>Foto: THOMAS KIENZLE \/ AFP \/ NTB<\/p>\n<p>Trumps strategi har stort fokus p\u00e5 migrasjon og tiltak for \u00e5 hindre masseinnvandring til USA er h\u00f8yt prioritert.<\/p>\n<p>\u2013 Vi \u00f8nsker en verden hvor migrasjon ikke bare er \u00abryddig\u00bb, men hvor suverene land jobber sammen for \u00e5 stanse, snarere enn \u00e5 legge til rette for destabiliserende befolkningsstr\u00f8mmer, og har full kontroll over hvem de tar imot og ikke tar imot, heter det.<\/p>\n<p>\u00d8kt amerikansk milit\u00e6rn\u00e6rv\u00e6r i Latin-Amerika og Karibia er et av tiltakene som listes opp, samt \u00f8kt bruk av s\u00e5kalt \u00f8konomisk diplomati der tollsatser og handelsavtaler benyttes som \u00abmektige redskaper\u00bb for \u00e5 f\u00e5 land til \u00e5 samarbeide.<\/p>\n<p>Interessert i utenriks? H\u00f8r redaksjonens nyeste podkast-episode:<\/p>\n<p>Publisert<\/p>\n<p>06.12.2025, kl. 10.02<\/p>\n","protected":false},"excerpt":{"rendered":"I en ny nasjonal sikkerhetsstrategi advarer USAs president Donald Trump mot \u00absivilisasjons-utslettelse\u00bb i Europa. Bakgrunnen for Trumps bekymring&hellip;\n","protected":false},"author":2,"featured_media":105646,"comment_status":"","ping_status":"","sticky":false,"template":"","format":"standard","meta":{"footnotes":""},"categories":[5],"tags":[20,21,24,25,15,19,22,23,17,18,13,30,28,29,14,16,26,27],"class_list":{"0":"post-105645","1":"post","2":"type-post","3":"status-publish","4":"format-standard","5":"has-post-thumbnail","7":"category-overskrifter","8":"tag-breaking-news","9":"tag-breakingnews","10":"tag-featured-news","11":"tag-featurednews","12":"tag-headlines","13":"tag-hovedoppslag","14":"tag-latest-news","15":"tag-latestnews","16":"tag-main-news","17":"tag-mainnews","18":"tag-news","19":"tag-no","20":"tag-norge","21":"tag-norway","22":"tag-nyheter","23":"tag-overskrifter","24":"tag-top-stories","25":"tag-topstories"},"share_on_mastodon":{"url":"https:\/\/pubeurope.com\/@no\/115671949832470064","error":""},"_links":{"self":[{"href":"https:\/\/www.europesays.com\/no\/wp-json\/wp\/v2\/posts\/105645","targetHints":{"allow":["GET"]}}],"collection":[{"href":"https:\/\/www.europesays.com\/no\/wp-json\/wp\/v2\/posts"}],"about":[{"href":"https:\/\/www.europesays.com\/no\/wp-json\/wp\/v2\/types\/post"}],"author":[{"embeddable":true,"href":"https:\/\/www.europesays.com\/no\/wp-json\/wp\/v2\/users\/2"}],"replies":[{"embeddable":true,"href":"https:\/\/www.europesays.com\/no\/wp-json\/wp\/v2\/comments?post=105645"}],"version-history":[{"count":0,"href":"https:\/\/www.europesays.com\/no\/wp-json\/wp\/v2\/posts\/105645\/revisions"}],"wp:featuredmedia":[{"embeddable":true,"href":"https:\/\/www.europesays.com\/no\/wp-json\/wp\/v2\/media\/105646"}],"wp:attachment":[{"href":"https:\/\/www.europesays.com\/no\/wp-json\/wp\/v2\/media?parent=105645"}],"wp:term":[{"taxonomy":"category","embeddable":true,"href":"https:\/\/www.europesays.com\/no\/wp-json\/wp\/v2\/categories?post=105645"},{"taxonomy":"post_tag","embeddable":true,"href":"https:\/\/www.europesays.com\/no\/wp-json\/wp\/v2\/tags?post=105645"}],"curies":[{"name":"wp","href":"https:\/\/api.w.org\/{rel}","templated":true}]}}