{"id":105647,"date":"2025-12-06T09:42:10","date_gmt":"2025-12-06T09:42:10","guid":{"rendered":"https:\/\/www.europesays.com\/no\/105647\/"},"modified":"2025-12-06T09:42:10","modified_gmt":"2025-12-06T09:42:10","slug":"ukrainsk-presidentfly-forfulgt-av-ukjente-droner-i-irland-ifolge-the-journal","status":"publish","type":"post","link":"https:\/\/www.europesays.com\/no\/105647\/","title":{"rendered":"Ukrainsk presidentfly forfulgt av ukjente droner i Irland, if\u00f8lge The Journal"},"content":{"rendered":"<p>    Irske sikkerhetsmyndigheter anser det som nok et eksempel p\u00e5 hybrid krigf\u00f8ring i Europa.<\/p>\n<p>\n        President Volodymyr Zelenskyj og f\u00f8rstedame Olena Zelenska landet i Dublin mandag kveld. I samme tidsrom fl\u00f8y fire avanserte og fremmede droner i luftrommet, if\u00f8lge den irske avisa The Journal.<br \/>\n        Foto: Paul Faith \/ AFP \/ NTB\n    <\/p>\n<p class=\"kicker tertiary color_mobile_tertiary\" style=\"\">Verden<\/p>\n<p>Sikkerhetsmyndigheter i Irland etterforsker fire droner som tilsynelatende fors\u00f8kte \u00e5 f\u00f8lge etter eller avskj\u00e6re det ukrainske presidentflyet til Volodymyr Zelenskyj da det ankom Dublin p\u00e5 mandag, if\u00f8lge <a href=\"https:\/\/www.thejournal.ie\/drones-dublin-ireland-hybrid-warfare-russia-6893104-Dec2025\/\" target=\"_blank\" rel=\"nofollow noopener\">The Journal<\/a>.<\/p>\n<p>De skriver at nasjonale sikkerhetstjenester har fastsl\u00e5tt at dronene var store, sv\u00e6rt kostbare og av milit\u00e6r standard.\u00a0Det at de hadde lysene p\u00e5, har f\u00e5tt myndighetene til \u00e5 mistenke at m\u00e5let var \u00e5 forstyrre flyets ankomst til Dublin og at hendelsen kan klassifiseres som et hybridangrep.<\/p>\n<p>De siste m\u00e5nedene har det blitt gjort flere lignende droneobservasjoner rundt omkring i Europa, deriblant <a href=\"https:\/\/www.dagsavisen.no\/nyheter\/uklart-hvem-som-star-bak-droneflygningene-ved-flyplasser-og-militaeranlegg-i-danmark\/9978557\" rel=\"nofollow noopener\" target=\"_blank\">i Danmark<\/a>\u00a0hvor flytrafikken i flere danske byer ble forstyrret. Ogs\u00e5 i Norge har det kommet <a href=\"https:\/\/www.dagsavisen.no\/nyheter\/tror-russiske-myndigheter-star-bak\/9983794\" rel=\"nofollow noopener\" target=\"_blank\">rapporter om mulige droner n\u00e6r flyplasser og milit\u00e6ranlegg<\/a>.<\/p>\n<p>                <img decoding=\"async\" src=\"https:\/\/www.europesays.com\/no\/wp-content\/uploads\/2025\/12\/10094635.webp\" width=\"480\" height=\"274\" title=\"Dronene skal senere ha flydd i nattem\u00f8rket med lysene p\u00e5 over marineskipet L\u00c9 William Butler Yeats.\" alt=\"\" loading=\"lazy\" style=\"\"\/><\/p>\n<p>\n            Dronene skal senere ha flydd i nattem\u00f8rket med lysene p\u00e5 over marineskipet L\u00c9 William Butler Yeats.<br \/>\n            Foto: Wikimedia Commons\n        <\/p>\n<p>Fl\u00f8y over marineskip som l\u00e5 i skjul<\/p>\n<p>The Journal har snakket med kilder som opplyser at de fire dronene tok av fra nord\u00f8st for Dublin, muligens i n\u00e6rheten av halv\u00f8ya Howth, og fl\u00f8y i opptil to timer. Det gjennomf\u00f8res unders\u00f8kelser for \u00e5 avklare om dronene tok av fra land eller fra et uidentifisert skip.<\/p>\n<p>Zelenskyj ankom litt tidligere enn planlagt mandag kveld. Hadde flyet hans ankommet til rett tid, ville dronene ha befunnet seg rett i presidentens flyvebane innenfor en flyforbudssone, skriver avisa.<\/p>\n<p>Etter \u00e5 ha forstyrret flytrafikken, svevde dronene over det irske marineskipet L\u00c9 William Butler Yeats,\u00a0som hadde blitt utplassert i skjul utenfor Dublin i forbindelse med Zelenskyjs bes\u00f8k, skriver The Journal.<\/p>\n<p>\nZelenskyj var i Irland for \u00e5 markere landets st\u00f8tte til Ukraina i krigen mot Russland og bli enige om nye samarbeid fremover. Dette var presidentens f\u00f8rste offisielle bes\u00f8k til \u00f8ynasjonen.\u00a0<\/p>\n<p>        <a itemprop=\"url\" class=\"\" href=\"https:\/\/www.dagsavisen.no\/nyheter\/snart-far-norge-11-nye-sett-med-oyne-i-lufta\/10037942\" data-k5a-url=\"https:\/\/www.dagsavisen.no\/a\/10037942\" rel=\"nofollow noopener\" target=\"_blank\"><\/p>\n<p>            Snart f\u00e5r Norge 11 nye sett med \u00f8yne i lufta<\/p>\n<p>        <\/a><\/p>\n<p>F\u00e5 nyhetsbrev fra Dagsavisen. Meld deg p\u00e5\u00a0<a href=\"https:\/\/www.dagsavisen.no\/om-dagsavisen\/2023\/12\/20\/fa-daglig-nyhetsbrev\/\" rel=\"nofollow noopener\" target=\"_blank\">her<\/a>!<\/p>\n","protected":false},"excerpt":{"rendered":"Irske sikkerhetsmyndigheter anser det som nok et eksempel p\u00e5 hybrid krigf\u00f8ring i Europa. President Volodymyr Zelenskyj og f\u00f8rstedame&hellip;\n","protected":false},"author":2,"featured_media":105648,"comment_status":"","ping_status":"","sticky":false,"template":"","format":"standard","meta":{"footnotes":""},"categories":[12],"tags":[20,21,24,25,15,22,23,13,30,28,29,14,16,26,27,42,43,44,45],"class_list":{"0":"post-105647","1":"post","2":"type-post","3":"status-publish","4":"format-standard","5":"has-post-thumbnail","7":"category-verden","8":"tag-breaking-news","9":"tag-breakingnews","10":"tag-featured-news","11":"tag-featurednews","12":"tag-headlines","13":"tag-latest-news","14":"tag-latestnews","15":"tag-news","16":"tag-no","17":"tag-norge","18":"tag-norway","19":"tag-nyheter","20":"tag-overskrifter","21":"tag-top-stories","22":"tag-topstories","23":"tag-verden","24":"tag-world","25":"tag-world-news","26":"tag-worldnews"},"share_on_mastodon":{"url":"https:\/\/pubeurope.com\/@no\/115671973737734472","error":""},"_links":{"self":[{"href":"https:\/\/www.europesays.com\/no\/wp-json\/wp\/v2\/posts\/105647","targetHints":{"allow":["GET"]}}],"collection":[{"href":"https:\/\/www.europesays.com\/no\/wp-json\/wp\/v2\/posts"}],"about":[{"href":"https:\/\/www.europesays.com\/no\/wp-json\/wp\/v2\/types\/post"}],"author":[{"embeddable":true,"href":"https:\/\/www.europesays.com\/no\/wp-json\/wp\/v2\/users\/2"}],"replies":[{"embeddable":true,"href":"https:\/\/www.europesays.com\/no\/wp-json\/wp\/v2\/comments?post=105647"}],"version-history":[{"count":0,"href":"https:\/\/www.europesays.com\/no\/wp-json\/wp\/v2\/posts\/105647\/revisions"}],"wp:featuredmedia":[{"embeddable":true,"href":"https:\/\/www.europesays.com\/no\/wp-json\/wp\/v2\/media\/105648"}],"wp:attachment":[{"href":"https:\/\/www.europesays.com\/no\/wp-json\/wp\/v2\/media?parent=105647"}],"wp:term":[{"taxonomy":"category","embeddable":true,"href":"https:\/\/www.europesays.com\/no\/wp-json\/wp\/v2\/categories?post=105647"},{"taxonomy":"post_tag","embeddable":true,"href":"https:\/\/www.europesays.com\/no\/wp-json\/wp\/v2\/tags?post=105647"}],"curies":[{"name":"wp","href":"https:\/\/api.w.org\/{rel}","templated":true}]}}