{"id":105651,"date":"2025-12-06T09:44:26","date_gmt":"2025-12-06T09:44:26","guid":{"rendered":"https:\/\/www.europesays.com\/no\/105651\/"},"modified":"2025-12-06T09:44:26","modified_gmt":"2025-12-06T09:44:26","slug":"kjendiser-overrasker-under-kveldens-duetter","status":"publish","type":"post","link":"https:\/\/www.europesays.com\/no\/105651\/","title":{"rendered":"kjendiser overrasker under kveldens duetter"},"content":{"rendered":"<p class=\"kicker \" style=\"\">\u00abMaskorama\u00bb 2025:\u00a0<\/p>\n<p>  Det blir kjendistungt under kveldens semifinale av \u00abMaskorama\u00bb. Alle artistene skal synge duett med kjente partnere.\u00a0\u00a0<\/p>\n<p>\n    DUKKER OPP: Under l\u00f8rdagens epiosde av Maskorama dukker det opp flere kjente fjes. Ukas tema er nemlig duett, og karakterene har f\u00e5tt hver sin kjente duettpartner. Foto: NRK\n  <\/p>\n<p>Det spisser seg til for seerfavoritten \u00abMaskorama\u00bb\u00a0og i kveld er det klart for semifinale, der tre deltakere st\u00e5r igjen; hundevalpen, marionetten og brokkolien.\u00a0<\/p>\n<p>    <a itemprop=\"url\" href=\"https:\/\/www.seher.no\/kjendis\/jeg-var-fylt-av-angst\/83946108\" rel=\"nofollow noopener\" target=\"_blank\"><\/p>\n<p>      <img loading=\"lazy\" decoding=\"async\" src=\"https:\/\/www.europesays.com\/no\/wp-content\/uploads\/2025\/12\/83946018.webp\" width=\"980\" height=\"441\" title=\"- Jeg var fylt av angst\" alt=\"\" class=\"lazyload\" style=\"--aspect-ratio-image: 2.22; \"\/><\/p>\n<p>        &#8211; Jeg var fylt av angst<\/p>\n<p>    <\/a><\/p>\n<p class=\"font-weight-bold m-font-weight-bold\" data-lab-font_weight=\"font-weight-bold\">\u00c5rets sesong har bydd p\u00e5 dramatikk og overraskelser fra start. Orken <a href=\"https:\/\/www.seher.no\/kjendis\/trakk-seg-pa-direkten\/83888162\" rel=\"nofollow noopener\" target=\"_blank\">trakk seg p\u00e5 direkten<\/a>, brokkolien ble <a href=\"https:\/\/www.seher.no\/kjendis\/vil-vaere-synd\/83917492\" rel=\"nofollow noopener\" target=\"_blank\">akutt syk forrige uke<\/a> og gongongen som kunne redde en deltaker ble brukt <a href=\"https:\/\/www.seher.no\/kjendis\/matte-kaste-masken-helomvending\/83857003\" rel=\"nofollow noopener\" target=\"_blank\">allerede i uke to<\/a>.\u00a0<\/p>\n<p>Kveldens semifinale er heller ikke fritatt for overraskelser. Det er nemlig tid for duetter, der flere kjente fjes dukker opp sammen med de maskerte sangerne.\u00a0<\/p>\n<p>          <img loading=\"lazy\" decoding=\"async\" src=\"https:\/\/www.europesays.com\/no\/wp-content\/uploads\/2025\/12\/83946328.webp\" width=\"686\" height=\"460\" title=\"R\u00d8K UT: Forrige uke var det skrotnissen som r\u00f8k ut av den maskerte sangkonkurransen. Bak maska var det skuespiller Vidar Magnussen (48) som hadde gjemt seg. Foto: Espen Solli \/Monster\/NRK\" alt=\"\" class=\"\" style=\"--aspect-ratio-image: 1.49; \"\/><\/p>\n<p>\n          R\u00d8K UT: Forrige uke var det skrotnissen som r\u00f8k ut av den maskerte sangkonkurransen. Bak maska var det skuespiller Vidar Magnussen (48) som hadde gjemt seg. Foto: Espen Solli \/Monster\/NRK\n      <\/p>\n<p>Deler bilder med celebre gjester\t<\/p>\n<p> Under kveldens episode skal hundevalpen f\u00e5 med seg bergensrapperen Lars Vaular (41), og sammen skal de synge bergenserens egen sang \u00abRett opp og ned\u00bb. <\/p>\n<p>Forrige uke sang hun \u00abSympathy is a Knife\u00bb av Charli XCX (33), og Dagbladets anmelder <a href=\"https:\/\/www.seher.no\/kjendis\/endelig-satt-det\/83918243\" rel=\"nofollow noopener\" target=\"_blank\">trillet til terning tre<\/a>.\u00a0<\/p>\n<p>          <img loading=\"lazy\" decoding=\"async\" src=\"https:\/\/www.europesays.com\/no\/wp-content\/uploads\/2025\/12\/83946077.webp\" width=\"686\" height=\"851\" title=\"BERGENSRAP: Hundevalpen skal opptre sammen med bergensrapperen Lars Vaular, der de skal synge en av Vaulars egne r\u00e5pl\u00e5ter. Foto: NRK\" alt=\"\" class=\"\" style=\"--aspect-ratio-image: 0.81; \"\/><\/p>\n<p>\n          BERGENSRAP: Hundevalpen skal opptre sammen med bergensrapperen Lars Vaular, der de skal synge en av Vaulars egne r\u00e5pl\u00e5ter. Foto: NRK\n      <\/p>\n<p>Det ble ikke enighet blant detektivpanelet om hvem som kan gjemme seg bak hundemaska.\u00a0<\/p>\n<p class=\"font-weight-bold m-font-weight-bold\" data-lab-font_weight=\"font-weight-bold\">Tone Damli (37) gjettet p\u00e5 Therese Johaug (37). Robert Stoltenberg (60), som tidligere har holdt p\u00e5 Tiril Sj\u00e5stad Christiansen (30), gikk over til Maiken Caspersen Falla (35), for \u00abvariasjonens skyld\u00bb.\u00a0<\/p>\n<p>Tete Lindbom tror at hundevalpen kan v\u00e6re skuespiller Mariann Hole (44).<\/p>\n<p>        DATER: Martine Lunde har begynt \u00e5 ta dating livet seri\u00f8st, noe som satt langt inne for henne. Video: Nora Skavhaug \/ R\u00f8d L\u00f8per <\/p>\n<p>To for \u00e9n\t<\/p>\n<p>Marionetten f\u00e5r to artister for kj\u00f8pet av \u00e9n, og har sikret seg Marcus og Martinus Gunnarsen (23). Sammen skal de synge en av hitl\u00e5tene til tvillingbr\u00f8drene, \u00abUnforgettable\u00bb.\u00a0<\/p>\n<p>Forrige uke sang marionetten Amanda Delara (28) sitt cover av Karpe-l\u00e5ta \u00abGunerius\u00bb, og fikk terningkast fire av Dagbladets anmelder.\u00a0\u00a0<\/p>\n<p>          <img loading=\"lazy\" decoding=\"async\" src=\"https:\/\/www.europesays.com\/no\/wp-content\/uploads\/2025\/12\/83946079.webp\" width=\"686\" height=\"748\" title=\"DUO: Marionetten har f\u00e5tt med seg to artister i sin duett, hun skal nemlig framf\u00f8re med br\u00f8drene Marcus og Martinus. Foto: NRK\" alt=\"\" class=\"\" style=\"--aspect-ratio-image: 0.92; \"\/><\/p>\n<p>\n          DUO: Marionetten har f\u00e5tt med seg to artister i sin duett, hun skal nemlig framf\u00f8re med br\u00f8drene Marcus og Martinus. Foto: NRK\n      <\/p>\n<p class=\"font-weight-bold m-font-weight-bold no_italic m-no_italic\" data-lab-italic=\"\" data-lab-font_weight=\"font-weight-bold\">Marcus og Martinus er ikke ukjente med konkurransen. De <a href=\"https:\/\/www.seher.no\/kjendis\/vant-svenske-maskorama\/76147688\" rel=\"nofollow noopener\" target=\"_blank\">vant den nemlig svenske versjonen av Maskorama<\/a> i 2022.\u00a0<\/p>\n<p class=\"italic m-italic\" data-lab-italic=\"italic\">Se \u00f8yeblikket de vant i videoen under:\u00a0<\/p>\n<p>        BR\u00c5K: Det ble br\u00e5k da Marcus og Martinus vant den svenske utgaven av \u00abMaskorama\u00bb. Video: R\u00f8dt Kort.<\/p>\n<p>Det var sterkt sprik mellom gjetningene til detektivpanelet, ogs\u00e5 n\u00e5r det gjaldt marionetten.\u00a0<\/p>\n<p>Tete trodde at det kunne v\u00e6re veteran Lisa Stokke (50), mens Tone holdt en knapp p\u00e5 influenser Erika Norwich (26). Robert mente det var mye rot i hintvideoen, s\u00e5 han gjettet p\u00e5 sanger Alexandra Rotan (29). <\/p>\n<p>    <a itemprop=\"url\" href=\"https:\/\/www.seher.no\/kjendis\/trodde-hun-dyttet-meg-unna\/83945505\" rel=\"nofollow noopener\" target=\"_blank\"><\/p>\n<p>      <img loading=\"lazy\" decoding=\"async\" src=\"https:\/\/www.europesays.com\/no\/wp-content\/uploads\/2025\/12\/83944389.webp\" width=\"980\" height=\"441\" title=\"- Trodde hun dyttet meg unna\" alt=\"\" class=\"lazyload\" style=\"--aspect-ratio-image: 2.22; \"\/><\/p>\n<p>        &#8211; Trodde hun dyttet meg unna<\/p>\n<p>    <\/a><\/p>\n<p>Covrer \u00abK-Pop: Demon Hunters\u00bb\t<\/p>\n<p>Brokkolien har f\u00e5tt med seg artist Nora Foss al-Jabri (29), som tidligere i \u00e5r var aktuell som artist i <a href=\"https:\/\/www.seher.no\/kjendis\/forferdelig-a-skjule\/82646276\" rel=\"nofollow noopener\" target=\"_blank\">Melodi Grand Prix<\/a>.\u00a0<\/p>\n<p class=\"font-weight-bold m-font-weight-bold\" data-lab-font_weight=\"font-weight-bold\">Sammen skal de framf\u00f8re l\u00e5ta\u00a0 \u00abGolden\u00bb, som kommer fra en av \u00e5rets mest popul\u00e6re filmer: \u00abK-Pop: Demon Hunters\u00bb.\u00a0<\/p>\n<p>          <img loading=\"lazy\" decoding=\"async\" src=\"https:\/\/www.europesays.com\/no\/wp-content\/uploads\/2025\/12\/83946067.webp\" width=\"686\" height=\"515\" title=\"DUO: Brokkolien har f\u00e5tt med seg artisten Nora Jabri, som sist var aktuell i Melodi Grand Prix tidligere i \u00e5r. Foto: NRK\" alt=\"\" class=\"\" style=\"--aspect-ratio-image: 1.33; \"\/><\/p>\n<p>\n          DUO: Brokkolien har f\u00e5tt med seg artisten Nora Jabri, som sist var aktuell i Melodi Grand Prix tidligere i \u00e5r. Foto: NRK\n      <\/p>\n<p data-lab-font_weight=\"\">Brokkolien fikk terningkast seks av Dagbladets anmelder forrige uke, da temaet var Disney. I detektivpanelet r\u00e5r fortsatt uenigheten.\u00a0<\/p>\n<p data-lab-font_weight=\"\"> Robert tror at det kan v\u00e6re YouTuber og sanger \u00abPelleK\u00bb, hvis ekte navn er Per Fredrik \u00c5sly (39), som skal ha en forkj\u00e6rlighet for nettopp Disney-l\u00e5ter.\u00a0<\/p>\n<p>        \u00abSKAL VI DANSE\u00bb: Tale Torjussen har med seg tre ekstra dansere til l\u00f8rdagens sending. Video: R\u00f8d L\u00f8per\/Nora Skavhaug<\/p>\n<p data-lab-font_weight=\"\">Tone trakk fram Atle Pettersen (36), som blant annet har spilt Danny Zuko i en oppsetning av musikalen \u00abGrease\u00bb i sommer.\u00a0<\/p>\n<p data-lab-font_weight=\"\" class=\"italic m-italic\" data-lab-italic=\"italic\">\u00abMaskorama\u00bb vises p\u00e5 NRK l\u00f8rdager klokka 19.45.\u00a0<\/p>\n","protected":false},"excerpt":{"rendered":"\u00abMaskorama\u00bb 2025:\u00a0 Det blir kjendistungt under kveldens semifinale av \u00abMaskorama\u00bb. Alle artistene skal synge duett med kjente partnere.\u00a0\u00a0&hellip;\n","protected":false},"author":2,"featured_media":105652,"comment_status":"","ping_status":"","sticky":false,"template":"","format":"standard","meta":{"footnotes":""},"categories":[5],"tags":[20,21,24,25,15,19,479,9716,22,23,17,18,4243,2693,13,30,13229,28,29,14,16,26,27],"class_list":{"0":"post-105651","1":"post","2":"type-post","3":"status-publish","4":"format-standard","5":"has-post-thumbnail","7":"category-overskrifter","8":"tag-breaking-news","9":"tag-breakingnews","10":"tag-featured-news","11":"tag-featurednews","12":"tag-headlines","13":"tag-hovedoppslag","14":"tag-kjendis","15":"tag-lars-vaular","16":"tag-latest-news","17":"tag-latestnews","18":"tag-main-news","19":"tag-mainnews","20":"tag-marcus-og-martinus","21":"tag-maskorama","22":"tag-news","23":"tag-no","24":"tag-nora-jabri","25":"tag-norge","26":"tag-norway","27":"tag-nyheter","28":"tag-overskrifter","29":"tag-top-stories","30":"tag-topstories"},"share_on_mastodon":{"url":"https:\/\/pubeurope.com\/@no\/115671981674560514","error":""},"_links":{"self":[{"href":"https:\/\/www.europesays.com\/no\/wp-json\/wp\/v2\/posts\/105651","targetHints":{"allow":["GET"]}}],"collection":[{"href":"https:\/\/www.europesays.com\/no\/wp-json\/wp\/v2\/posts"}],"about":[{"href":"https:\/\/www.europesays.com\/no\/wp-json\/wp\/v2\/types\/post"}],"author":[{"embeddable":true,"href":"https:\/\/www.europesays.com\/no\/wp-json\/wp\/v2\/users\/2"}],"replies":[{"embeddable":true,"href":"https:\/\/www.europesays.com\/no\/wp-json\/wp\/v2\/comments?post=105651"}],"version-history":[{"count":0,"href":"https:\/\/www.europesays.com\/no\/wp-json\/wp\/v2\/posts\/105651\/revisions"}],"wp:featuredmedia":[{"embeddable":true,"href":"https:\/\/www.europesays.com\/no\/wp-json\/wp\/v2\/media\/105652"}],"wp:attachment":[{"href":"https:\/\/www.europesays.com\/no\/wp-json\/wp\/v2\/media?parent=105651"}],"wp:term":[{"taxonomy":"category","embeddable":true,"href":"https:\/\/www.europesays.com\/no\/wp-json\/wp\/v2\/categories?post=105651"},{"taxonomy":"post_tag","embeddable":true,"href":"https:\/\/www.europesays.com\/no\/wp-json\/wp\/v2\/tags?post=105651"}],"curies":[{"name":"wp","href":"https:\/\/api.w.org\/{rel}","templated":true}]}}