{"id":105668,"date":"2025-12-06T10:17:26","date_gmt":"2025-12-06T10:17:26","guid":{"rendered":"https:\/\/www.europesays.com\/no\/105668\/"},"modified":"2025-12-06T10:17:26","modified_gmt":"2025-12-06T10:17:26","slug":"elsparkesykkel-ulykker-15-aringer-topper-listene","status":"publish","type":"post","link":"https:\/\/www.europesays.com\/no\/105668\/","title":{"rendered":"Elsparkesykkel-ulykker: 15 \u00e5ringer topper listene"},"content":{"rendered":"\n<p class=\"_lead_o9xde_2 _lead_xtcu6_50 layout-component text-serif-m layout-normal text-serif-l layout-component layout-wide layout-padded _wide_17hqh_1 layout-padded\">N\u00e5 sl\u00e5r overlege alarm og anbefaler h\u00f8yere aldersgrense p\u00e5 elsparkesykkel.<\/p>\n<p><img alt=\"P\u00c5 RAD OG REKKE: Elsparkesykler f\u00f8rer til en rekke ulykker. Flest er ten\u00e5ringer.  Foto: Gabriel Aas Sk\u00e5levik \/ VG\" class=\"_image_qp4xg_65 layout-component layout-wide\" data-fullscreen- data-track-element-type=\"Article image fullscreen\" data-track-name=\"ImageFullscreen\" fetchpriority=\"high\" decoding=\"sync\" loading=\"eager\" height=\"3429\" itemprop=\"image\"  src=\"https:\/\/www.europesays.com\/no\/wp-content\/uploads\/2025\/12\/fd845d99-a2c3-4db4-a43f-e54c61c329a9\"  style=\"object-position:0% 0%\" width=\"5144\"\/>P\u00c5 RAD OG REKKE: Elsparkesykler f\u00f8rer til en rekke ulykker. Flest er ten\u00e5ringer.  Foto: Gabriel Aas Sk\u00e5levik \/ VG<\/p>\n<ul aria-hidden=\"true\" class=\"_images_ntbth_112\">\n<li><a class=\"_link_ntbth_117\" href=\"https:\/\/www.vg.no\/forfatter\/nora-kvernmo-rindal\" style=\"z-index:1\" title=\"Nora Kvernmo Rindal\" rel=\"nofollow noopener\" target=\"_blank\"><img alt=\"Bilde av Nora Kvernmo Rindal\" class=\"_image_ntbth_93\" fetchpriority=\"low\" loading=\"lazy\" decoding=\"async\" itemprop=\"image\"  src=\"https:\/\/www.europesays.com\/no\/wp-content\/uploads\/2025\/12\/e9a8dfd1-f394-4db6-b4c7-25003539a55e\"  width=\"480\"\/><\/a><\/li>\n<\/ul>\n<p> Oppdatert l\u00f8rdag 6. desember kl. 07:26    <\/p>\n<ul class=\"_list_o9xde_3 _list_64s2r_85 _unordered_o9xde_106 text-sans-m\">\n<li class=\"_item_o9xde_30\">15-\u00e5ringer bes\u00f8ker legevakten hyppigst etter skader fra elsparkesykkel<\/li>\n<li class=\"_item_o9xde_30\">Overlege Henrik Siverts mener at aldersgrensen p\u00e5 elsparkesykkel b\u00f8r heves fra 12 til 16 \u00e5r.<\/li>\n<li class=\"_item_o9xde_30\">Byr\u00e5den for milj\u00f8 og samferdsel i Oslo, Marit Kristine Vea (V), er enig i at aldersgrensen m\u00e5 v\u00e6re h\u00f8yere.<\/li>\n<li class=\"_item_o9xde_30\">Samferdselsminister Jon Ivar Nyg\u00e5rd vurderer nye tiltak for \u00e5 forbedre sikkerheten.<\/li>\n<\/ul>\n<p>Vis mer <\/p>\n<p class=\"_paragraph_o9xde_4 _paragraph_xtcu6_10 layout-component text-serif-m layout-normal text-serif-m layout-padded\">55 ganger har 15-\u00e5ringer dukket opp p\u00e5 Oslo skadelegevakt etter sparkesykkelulykker i \u00e5r.<\/p>\n<p class=\"_paragraph_o9xde_4 _paragraph_xtcu6_10 layout-component text-serif-m layout-normal text-serif-m layout-padded\">14-\u00e5ringene kommer som nummer to, med 50 bes\u00f8k.<\/p>\n<p class=\"_paragraph_o9xde_4 _paragraph_xtcu6_10 layout-component text-serif-m layout-normal text-serif-m layout-padded\">Ogs\u00e5 12- og 13-\u00e5ringene kommer h\u00f8yt opp p\u00e5 lista, med henholdsvis 43 og 38 turer p\u00e5 skadelegevakten.<\/p>\n<p class=\"_paragraph_o9xde_4 _paragraph_xtcu6_10 layout-component text-serif-m layout-normal text-serif-m layout-padded\">Det viser tall VG har f\u00e5tt fra skadelegevakten.<\/p>\n<p><img decoding=\"async\" alt=\"Bilde av Henrik Siverts\" class=\"_image_ygndg_42\" height=\"27\" itemprop=\"image\" loading=\"lazy\"  src=\"https:\/\/www.europesays.com\/no\/wp-content\/uploads\/2025\/12\/76ae5b4c-048a-4c94-b80d-2be19652d3e1\"  width=\"40\"\/><strong class=\"_name_ygndg_51 title-serif-xs\">Henrik Siverts<\/strong><\/p>\n<p class=\"_paragraph_o9xde_4 text-sans-m _description_ygndg_56\">Overlege, skadelegevakten i Oslo<\/p>\n<p class=\"_paragraph_o9xde_4 _paragraph_xtcu6_10 layout-component text-serif-m layout-normal text-serif-m layout-padded\">\u2013 Jeg synes det er rart at vi er s\u00e5pass liberale med elsparkesykler, sier overlege Henrik Siverts ved Oslo skadelegevakt.<\/p>\n<p>\u2013 Ikke greit<\/p>\n<p class=\"_paragraph_o9xde_4 _paragraph_xtcu6_10 layout-component text-serif-m layout-normal text-serif-m layout-padded\">Siverts p\u00e5peker at det b\u00e5de er aldersgrense p\u00e5 16 \u00e5r og hjelmp\u00e5bud for bruk av moped.<\/p>\n<p class=\"_paragraph_o9xde_4 _paragraph_xtcu6_10 layout-component text-serif-m layout-normal text-serif-m layout-padded\">P\u00e5 elsparkesykkel er det 12 \u00e5rs aldersgrense, og hjelmp\u00e5bud frem til fylte 15 \u00e5r.<\/p>\n<p class=\"_paragraph_o9xde_4 _paragraph_xtcu6_10 layout-component text-serif-m layout-normal text-serif-m layout-padded\">\u2013 Dette er personer som kj\u00f8rer rundt i trafikken med motoriserte kj\u00f8ret\u00f8y, uten trafikkoppl\u00e6ring, p\u00e5peker Siverts, og fortsetter:<\/p>\n<p class=\"_paragraph_o9xde_4 _paragraph_xtcu6_10 layout-component text-serif-m layout-normal text-serif-m layout-padded\">\u2013 Det er ikke greit at unge mennesker skader seg og muligens f\u00e5r varige m\u00e9n av et kj\u00f8ret\u00f8y de kanskje ikke burde brukt i det hele tatt.<\/p>\n<p class=\"_paragraph_o9xde_4 _paragraph_xtcu6_10 layout-component text-serif-m layout-normal text-serif-m layout-padded\">Siverts forteller at de aller fleste skadene er lettere skader.<\/p>\n<p class=\"_paragraph_o9xde_4 _paragraph_xtcu6_10 layout-component text-serif-m layout-normal text-serif-m layout-padded\">\u2013 Men fire til seks prosent har alvorlige skader. Noen av de har hodeskader, og m\u00e5 bli lagt inn p\u00e5 sykehus.<\/p>\n<p class=\"_paragraph_o9xde_4 _paragraph_xtcu6_10 layout-component text-serif-m layout-normal text-serif-m layout-padded\">\u2013 Det er veldig meningsl\u00f8st.<\/p>\n<p class=\"_paragraph_o9xde_4 _paragraph_xtcu6_10 layout-component text-serif-m layout-normal text-serif-m layout-padded\"><a href=\"https:\/\/www.vg.no\/i\/pPJ02X\" data-track-element-type=\"Link\" data-track-id=\"link:pPJ02X\" class=\"_link_o9xde_39\" rel=\"nofollow noopener\" target=\"_blank\">Tidligere i novembe<\/a>r ble byr\u00e5det i Oslo og selskapene Voi, Ryde og Bolt enige om flere tiltak for \u00e5 redusere ulovlig og uv\u00f8ren bruk p\u00e5 elsparkesykler. Tiltakene gjelder i Oslo kommune.<\/p>\n<p>Dette ble partene enig om<\/p>\n<ul class=\"_list_o9xde_3 _list_xtcu6_9 _list_16v91_9 _unordered_o9xde_106 layout-component text-serif-m layout-normal text-sans-m layout-padded\">\n<li class=\"_item_o9xde_30\">Toppfarten skal reduseres med 10 prosent \u2013 fra 20 km\/t til 18 km\/t<\/li>\n<li class=\"_item_o9xde_30\">Akselerasjonen skal senkes<\/li>\n<li class=\"_item_o9xde_30\">Alle brukere m\u00e5 gjennom omfattende, digital kursing<\/li>\n<li class=\"_item_o9xde_30\">Terskelen for utestengelse etter feilparkering senkes: 4000 brukere vil bli utestengt f\u00f8r nytt\u00e5r<\/li>\n<li class=\"_item_o9xde_30\">I julebordsesongen m\u00e5 brukerne gjennom en strengere promilletest fra klokken 21 hele uken<\/li>\n<\/ul>\n<p class=\"_paragraph_o9xde_4 _paragraph_xtcu6_10 _paragraph_16v91_10 layout-component text-serif-m layout-normal text-sans-m layout-padded\">Tiltakene ble innf\u00f8rt umiddelbart.<\/p>\n<p>Vis mer<\/p>\n<p class=\"_paragraph_o9xde_4 _paragraph_xtcu6_10 layout-component text-serif-m layout-normal text-serif-m layout-padded\">Siverts ber\u00f8mmer samarbeidet mellom byr\u00e5det og utleierne.<\/p>\n<p class=\"_paragraph_o9xde_4 _paragraph_xtcu6_10 layout-component text-serif-m layout-normal text-serif-m layout-padded\">\u2013 Vi har en jobb \u00e5 gj\u00f8re med de eide syklene. Det er jo en del unge som f\u00e5r sykler av mor og far. Disse er det mindre kontroll p\u00e5 enn de fra utleieselskapene.<\/p>\n<p>\u2013 Sunn fornuft<\/p>\n<p class=\"_paragraph_o9xde_4 _paragraph_xtcu6_10 layout-component text-serif-m layout-normal text-serif-m layout-padded\">Trygg Trafikk ettersp\u00f8r ytterligere tiltak for \u00e5 f\u00e5 ned skadetallene.<\/p>\n<p class=\"_paragraph_o9xde_4 _paragraph_xtcu6_10 layout-component text-serif-m layout-normal text-serif-m layout-padded\">\u2013 Det er et problem at unge barn s\u00e5 ofte blir skadet p\u00e5 elsparkesykkel. Vi har lenge ment at aldersgrensen burde v\u00e6rt hevet til 16 \u00e5r. Dette er enda et argument for at dette er noe man b\u00f8r se p\u00e5, sier Christoffer Solstad Steen i Trygg Trafikk til VG.<\/p>\n<p><img decoding=\"async\" alt=\"Bilde av Christoffer Solstad Steen\" class=\"_image_ygndg_42\" height=\"27\" itemprop=\"image\" loading=\"lazy\"  src=\"https:\/\/www.europesays.com\/no\/wp-content\/uploads\/2025\/12\/3a9acc2c-5191-4b08-b2b7-4472a72d8771\"  width=\"40\"\/><strong class=\"_name_ygndg_51 title-serif-xs\">Christoffer Solstad Steen<\/strong><\/p>\n<p class=\"_paragraph_o9xde_4 text-sans-m _description_ygndg_56\">Kommunikasjonssjef, Trygg Trafikk<\/p>\n<p class=\"_paragraph_o9xde_4 _paragraph_xtcu6_10 layout-component text-serif-m layout-normal text-serif-m layout-padded\">Overlege Siverts er klar p\u00e5 at aldersgrensen b\u00f8r heves, og det raskt.<\/p>\n<p class=\"_paragraph_o9xde_4 _paragraph_xtcu6_10 layout-component text-serif-m layout-normal text-serif-m layout-padded\">\u2013 Jeg ser ikke noe grunn til at man skal utrede s\u00e5 veldig mye. Det er bare sunn fornuft, sier han til VG.<\/p>\n<p class=\"_paragraph_o9xde_4 _paragraph_xtcu6_10 layout-component text-serif-m layout-normal text-serif-m layout-padded\"><strong class=\"_strong_o9xde_25\">Byr\u00e5d for milj\u00f8 og samferdsel i Oslo, Marit Kristine Vea (V), mener at en h\u00f8yere aldersgrense b\u00f8r komme p\u00e5 plass.<\/strong><\/p>\n<p class=\"_paragraph_o9xde_4 _paragraph_xtcu6_10 layout-component text-serif-m layout-normal text-serif-m layout-padded\">\u2013 12 \u00e5r er altfor lavt. Det er et s\u00e5 komplekst trafikkbilde i Oslo, og dette viser at aldersgrensen m\u00e5 opp for \u00e5 f\u00e5 skadetallene ned, sier Vea til VG.<\/p>\n<p><img decoding=\"async\" alt=\"Bilde av Marit Kristine Vea\" class=\"_image_ygndg_42\" height=\"27\" itemprop=\"image\" loading=\"lazy\"  src=\"https:\/\/www.europesays.com\/no\/wp-content\/uploads\/2025\/12\/dd7538b3-9397-4d78-b804-1d6602aca9ef\"  width=\"40\"\/><strong class=\"_name_ygndg_51 title-serif-xs\">Marit Kristine Vea<\/strong><\/p>\n<p class=\"_paragraph_o9xde_4 text-sans-m _description_ygndg_56\">Byr\u00e5d for milj\u00f8 og samferdsel (V)<\/p>\n<p>Ministeren vurderer nye tiltak<\/p>\n<p class=\"_paragraph_o9xde_4 _paragraph_xtcu6_10 layout-component text-serif-m layout-normal text-serif-m layout-padded\">Mens Trygg Trafikk \u00f8nsker en aldersgrense p\u00e5 16 \u00e5r, har byr\u00e5den tidligere tatt til orde for en grense p\u00e5 15 \u00e5r.<\/p>\n<p class=\"_paragraph_o9xde_4 _paragraph_xtcu6_10 layout-component text-serif-m layout-normal text-serif-m layout-padded\">\u2013 Vi vurderer det som en fornuftig alder, men vi er \u00e5pen for at den b\u00f8r v\u00e6re h\u00f8yere. Vi m\u00e5 f\u00e5 snudd trenden hvor s\u00e5 mange barn kommer med alvorlige skader til legevakten.<\/p>\n<p class=\"_paragraph_o9xde_4 _paragraph_xtcu6_10 layout-component text-serif-m layout-normal text-serif-m layout-padded\">VG sp\u00f8r samferdselsminister Jon Ivar Nyg\u00e5rd om hvorvidt en aldersgrense p\u00e5 12 \u00e5r er tilstrekkelig, med bakgrunn i tallene fra skadelegevakten.<\/p>\n<p class=\"_paragraph_o9xde_4 _paragraph_xtcu6_10 layout-component text-serif-m layout-normal text-serif-m layout-padded\">\u2013 Vi er selvsagt bekymret for ulykkesutviklingen p\u00e5 elsparkesykkel, og vil derfor vurdere mulige nye tiltak. Dette inng\u00e5r i arbeidet med ny nasjonal tiltaksplan for trafikksikkerhet p\u00e5 vei. Planen skal legges fram v\u00e5ren 2026, svarer Nyg\u00e5rd i en e-post til VG.<\/p>\n","protected":false},"excerpt":{"rendered":"N\u00e5 sl\u00e5r overlege alarm og anbefaler h\u00f8yere aldersgrense p\u00e5 elsparkesykkel. P\u00c5 RAD OG REKKE: Elsparkesykler f\u00f8rer til en&hellip;\n","protected":false},"author":2,"featured_media":105669,"comment_status":"","ping_status":"","sticky":false,"template":"","format":"standard","meta":{"footnotes":""},"categories":[10],"tags":[20,21,3658,24,25,15,22,23,5806,13,30,28,29,14,16,26,27,1204],"class_list":{"0":"post-105668","1":"post","2":"type-post","3":"status-publish","4":"format-standard","5":"has-post-thumbnail","7":"category-norge","8":"tag-breaking-news","9":"tag-breakingnews","10":"tag-elsparkesykkel","11":"tag-featured-news","12":"tag-featurednews","13":"tag-headlines","14":"tag-latest-news","15":"tag-latestnews","16":"tag-legevakt","17":"tag-news","18":"tag-no","19":"tag-norge","20":"tag-norway","21":"tag-nyheter","22":"tag-overskrifter","23":"tag-top-stories","24":"tag-topstories","25":"tag-ulykker"},"share_on_mastodon":{"url":"https:\/\/pubeurope.com\/@no\/115672111281598682","error":""},"_links":{"self":[{"href":"https:\/\/www.europesays.com\/no\/wp-json\/wp\/v2\/posts\/105668","targetHints":{"allow":["GET"]}}],"collection":[{"href":"https:\/\/www.europesays.com\/no\/wp-json\/wp\/v2\/posts"}],"about":[{"href":"https:\/\/www.europesays.com\/no\/wp-json\/wp\/v2\/types\/post"}],"author":[{"embeddable":true,"href":"https:\/\/www.europesays.com\/no\/wp-json\/wp\/v2\/users\/2"}],"replies":[{"embeddable":true,"href":"https:\/\/www.europesays.com\/no\/wp-json\/wp\/v2\/comments?post=105668"}],"version-history":[{"count":0,"href":"https:\/\/www.europesays.com\/no\/wp-json\/wp\/v2\/posts\/105668\/revisions"}],"wp:featuredmedia":[{"embeddable":true,"href":"https:\/\/www.europesays.com\/no\/wp-json\/wp\/v2\/media\/105669"}],"wp:attachment":[{"href":"https:\/\/www.europesays.com\/no\/wp-json\/wp\/v2\/media?parent=105668"}],"wp:term":[{"taxonomy":"category","embeddable":true,"href":"https:\/\/www.europesays.com\/no\/wp-json\/wp\/v2\/categories?post=105668"},{"taxonomy":"post_tag","embeddable":true,"href":"https:\/\/www.europesays.com\/no\/wp-json\/wp\/v2\/tags?post=105668"}],"curies":[{"name":"wp","href":"https:\/\/api.w.org\/{rel}","templated":true}]}}