{"id":105670,"date":"2025-12-06T10:19:16","date_gmt":"2025-12-06T10:19:16","guid":{"rendered":"https:\/\/www.europesays.com\/no\/105670\/"},"modified":"2025-12-06T10:19:16","modified_gmt":"2025-12-06T10:19:16","slug":"dora-thorhallsdottir-og-jan-tore-borgersen-bekrefter-skilsmisse-etter-krevende-ar","status":"publish","type":"post","link":"https:\/\/www.europesays.com\/no\/105670\/","title":{"rendered":"Dora Thorhallsdottir og Jan Tore Borgersen bekrefter skilsmisse etter krevende \u00e5r"},"content":{"rendered":"<p class=\"kicker \" style=\"\">Dora Thorhallsdottir:<\/p>\n<p>  Etter et intenst forhold og helseutfordringer, bekrefter paret skilsmisse.<\/p>\n<p>\n    GIFTET SEG: Dora Thorhallsdottir og Jan Tore Borgersen ga hverandre sitt ja l\u00f8rdag 8. juli 2023 p\u00e5 Eng\u00f8 G\u00e5rd. Dr\u00f8ye to \u00e5r senere, er forholdet over. Foto: Studio Design\n  <\/p>\n<p>Komiker, foredragsholder og EQ-terapeut Dora Thorhallsdottir (52) bekrefter i dagens utgave av podkasten \u00abRelasjonspodden\u00bb at hun og ektemannen Jan Tore Borgersen (55) har valgt \u00e5 g\u00e5 fra hverandre.<\/p>\n<p>    <a itemprop=\"url\" href=\"https:\/\/www.seher.no\/kjendis\/slar-tilbake-noe-skjedde-med-meg\/83936699\" rel=\"nofollow noopener\" target=\"_blank\"><\/p>\n<p>      <img loading=\"lazy\" decoding=\"async\" src=\"https:\/\/www.europesays.com\/no\/wp-content\/uploads\/2025\/12\/83937683.webp\" width=\"980\" height=\"441\" title=\"Sl\u00e5r tilbake: - Noe skjedde med meg\" alt=\"\" class=\"lazyload\" style=\"--aspect-ratio-image: 2.22; \"\/><\/p>\n<p>        Sl\u00e5r tilbake: &#8211; Noe skjedde med meg<\/p>\n<p>    <\/a><\/p>\n<p class=\"font-weight-bold m-font-weight-bold\" data-lab-font_weight=\"font-weight-bold\">Paret, som giftet seg i 2023, har de siste \u00e5rene v\u00e6rt \u00e5pne om b\u00e5de sterke opplevelser og krevende perioder knyttet til Jan Tores helseutfordringer.\u00a0<\/p>\n<p>        OVER: Se og H\u00f8r erfarer at forholdet mellom prins Sverre Magnus og Amalie Gi\u00e6ver Macleod er over. Foto: NTB \/ Andreas Fadum \/ Se og H\u00f8r \/\/ Reporter og klipp: Elise Violeta Ness Aksnes<\/p>\n<p>Under pandemien m\u00f8tte 52-\u00e5ringen Jan Tore for f\u00f8rste gang, etter at de i noen dager hadde utvekslet meldinger p\u00e5 Facebook. Paret falt pladask for hverandre, og bare tre m\u00e5neder seinere fikk hun en forlovelsesring p\u00e5 fingeren.<\/p>\n<p>          <img loading=\"lazy\" decoding=\"async\" src=\"https:\/\/www.europesays.com\/no\/wp-content\/uploads\/2025\/12\/76971294.webp\" width=\"980\" height=\"559\" title=\"KREFT I HALSEN: Jan Tore fikk kreft i halsen for andre gang i 2022. Dora sto st\u00f8dig ved hans side. Foto: Kristian Ridder-Nielsen\/Dagbladet\" alt=\"\" class=\"\" style=\"--aspect-ratio-image: 1.75; \"\/><\/p>\n<p>\n          KREFT I HALSEN: Jan Tore fikk kreft i halsen for andre gang i 2022. Dora sto st\u00f8dig ved hans side. Foto: Kristian Ridder-Nielsen\/Dagbladet\n      <\/p>\n<p>Paret giftet seg 08. juli 2023, p\u00e5 Eng\u00f8 G\u00e5rd p\u00e5 Tj\u00f8me, omringet av n\u00e6rmeste familie.<\/p>\n<p>          <img loading=\"lazy\" decoding=\"async\" src=\"https:\/\/www.europesays.com\/no\/wp-content\/uploads\/2025\/12\/1765016349_397_79839677.webp\" width=\"980\" height=\"559\" title=\"GIFTET SEG: Dora Thorhallsdottir og Jan Tore Borgersen ga hverandre sitt ja l\u00f8rdag 8. juli 2023 p\u00e5 Eng\u00f8 G\u00e5rd. Foto: Studio Design\" alt=\"\" class=\"\" style=\"--aspect-ratio-image: 1.75; \"\/><\/p>\n<p>\n          GIFTET SEG: Dora Thorhallsdottir og Jan Tore Borgersen ga hverandre sitt ja l\u00f8rdag 8. juli 2023 p\u00e5 Eng\u00f8 G\u00e5rd. Foto: Studio Design\n      <\/p>\n<p class=\"font-weight-bold m-font-weight-bold\" data-lab-font_weight=\"font-weight-bold\">Dr\u00f8ye to \u00e5r etter at de ga hverandre sitt ja, har de n\u00e5 valgt \u00e5 g\u00e5 hver til sitt.<\/p>\n<p>Rammet av sykdom\t<\/p>\n<p>Skilsmissen markerer avslutningen p\u00e5 et forhold som startet intenst, vokste raskt &#8211; og etter hvert ble formet av omstendigheter ingen av dem var forberedt p\u00e5.<\/p>\n<p>        NY SESONG: \u00abAlle elsker David\u00bb gj\u00f8r endringer i sin syvende sesong. Video: TV 2\/ Danny Son Ngoc To \/ Thea Hope\/ R\u00f8d L\u00f8per<\/p>\n<p class=\"font-weight-bold m-font-weight-bold\" data-lab-font_weight=\"font-weight-bold\">Jan Tore ble rammet av kreft for andre gang i 2022 &#8211; et \u00e5r f\u00f8r han giftet seg med Dora.<\/p>\n<p>    <a itemprop=\"url\" href=\"https:\/\/www.seher.no\/kongelig\/prinsessen-i-sorg\/83938495\" rel=\"nofollow noopener\" target=\"_blank\"><\/p>\n<p>      <img loading=\"lazy\" decoding=\"async\" src=\"https:\/\/www.europesays.com\/no\/wp-content\/uploads\/2025\/12\/1765016350_424_83938676.webp\" width=\"980\" height=\"441\" title=\"Prinsessen i sorg\" alt=\"\" class=\"lazyload\" style=\"--aspect-ratio-image: 2.22; \"\/><\/p>\n<p>        Prinsessen i sorg<\/p>\n<p>    <\/a><\/p>\n<p>Han hadde kreft i 2015, og overlevde s\u00e5 vidt. Da kreften kom tilbake, kunne han ikke f\u00e5 verken cellegift eller str\u00e5ling. Det eneste som var aktuelt, var \u00e5 ta en operasjon.\u00a0<\/p>\n<p class=\"font-weight-bold m-font-weight-bold\" data-lab-font_weight=\"font-weight-bold\">Men svulsten var stor &#8211; og n\u00e6r hovedpuls\u00e5ren. En operasjon var risikabelt, og vanskelig.<\/p>\n<p>          <img loading=\"lazy\" decoding=\"async\" src=\"https:\/\/www.europesays.com\/no\/wp-content\/uploads\/2025\/12\/79827743.webp\" width=\"980\" height=\"559\" title=\"SKILT Dora Thorhallsdottir og Jan Tore Borgersen ble kj\u00e6rester og forlovet under pandemien. Veien derfra har ikke v\u00e6rt lett, og paret har hatt noen sv\u00e6rt utfordrende \u00e5r. Foto: Privat\" alt=\"\" class=\"\" style=\"--aspect-ratio-image: 1.75; \"\/><\/p>\n<p>\n          SKILT Dora Thorhallsdottir og Jan Tore Borgersen ble kj\u00e6rester og forlovet under pandemien. Veien derfra har ikke v\u00e6rt lett, og paret har hatt noen sv\u00e6rt utfordrende \u00e5r. Foto: Privat\n      <\/p>\n<p>I to uker etter at de hadde f\u00e5tt den nedsl\u00e5ende beskjeden gikk de uvitende om Jan Tore fikk operasjonen, og trengte derfor \u00e5 legge en annen plan i mellomtiden.<\/p>\n<p>&#8211; Da hadde han rett og slett veldig kort tid igjen \u00e5 leve. Det var s\u00e5 innmari emosjonelt at vi planla b\u00e5de begravelse og hastebryllup. Vi ville gjerne v\u00e6re gift hvis han skulle d\u00f8. Dette m\u00e5tte skje i l\u00f8pet av noen f\u00e5 uker, for han ville bli s\u00e5 d\u00e5rlig etter hvert. Det var s\u00e5 utrolig sterkt, fortalte Dora til <a href=\"https:\/\/www.seher.no\/kjendis\/ville-vaere-gift-hvis-han-skulle-do\/79828548\" rel=\"nofollow noopener\" target=\"_blank\">Se og H\u00f8r<\/a> den gang.<\/p>\n<p>          <img loading=\"lazy\" decoding=\"async\" src=\"https:\/\/www.europesays.com\/no\/wp-content\/uploads\/2025\/12\/81626235.webp\" width=\"980\" height=\"559\" title=\"SKILLES: Dora Thorhallsdottir bekrefter at hun og ektemannen har tatt ut skilsmisse. Foto: Andreas Fadum\/Se og H\u00f8r\" alt=\"\" class=\"\" style=\"--aspect-ratio-image: 1.75; \"\/><\/p>\n<p>\n          SKILLES: Dora Thorhallsdottir bekrefter at hun og ektemannen har tatt ut skilsmisse. Foto: Andreas Fadum\/Se og H\u00f8r\n      <\/p>\n<p>En vanskelig beslutning\t<\/p>\n<p>I podkast-episoden innr\u00f8mmer Dora at hun gruer seg til \u00e5 dele beskjeden, og beskriver prosessen som lang og vanskelig.<\/p>\n<p>Jan Tores kreftsykdom skulle vise seg \u00e5 bli knekken for forholdet. Han mistet stemmen, samtalene forsvant og mye av forholdet endret seg. Og det de hadde kommer de ikke til \u00e5 f\u00e5 det tilbake, forteller hun.<\/p>\n<p>        T\u00d8YDE STRIKKEN: Oskar Westerlin erkjenner at han og \u00abRampenissen\u00bb-kollegaene hadde d\u00e5rlig innflytelse p\u00e5 hverandre. Reporter: Sanne Holt. Video: Victoria L\u00f8vik\/ TV 2<\/p>\n<p>&#8211; Det som skjedde for fire uker siden var at jeg sa at jeg ville skilles. Det sa jeg ogs\u00e5 i oktober, men da pr\u00f8vde vi igjen. Det har skjedd f\u00f8r ogs\u00e5, men s\u00e5 har jeg villet s\u00e5 veldig &#8211; og han ogs\u00e5, ikke minst.\u00a0<\/p>\n<p>    <a itemprop=\"url\" href=\"https:\/\/www.seher.no\/kjendis\/tar-forholdet-et-steg-videre\/83937007\" rel=\"nofollow noopener\" target=\"_blank\"><\/p>\n<p>      <img loading=\"lazy\" decoding=\"async\" src=\"https:\/\/www.europesays.com\/no\/wp-content\/uploads\/2025\/12\/83562247.webp\" width=\"980\" height=\"441\" title=\"Tar forholdet et steg videre\" alt=\"\" class=\"lazyload\" style=\"--aspect-ratio-image: 2.22; \"\/><\/p>\n<p>        Tar forholdet et steg videre<\/p>\n<p>    <\/a><\/p>\n<p class=\"font-weight-bold m-font-weight-bold\" data-lab-font_weight=\"font-weight-bold\">&#8211; Dette er ikke et gjensidig valg, at det blir skilsmisse. Det er fra min side , og det handler rett og slett om \u00e5 ta vare p\u00e5 meg selv. Jeg kjenner at jeg vil ikke fortsette med dette, og det endrer seg ikke. Det blir ikke annerledes enn det som er, og det er ikke s\u00e5nn jeg har lyst til \u00e5 ha det resten av livet.\u00a0<\/p>\n<p class=\"no_italic m-no_italic\" data-lab-italic=\"\">Hun understreker at forholdet, selv i sine mest krevende faser, var preget av respekt.<\/p>\n<p>        TRUMP-VITS: Da prins Harry gjestet \u00abThe Late Show with Stephen Colbert\u201d fikk en vits publikummet til \u00e5 bue. Video: The Late Show With Stephen Colbert \/ Danny Son To \/ R\u00f8d L\u00f8per<\/p>\n<p class=\"no_italic m-no_italic\" data-lab-italic=\"\">Dora presiserer at Jan Tore b\u00e5de vet og godkjenner at hun omtaler bruddet i podkasten.<\/p>\n","protected":false},"excerpt":{"rendered":"Dora Thorhallsdottir: Etter et intenst forhold og helseutfordringer, bekrefter paret skilsmisse. GIFTET SEG: Dora Thorhallsdottir og Jan Tore&hellip;\n","protected":false},"author":2,"featured_media":105671,"comment_status":"","ping_status":"","sticky":false,"template":"","format":"standard","meta":{"footnotes":""},"categories":[5],"tags":[20,21,13210,4104,24,25,15,19,479,22,23,17,18,13,30,28,29,14,16,4031,26,27],"class_list":{"0":"post-105670","1":"post","2":"type-post","3":"status-publish","4":"format-standard","5":"has-post-thumbnail","7":"category-overskrifter","8":"tag-breaking-news","9":"tag-breakingnews","10":"tag-dora-thorhallsdottir","11":"tag-eksklusivt","12":"tag-featured-news","13":"tag-featurednews","14":"tag-headlines","15":"tag-hovedoppslag","16":"tag-kjendis","17":"tag-latest-news","18":"tag-latestnews","19":"tag-main-news","20":"tag-mainnews","21":"tag-news","22":"tag-no","23":"tag-norge","24":"tag-norway","25":"tag-nyheter","26":"tag-overskrifter","27":"tag-skilsmisse","28":"tag-top-stories","29":"tag-topstories"},"share_on_mastodon":{"url":"https:\/\/pubeurope.com\/@no\/115672119121426161","error":""},"_links":{"self":[{"href":"https:\/\/www.europesays.com\/no\/wp-json\/wp\/v2\/posts\/105670","targetHints":{"allow":["GET"]}}],"collection":[{"href":"https:\/\/www.europesays.com\/no\/wp-json\/wp\/v2\/posts"}],"about":[{"href":"https:\/\/www.europesays.com\/no\/wp-json\/wp\/v2\/types\/post"}],"author":[{"embeddable":true,"href":"https:\/\/www.europesays.com\/no\/wp-json\/wp\/v2\/users\/2"}],"replies":[{"embeddable":true,"href":"https:\/\/www.europesays.com\/no\/wp-json\/wp\/v2\/comments?post=105670"}],"version-history":[{"count":0,"href":"https:\/\/www.europesays.com\/no\/wp-json\/wp\/v2\/posts\/105670\/revisions"}],"wp:featuredmedia":[{"embeddable":true,"href":"https:\/\/www.europesays.com\/no\/wp-json\/wp\/v2\/media\/105671"}],"wp:attachment":[{"href":"https:\/\/www.europesays.com\/no\/wp-json\/wp\/v2\/media?parent=105670"}],"wp:term":[{"taxonomy":"category","embeddable":true,"href":"https:\/\/www.europesays.com\/no\/wp-json\/wp\/v2\/categories?post=105670"},{"taxonomy":"post_tag","embeddable":true,"href":"https:\/\/www.europesays.com\/no\/wp-json\/wp\/v2\/tags?post=105670"}],"curies":[{"name":"wp","href":"https:\/\/api.w.org\/{rel}","templated":true}]}}