{"id":105676,"date":"2025-12-06T10:27:23","date_gmt":"2025-12-06T10:27:23","guid":{"rendered":"https:\/\/www.europesays.com\/no\/105676\/"},"modified":"2025-12-06T10:27:23","modified_gmt":"2025-12-06T10:27:23","slug":"jernbanetorget-sentrum-kontroll-pa-jernbanetorget-16-ar-gammel-gutt-tatt-med-kniv","status":"publish","type":"post","link":"https:\/\/www.europesays.com\/no\/105676\/","title":{"rendered":"Jernbanetorget, Sentrum | Kontroll p\u00e5 Jernbanetorget: 16 \u00e5r gammel gutt tatt med kniv"},"content":{"rendered":"\n<p>Visitasjonen p\u00e5gikk fra klokken 22.30 til 23.30.<\/p>\n<p>Det ble totalt kontrollert 670 personer. Politiet tok beslag i tre kniver.<\/p>\n<p>\u2013 Tre personer er anmeldt for b\u00e6ring av kniv p\u00e5 offentlig plass, sier operasjonsleder Vidar Pedersen l\u00f8rdag morgen. <\/p>\n<p>Han er ikke kjent med hva de tre har forklart til politiet. <\/p>\n<p>\u2013 Den ene er en 16 \u00e5r gammel gutt. De to \u00f8vrige har jeg forel\u00f8pig ikke f\u00e5tt personalia p\u00e5. <\/p>\n","protected":false},"excerpt":{"rendered":"Visitasjonen p\u00e5gikk fra klokken 22.30 til 23.30. Det ble totalt kontrollert 670 personer. Politiet tok beslag i tre&hellip;\n","protected":false},"author":2,"featured_media":105677,"comment_status":"","ping_status":"","sticky":false,"template":"","format":"standard","meta":{"footnotes":""},"categories":[10],"tags":[36,20,21,24,25,15,286,22,23,13,30,28,29,14,16,285,1510,26,27,13230],"class_list":{"0":"post-105676","1":"post","2":"type-post","3":"status-publish","4":"format-standard","5":"has-post-thumbnail","7":"category-norge","8":"tag-art","9":"tag-breaking-news","10":"tag-breakingnews","11":"tag-featured-news","12":"tag-featurednews","13":"tag-headlines","14":"tag-jernbanetorget","15":"tag-latest-news","16":"tag-latestnews","17":"tag-news","18":"tag-no","19":"tag-norge","20":"tag-norway","21":"tag-nyheter","22":"tag-overskrifter","23":"tag-sentrum","24":"tag-story","25":"tag-top-stories","26":"tag-topstories","27":"tag-vapenvisitasjon"},"share_on_mastodon":{"url":"https:\/\/pubeurope.com\/@no\/115672150633600899","error":""},"_links":{"self":[{"href":"https:\/\/www.europesays.com\/no\/wp-json\/wp\/v2\/posts\/105676","targetHints":{"allow":["GET"]}}],"collection":[{"href":"https:\/\/www.europesays.com\/no\/wp-json\/wp\/v2\/posts"}],"about":[{"href":"https:\/\/www.europesays.com\/no\/wp-json\/wp\/v2\/types\/post"}],"author":[{"embeddable":true,"href":"https:\/\/www.europesays.com\/no\/wp-json\/wp\/v2\/users\/2"}],"replies":[{"embeddable":true,"href":"https:\/\/www.europesays.com\/no\/wp-json\/wp\/v2\/comments?post=105676"}],"version-history":[{"count":0,"href":"https:\/\/www.europesays.com\/no\/wp-json\/wp\/v2\/posts\/105676\/revisions"}],"wp:featuredmedia":[{"embeddable":true,"href":"https:\/\/www.europesays.com\/no\/wp-json\/wp\/v2\/media\/105677"}],"wp:attachment":[{"href":"https:\/\/www.europesays.com\/no\/wp-json\/wp\/v2\/media?parent=105676"}],"wp:term":[{"taxonomy":"category","embeddable":true,"href":"https:\/\/www.europesays.com\/no\/wp-json\/wp\/v2\/categories?post=105676"},{"taxonomy":"post_tag","embeddable":true,"href":"https:\/\/www.europesays.com\/no\/wp-json\/wp\/v2\/tags?post=105676"}],"curies":[{"name":"wp","href":"https:\/\/api.w.org\/{rel}","templated":true}]}}