{"id":105680,"date":"2025-12-06T10:29:14","date_gmt":"2025-12-06T10:29:14","guid":{"rendered":"https:\/\/www.europesays.com\/no\/105680\/"},"modified":"2025-12-06T10:29:14","modified_gmt":"2025-12-06T10:29:14","slug":"ville-holde-unna-seg-selv","status":"publish","type":"post","link":"https:\/\/www.europesays.com\/no\/105680\/","title":{"rendered":"Ville holde unna seg selv"},"content":{"rendered":"<p>KVAL\u00d8YA, TROMS\u00d8 (Dagbladet): Glad og lykkelig f\u00f8lger sju \u00e5r gamle Nellie venninnen sin fra skolefritidsordningen og ned mot venninnens mor, som g\u00e5r dem i m\u00f8te i skoleg\u00e5rden.<\/p>\n<p>Noen meter fra den ventende mora, passerer de to sm\u00e5 jentene en hund\u00a0 som st\u00e5r festet til et sykkelstativ.<\/p>\n<p>Det er da det skjer:\u00a0<\/p>\n<p>F\u00f8rst g\u00e5r hunden etter venninna. S\u00e5 hopper hunden p\u00e5 Nellie og biter henne i ansiktet.\u00a0<\/p>\n<p>Det har venninnas mor forklart til politiet.<\/p>\n<p>          <img loading=\"lazy\" decoding=\"async\" src=\"https:\/\/www.europesays.com\/no\/wp-content\/uploads\/2025\/12\/1765016950_755_83913645.webp\" width=\"686\" height=\"995\" title=\"BITT: Slik s\u00e5 Nelly ut i ansiktet. Foto: Privat\" alt=\"\" class=\"\" style=\"--aspect-ratio-image: 0.69; \"\/><\/p>\n<p>\n          BITT: Slik s\u00e5 Nelly ut i ansiktet. Foto: Privat\n      <\/p>\n<p>Ansiktet dekket av blod<\/p>\n<p>&#8211; Jeg ble oppringt p\u00e5 jobb og fortalt at det var alvorlig &#8211; og at vi m\u00e5tte komme med en gang, forteller Nellies mamma, Siri Johansen, til Dagbladet.<\/p>\n<p>Hun var p\u00e5 jobb i Troms\u00f8, og fikk varslet Nellies pappa, Robin L\u00f8vli.<\/p>\n<p>&#8211; Da jeg kom til skolen, s\u00e5 jeg at det var masse blod ved sykkelstativet, sier Robin.<\/p>\n<p>Han m\u00f8ter p\u00e5 hundeeieren, og opplever at det eneste vedkommende sier, er at \u00abhunden er vaksinert\u00bb.<\/p>\n<p>&#8211; Eieren gjorde ikke noe for \u00e5 hjelpe, til slutt m\u00e5tte jeg bare be personen om \u00e5 g\u00e5, forteller Robin.<\/p>\n<p>Nellie venter inne p\u00e5 SFO.\u00a0<\/p>\n<p>&#8211; Ansiktet hennes var dekket av blod. Hun hadde bitemerker i ansiktet, og det rant blod.<\/p>\n<p>P\u00e5 h\u00f8yre \u00f8yelokk har datteren et mindre s\u00e5r. Til h\u00f8yre for nesetippen er bittskaden st\u00f8rst under huden, og p\u00e5 venstre kinn har hun et dypt og stort \u00e5pent s\u00e5r.<\/p>\n<p>          <img loading=\"lazy\" decoding=\"async\" src=\"https:\/\/www.europesays.com\/no\/wp-content\/uploads\/2025\/12\/1765016950_832_83913654.webp\" width=\"686\" height=\"1043\" title=\"BLODIG: Slik s\u00e5 genseren til Nellie ut, etter hundebittet. Foto: Privat\" alt=\"\" class=\"\" style=\"--aspect-ratio-image: 0.66; \"\/><\/p>\n<p>\n          BLODIG: Slik s\u00e5 genseren til Nellie ut, etter hundebittet. Foto: Privat\n      <\/p>\n<p>Robin skj\u00f8nner at datteren trenger umiddelbar f\u00f8rstehjelp. Han henter papir og fors\u00f8ker \u00e5 stoppe bl\u00f8dningen.\u00a0<\/p>\n<p>Operert<\/p>\n<p class=\"font-weight-normal m-font-weight-normal\" data-lab-font_weight=\"font-weight-normal\">I stor fart blir lille Nellie kj\u00f8rt de 35 kilometerne fra skoleg\u00e5rden p\u00e5 Kval\u00f8ya inn til legevakta p\u00e5 Universitetssykehuset i Nord-Norge (UNN) i Troms\u00f8.<\/p>\n<p>          <img loading=\"lazy\" decoding=\"async\" src=\"https:\/\/www.europesays.com\/no\/wp-content\/uploads\/2025\/12\/1765016951_732_83913649.webp\" width=\"980\" height=\"559\" title=\"PLASTRET: Nellie fikk god hjelp p\u00e5 Universitetssykehuset i Nord-Norge (UNN) i Troms\u00f8. Foto: Privat\" alt=\"\" class=\"\" style=\"--aspect-ratio-image: 1.75; \"\/><\/p>\n<p>\n          PLASTRET: Nellie fikk god hjelp p\u00e5 Universitetssykehuset i Nord-Norge (UNN) i Troms\u00f8. Foto: Privat\n      <\/p>\n<p>Etter noen f\u00e5 minutter blir Nellie sendt rett opp til akuttavdelingen. S\u00e5ret blir renset og legen spr\u00f8yter v\u00e6ske inn i s\u00e5rene.<\/p>\n<p class=\"font-weight-normal m-font-weight-normal\" data-lab-font_weight=\"font-weight-normal\">Nellie blir angrepet og bitt p\u00e5 en fredag. To dager seinere blir den sju \u00e5r gamle jenta lagt i narkose og operert.<\/p>\n<p>&#8211; Vi er veldig takknemlige overfor det medisinske personalet p\u00e5 UNN. De fulgte godt opp, sier foreldrene.<\/p>\n<p>Skulle \u00f8nske det aldri skjedde<\/p>\n<p>Hundeeieren \u00f8nsker ikke \u00e5 snakke med Dagbladet. Advokat Hallvard Bj\u00f8rndal sier at hans klient skulle \u00f8nske at hendelsen aldri hadde skjedd.\u00a0<\/p>\n<p class=\"no_italic m-no_italic\" data-lab-italic=\"\">Hele hundeeierens forklaring kan du lese lenger ned i saken.\u00a0<\/p>\n<p>Operasjonen er vellykket, men Nellie f\u00e5r en kraftig allergisk reaksjon. Hun t\u00e5ler ikke dosen med antibiotika.<\/p>\n<p>&#8211; Helsepersonalet oppfordret oss innstendig om \u00e5 anmelde forholdet til politiet. Etter r\u00e5d fra en hundefaglig ekspert valgte vi \u00e5 anmode politiet om at hunden skulle avlives. Hva om hunden angriper andre barn? sier foreldrene.<\/p>\n<p>Marerittet starter<\/p>\n<p>Da Nellie er sydd sammen igjen, f\u00e5r familien reise hjem.\u00a0<\/p>\n<p>Men marerittet er p\u00e5 ingen m\u00e5te over.\u00a0<\/p>\n<p>For det er da hetsen p\u00e5 nettet starter.\u00a0<\/p>\n<p>          <img loading=\"lazy\" decoding=\"async\" src=\"https:\/\/www.europesays.com\/no\/wp-content\/uploads\/2025\/12\/1765016951_680_83913412.webp\" width=\"980\" height=\"363\" title=\"HETS: Faksimile fra Facebook\" alt=\"\" class=\"\" style=\"--aspect-ratio-image: 2.70; \"\/><\/p>\n<p>\n          HETS: Faksimile fra Facebook\n      <\/p>\n<p>Foreldrene til sju \u00e5r gamle Nellie er forbannet og fortvilet.<\/p>\n<p>P\u00e5 Facebook, andre sosiale medier og i ikke-redakt\u00f8rstyrte medier blir Nellie skjelt ut etter noter.<\/p>\n<p>          <img loading=\"lazy\" decoding=\"async\" src=\"https:\/\/www.europesays.com\/no\/wp-content\/uploads\/2025\/12\/1765016951_538_83913410.webp\" width=\"980\" height=\"363\" title=\"HETS: Faksimile fra Facebook\" alt=\"\" class=\"\" style=\"--aspect-ratio-image: 2.70; \"\/><\/p>\n<p>\n          HETS: Faksimile fra Facebook\n      <\/p>\n<p>Ukjente mennesker &#8211; som ikke var til stede da hunden beit, anklager den sju \u00e5r gamle jenta for \u00e5 ha provosert hunden.<\/p>\n<p>          <img loading=\"lazy\" decoding=\"async\" src=\"https:\/\/www.europesays.com\/no\/wp-content\/uploads\/2025\/12\/1765016952_491_83913411.webp\" width=\"980\" height=\"539\" title=\"HETS: Faksimile fra Facebook\" alt=\"\" class=\"\" style=\"--aspect-ratio-image: 1.82; \"\/><\/p>\n<p>\n          HETS: Faksimile fra Facebook\n      <\/p>\n<p>&#8211; Konspirasjonsteoriene hagler. Ukjente mennesker anklager datteren v\u00e5r, vi som foreldre blir skjelt ut.<\/p>\n<p>Nellies epikrise blir spredt. Etter hvert deles ogs\u00e5 rettsdokumenter med utenforst\u00e5ende.<\/p>\n<p>          <img loading=\"lazy\" decoding=\"async\" src=\"https:\/\/www.europesays.com\/no\/wp-content\/uploads\/2025\/12\/1765016952_285_83913670.webp\" width=\"980\" height=\"559\" title=\"FORTELLER: - Etter r\u00e5d fra legen p\u00e5 sykehuset anmeldte vi saken, og vi har anmodet politiet om \u00e5 avlive hunden, sier Nellies foreldre Siri og Robin da Dagbladet m\u00f8ter dem hjemme. Foto: Henning Lilleg\u00e5rd \/ Dagbladet\" alt=\"\" class=\"\" style=\"--aspect-ratio-image: 1.75; \"\/><\/p>\n<p>\n          FORTELLER: &#8211; Etter r\u00e5d fra legen p\u00e5 sykehuset anmeldte vi saken, og vi har anmodet politiet om \u00e5 avlive hunden, sier Nellies foreldre Siri og Robin da Dagbladet m\u00f8ter dem hjemme. Foto: Henning Lilleg\u00e5rd \/ Dagbladet\n      <\/p>\n<p>&#8211; Det er helt forferdelig hva folk f\u00e5r seg til \u00e5 si og skrive, sier foreldrene, som n\u00e5 vurderer \u00e5 anmelde flere av dem som har ytret seg til politiet, selv om de ikke vet hvem som st\u00e5r bak.\u00a0<\/p>\n<p>Instagram, Facebook og Tiktok<\/p>\n<p>&#8211; F\u00f8r anmeldelsen kontaktet vi hundeeieren, og fortalte hva Nellie hadde gjennomg\u00e5tt. Men samtalen tok en br\u00e5 slutt da vi sa at vi ville anmelde forholdet til politiet, forteller pappa Robin til Dagbladet.<\/p>\n<p>Et par uker seinere sender hundeeieren en SMS, men familien opplever ikke at det kommer noen unnskyldning.<\/p>\n<p>&#8211; Det har blitt publisert ren l\u00f8gn p\u00e5 Facebook, Instagram og Tiktok. Vitneforklaringer har blitt raljert med og satt i tvil. Det har ogs\u00e5 blitt spredd hets, usannheter og trusler. Vi har ogs\u00e5 mottatt en god del oppringninger fra skjulte telefonnummer, som vi har valgt \u00e5 ikke besvare, forteller foreldrene.<\/p>\n<p>          <img loading=\"lazy\" decoding=\"async\" src=\"https:\/\/www.europesays.com\/no\/wp-content\/uploads\/2025\/12\/1765016953_935_83944491.webp\" width=\"980\" height=\"559\" title=\"FORFERDELIG HETS: Foreldrene til Nellie h\u00e5per ingen andre blir skadet - eller hetset - p\u00e5 samme m\u00e5te som datteren. Foto: Henning Lilleg\u00e5rd \/ Dagbladet\" alt=\"\" class=\"\" style=\"--aspect-ratio-image: 1.75; \"\/><\/p>\n<p>\n          FORFERDELIG HETS: Foreldrene til Nellie h\u00e5per ingen andre blir skadet &#8211; eller hetset &#8211; p\u00e5 samme m\u00e5te som datteren. Foto: Henning Lilleg\u00e5rd \/ Dagbladet\n      <\/p>\n<p>&#8211; Dokumenter med v\u00e5re barns navn og skolen de g\u00e5r p\u00e5 havnet p\u00e5 Facebook, sladdet s\u00e5 d\u00e5rlig at det var lett \u00e5 lese navnene.<\/p>\n<p>Uprovosert<\/p>\n<p>Til politiet har den voksne kvinnen &#8211; moren til Nellies venninne &#8211; som s\u00e5 hva som skjedde, forklart hva som skjedde.<\/p>\n<p>Kvinnen \u00f8nsker ikke \u00e5 bli intervjuet av Dagbladet, men viser til sin politiforklaring.<\/p>\n<p>Der er \u00f8yenvitnet krystallklar: Hverken Nellie eller venninnen gjorde noe for \u00e5 provosere hunden. F\u00f8rst da kvinnen skrek til, trakk hunden seg tilbake.<\/p>\n<p>&#8211; Nellie har ikke gjort noe galt. Hun ble uten forvarsel angrepet og skambitt av en hund. N\u00e5r folk som ikke var til stede, lager sine egne sannheter basert p\u00e5 l\u00f8gn og frik fantasi, er et veldig trasig, sier Nellies mamma og pappa.\u00a0<\/p>\n<p>          <img loading=\"lazy\" decoding=\"async\" src=\"https:\/\/www.europesays.com\/no\/wp-content\/uploads\/2025\/12\/1765016953_203_83913408.webp\" width=\"686\" height=\"398\" title=\"HETS: Faksimile fra Facebook\" alt=\"\" class=\"\" style=\"--aspect-ratio-image: 1.72; \"\/><\/p>\n<p>\n          HETS: Faksimile fra Facebook\n      <\/p>\n<p>&#8211; Hetsen er veldig belastende. Det er vondt n\u00e5r datteren v\u00e5r blir hengt ut p\u00e5 sosiale medier.<\/p>\n<p>          <img loading=\"lazy\" decoding=\"async\" src=\"https:\/\/www.europesays.com\/no\/wp-content\/uploads\/2025\/12\/1765016953_211_83913407.webp\" width=\"980\" height=\"549\" title=\"HETS: Faksimile fra Facebook\" alt=\"\" class=\"\" style=\"--aspect-ratio-image: 1.79; \"\/><\/p>\n<p>\n          HETS: Faksimile fra Facebook\n      <\/p>\n<p>Massiv lokalst\u00f8tte  <\/p>\n<p>Vikran er ei lita bygd p\u00e5 Kval\u00f8ya. Der har befolkningen sl\u00e5tt ring om sju\u00e5ringen, forteller foreldrene.\u00a0<\/p>\n<p>&#8211; Vi har opplevd en massiv st\u00f8tte fra de som bor her. Men etter at det ble spredd l\u00f8gner og hets i sosiale medier, har vi opplevd noen rare ting, forteller Robin.<\/p>\n<p>Etter at hundebittet er politianmeldt, blir hundeeieren ilagt et forelegg. Det godtar ikke hundeeieren.<\/p>\n<p>Rettsforhandlingene skulle ha startet i Nord-Troms og Senja Tingrett i forrige uke.<\/p>\n<p>Men hundeeieren m\u00f8tte ikke opp, og etter noen timer kom en sykemelding til retten. Det er ventet at rettsforhandlingene starter 12. desember i Troms\u00f8.<\/p>\n<p>          <img loading=\"lazy\" decoding=\"async\" src=\"https:\/\/www.europesays.com\/no\/wp-content\/uploads\/2025\/12\/1765016954_250_83944495.webp\" width=\"686\" height=\"508\" title=\"BLE AVLYST: Siri og Robin satt og ventet i retten. S\u00e5 ble saken utsatt. Foto: Henning Lilleg\u00e5rd \/ Dagbladet\" alt=\"\" class=\"\" style=\"--aspect-ratio-image: 1.35; \"\/><\/p>\n<p>\n          BLE AVLYST: Siri og Robin satt og ventet i retten. S\u00e5 ble saken utsatt. Foto: Henning Lilleg\u00e5rd \/ Dagbladet\n      <\/p>\n<p>Hunden er n\u00e5 besluttet avlivet av politiet. Men hundeeieren har protestert, og dermed f\u00e5tt en midlertidig forf\u00f8yning. Det betyr at familien m\u00e5 vente til april neste \u00e5r, f\u00f8r retten tar endelig stilling til om hunden skal avlives.<\/p>\n<p>Etter hva Dagbladet f\u00e5r opplyst, er hunden midlertidig plassert p\u00e5 en kennel i en annen landsdel, til Nord-Troms og Senja Tingrett tar en endelig beslutning om hunden skal avlives.<\/p>\n<p>Avviser ansvar<\/p>\n<p>Eieren \u00f8nsker ikke \u00e5 snakke med Dagbladet.\u00a0<\/p>\n<p>B\u00e5de<br \/>\nvia sin advokat og en st\u00f8ttespiller, har vedkommende gjort det tydelig klart at<br \/>\ndet ikke er \u00f8nskelig \u00e5 kommentere saken overfor Dagbladet.<\/p>\n<p>Advokat Hallvard Bj\u00f8rndal sier at eieren er sv\u00e6rt<br \/>\nlei seg for det som skjedde.<\/p>\n<p>&#8211; Eieren skulle<br \/>\nselvf\u00f8lgelig \u00f8nske at det aldri hadde skjedd. Men det er grunn til \u00e5 stille<br \/>\nsp\u00f8rsm\u00e5l med hvem som opps\u00f8kte hvem. Hunden var festet til et sykkelstativ, i<br \/>\net b\u00e5nd. B\u00e5ndet var en meter langt, sier advokaten.\u00a0<\/p>\n<p>Han bekrefter at hans klient n\u00e5 skal m\u00f8te i Nord-Troms og Senja Tingrett i midten<br \/>\nav desember.<\/p>\n<p>&#8211; Min klient har ikke<br \/>\nakseptert boten fra politiet etter at hunden beit jenta. Hunden var festet p\u00e5 forsvarlig vis p\u00e5 et sted som ikke var til<br \/>\nstengsel eller hinder for forbipasserende.\u00a0<\/p>\n<p>&#8211; Det var ikke hunden som opps\u00f8kte<br \/>\nbarna, sier advokaten og fortsetter:\u00a0<\/p>\n<p>&#8211; Det er ikke straffbart \u00e5 forlate en hund uten oppsyn s\u00e5 lenge den er<br \/>\nplassert i tilstrekkelig avstand for \u00e5 unng\u00e5 kontakt mellom mennesker og dyr.<br \/>\nMin klient kan og skal derfor ikke erkjenne straffeskyld.<\/p>\n<p>&#8211; Derfor skal<br \/>\neieren i retten.\u00a0<\/p>\n<p>H\u00e5per datteren leges<\/p>\n<p>Foreldrene vet ikke om Nellie vil f\u00e5 et arr som er synlig resten av livet i ansiktet.<\/p>\n<p>De opplever at mange mener at det er foreldrenes ansvar \u00e5 l\u00e6re barna sine at barna ikke m\u00e5 g\u00e5 bort til fremmede dyr.<\/p>\n<p>Selv kunne de \u00f8nske at fokuset l\u00e5 p\u00e5 at eieren b\u00f8r tenke over ansvaret sitt.<\/p>\n<p>&#8211; Ikke parker dyr hvor som helst der folk, spesielt barn, ferdes.<\/p>\n<p>&#8211;\u00a0Vi er sjeleglade for at det ikke gikk verre n\u00e5r Nellie ble angrepet.\u00a0Hadde bittet v\u00e6rt noen f\u00e5 centimeter lenger ned, p\u00e5 halsen, t\u00f8r vi ikke tenke p\u00e5 hva som hadde v\u00e6rt utfallet, sier mamma Siri.<\/p>\n","protected":false},"excerpt":{"rendered":"KVAL\u00d8YA, TROMS\u00d8 (Dagbladet): Glad og lykkelig f\u00f8lger sju \u00e5r gamle Nellie venninnen sin fra skolefritidsordningen og ned mot&hellip;\n","protected":false},"author":2,"featured_media":105681,"comment_status":"","ping_status":"","sticky":false,"template":"","format":"standard","meta":{"footnotes":""},"categories":[59],"tags":[12426,398,30,28,29,83,82],"class_list":{"0":"post-105680","1":"post","2":"type-post","3":"status-publish","4":"format-standard","5":"has-post-thumbnail","7":"category-sport","8":"tag-julie-bjervig-drivenes","9":"tag-langrenn","10":"tag-no","11":"tag-norge","12":"tag-norway","13":"tag-sport","14":"tag-sports"},"share_on_mastodon":{"url":"https:\/\/pubeurope.com\/@no\/115672159356568199","error":""},"_links":{"self":[{"href":"https:\/\/www.europesays.com\/no\/wp-json\/wp\/v2\/posts\/105680","targetHints":{"allow":["GET"]}}],"collection":[{"href":"https:\/\/www.europesays.com\/no\/wp-json\/wp\/v2\/posts"}],"about":[{"href":"https:\/\/www.europesays.com\/no\/wp-json\/wp\/v2\/types\/post"}],"author":[{"embeddable":true,"href":"https:\/\/www.europesays.com\/no\/wp-json\/wp\/v2\/users\/2"}],"replies":[{"embeddable":true,"href":"https:\/\/www.europesays.com\/no\/wp-json\/wp\/v2\/comments?post=105680"}],"version-history":[{"count":0,"href":"https:\/\/www.europesays.com\/no\/wp-json\/wp\/v2\/posts\/105680\/revisions"}],"wp:featuredmedia":[{"embeddable":true,"href":"https:\/\/www.europesays.com\/no\/wp-json\/wp\/v2\/media\/105681"}],"wp:attachment":[{"href":"https:\/\/www.europesays.com\/no\/wp-json\/wp\/v2\/media?parent=105680"}],"wp:term":[{"taxonomy":"category","embeddable":true,"href":"https:\/\/www.europesays.com\/no\/wp-json\/wp\/v2\/categories?post=105680"},{"taxonomy":"post_tag","embeddable":true,"href":"https:\/\/www.europesays.com\/no\/wp-json\/wp\/v2\/tags?post=105680"}],"curies":[{"name":"wp","href":"https:\/\/api.w.org\/{rel}","templated":true}]}}