{"id":105684,"date":"2025-12-06T10:38:50","date_gmt":"2025-12-06T10:38:50","guid":{"rendered":"https:\/\/www.europesays.com\/no\/105684\/"},"modified":"2025-12-06T10:38:50","modified_gmt":"2025-12-06T10:38:50","slug":"hedvig-wessel-fekk-hogdesjuke-pa-veg-mot-toppen-av-denali-nrk-trondelag-lokale-nyheter-tv-og-radio","status":"publish","type":"post","link":"https:\/\/www.europesays.com\/no\/105684\/","title":{"rendered":"Hedvig Wessel fekk h\u00f8gdesjuke p\u00e5 veg mot toppen av Denali \u2013 NRK Tr\u00f8ndelag \u2013 Lokale nyheter, TV og radio"},"content":{"rendered":"<p>Hedvig Wessel er verdsmeister i frik\u00f8yring og var tidlegare p\u00e5 landslaget i kulek\u00f8yring. Ho har vore med p\u00e5 b\u00e5de OL, VM og verdscup.<\/p>\n<p>Ho har tidlegare vore mykje i h\u00f8gder p\u00e5 3.000\u20134.000 meter, b\u00e5de p\u00e5 treningsopphald og i konkurransar, noko som har g\u00e5tt heilt fint.<\/p>\n<p><strong>Denne gongen blei det annleis.<\/strong><\/p>\n<p>Opp mot toppen av Denali blei ho sv\u00e6rt d\u00e5rleg. Dette skjedde medan ho var deltakar i TV-serien \u00abEkspedisjonen\u00bb som g\u00e5r p\u00e5 NRK TV.<\/p>\n<p>Utmattinga kom raskt da ho gjekk oppover. Det blei fort tungt \u00e5 puste. Etter kvart blei ho uvel, kvalm og svimmel. Det prikka i fingrane, synet skurra og ho fekk lyst til \u00e5 spy.<\/p>\n<p>Bratte motbakkar gjorde det berre verre.<\/p>\n<p><strong>\u2013 Eg m\u00e5 ha pause. Eg held p\u00e5 \u00e5 svime av, seier ho til taulaget sitt.<\/strong><\/p>\n<p><strong>\u2013 Eg tenkte at det kom til \u00e5 g\u00e5 over, fortel Wessel.<\/strong><\/p>\n<p>Medan taulaget hadde pause forsvann symptoma, og dei kunne g\u00e5 vidare.<\/p>\n<p>H\u00f8gdesjuke kan vere d\u00f8deleg<\/p>\n<p>H\u00f8gdesjuke er noko alle som flyttar seg opp i h\u00f8gda kan f\u00e5, men det er sjeldan \u00e5 bli h\u00f8gdesjuk om du er under 2500 meter over havet. Det betyr at det godt skal gjerast \u00e5 bli h\u00f8gdesjuk i Noreg, da v\u00e5rt h\u00f8gaste fjell, Galdh\u00f8piggen, \u00abberre\u00bb er 2468,8 meter h\u00f8gt.<\/p>\n<p><img decoding=\"async\"   src=\"data:image\/gif;base64,R0lGODlhAQABAIAAAAAAAP\/\/\/yH5BAEAAAAALAAAAAABAAEAAAIBRAA7\" loading=\"eager\" alt=\"Grafikk sammenligner Denali og noen andre h\u00f8ye fjell. Mount Everest er det h\u00f8yeste med 8848 meter. Denali er 6194, Kilimanjaro er 5892, Elbrus er 5642, og Galdh\u00f8piggen er 2469 meter h\u00f8yt.\" title=\"Grafikk: Tuva Tagseth \/ NRK\"\/><\/p>\n<p>Grafikk: Tuva Tagseth \/ NRK<\/p>\n<p>H\u00f8gdesjuke er eit samleomgrep p\u00e5 symptom og plager som oppst\u00e5r som f\u00f8lge av oppstigning til h\u00f8gare h\u00f8gde, men kven som f\u00e5r h\u00f8gdesjuke er det ingen som kan f\u00f8resei.<\/p>\n<p><strong>\u2013 Men det \u00e5 vere ung og sprek gir ikkje vern mot h\u00f8gdesjuke, seier lege Stian Hall\u00e9n.<\/strong><\/p>\n<ul class=\"dhpg__gallery__list\">\n<li class=\"dhpg__gallery__listItem\"><img alt=\"Ekspedisjonslege Stian Hall\u00e9n, er klar for avreise til Denali\"  width=\"2400\" height=\"2400\" loading=\"lazy\"\/>Stian Hall\u00e9n\n<p>Ekspedisjonslege til Denali. Han har g\u00e5tt opp fjellet fleire gonger. Til vanleg er han anestesilege.<\/p>\n<\/li>\n<\/ul>\n<p>\u2013 Den st\u00f8rste risikofaktoren for \u00e5 bli h\u00f8gdesjuk, er \u00e5 stige raskt opp i h\u00f8gda, fortel han.<\/p>\n<p>Omtrent halvparten av oss vil kjenne p\u00e5 lette h\u00f8gdesjuke\u00adsymptom i l\u00f8pet av det f\u00f8rste d\u00f8gnet ved rask oppstigning til over 3000 meter over havet. Dei vanlegaste \u00e5 kjenne p\u00e5 er milde plager som hovudverk, kvalme, svimmelheit og nedsett matlyst.<\/p>\n<p>\u2013 <strong>Viss h\u00f8gdesjuken ikkje blir tatt omsyn til, kan han bli alvorleg. I verste fall d\u00f8deleg, seier ekspedisjonslegen.<\/strong><\/p>\n<p>Noko av det skumle som kan skje er at hjernen hovnar opp.<\/p>\n<p>Den som f\u00e5r det kan bli forvirra, f\u00e5 problem med \u00e5 finne ord eller f\u00e5 lammingar. Om hjernen ikkje f\u00e5r nok blod, svimar vi av.<\/p>\n<p><strong>\u2013 I verste fall kan ein f\u00e5 nedsett bevisstheit og d\u00f8y, seier legen.<\/strong><\/p>\n<p>Ein annan alvorleg effekt av h\u00f8gdesjuke kan vere lunge\u00f8dem. Det er n\u00e5r det samlar seg vatn i lungene som gjer det vanskeleg \u00e5 flytte oksygen fr\u00e5 lungene og over i blodet.<\/p>\n<p>\u2013 Vi kjenner det som tungpust. D\u00e5 er det vanleg med v\u00e5t hoste og av og til skumma, blodig oppspytt, fortel Stian.<\/p>\n<p><strong>\u2013 Eg blei redd for \u00e5 kaste opp, fordi det har skjedd f\u00f8r at eg har svima av n\u00e5r eg har kasta opp. Eg hadde ikkje lyst til \u00e5 ligge svima av oppe i fjellet, seier Hedvig Wessel.<\/strong><\/p>\n<p><img decoding=\"async\"   src=\"data:image\/gif;base64,R0lGODlhAQABAIAAAAAAAP\/\/\/yH5BAEAAAAALAAAAAABAAEAAAIBRAA7\" loading=\"eager\" alt=\"Inga Str\u00fcmke og Hedvig Wessel p\u00e5 vei til toppen av Denali. \" title=\"Foto: \u00d8yvind Nordahl N\u00e6ss \/ NRK, Strix\"\/><\/p>\n<p class=\"\">Inga Str\u00fcmke og Hedvig gjekk saman oppover Denali.<\/p>\n<p>Foto: \u00d8yvind Nordahl N\u00e6ss \/ NRK, Strix<\/p>\n<p><strong>Ho var usikker p\u00e5 kor mykje ho kunne presse kroppen. Ho veit at h\u00f8gdesjuke potensielt kan gi varige skadar i hjernen.<\/strong><\/p>\n<p>Mindre oksygen<\/p>\n<p>Prosessen med at kroppen tilpassar seg h\u00f8gde blir kalla akklimatisering, og det skjer hos alle, men i ulikt tempo.<\/p>\n<p>\u2013 Vi tilpassar oss blant anna ved at vi pustar raskare. Dette gjer vi for \u00e5 kompensere for at det er mindre oksygen i lufta.<\/p>\n<p><strong>Ein tommelfingerregel er at du ikkje skal auke h\u00f8gda du s\u00f8v p\u00e5 med meir enn 300 meter per d\u00f8gn fr\u00e5 3.000 meter og oppover.<\/strong><\/p>\n<p><img decoding=\"async\"   src=\"data:image\/gif;base64,R0lGODlhAQABAIAAAAAAAP\/\/\/yH5BAEAAAAALAAAAAABAAEAAAIBRAA7\" loading=\"eager\" alt=\"En gruppe mennesker som poserer for et bilde med ski\" title=\"Foto: \u00d8yvind Nordahl N\u00e6ss \/ Strix \/ NRK\"\/><\/p>\n<p class=\"\">Hedvig hadde med seg Tete Lidbom, Espen Nakstad, Harald R\u00f8nneberg, Anne Lindmo, Inga Str\u00fcmke som turkameratar.<\/p>\n<p>Foto: \u00d8yvind Nordahl N\u00e6ss \/ Strix \/ NRK<\/p>\n<p>Ekspedisjonslegen meiner at alle deltakarane i \u00abEkspedisjonen\u00bb tilpassa seg p\u00e5 den m\u00e5ten at dei produserte meir blod.<\/p>\n<p><strong>Oppg\u00e5va til dei raude blodcellene er \u00e5 frakte oksygen ut i kroppen, og kroppen produserer fleire av dei for \u00e5 kompensere for at det er mindre oksygen i lufta.<\/strong><\/p>\n<ul>\n<li>Her kan du lese kuri\u00f8se fakta om h\u00f8gdesjuke:<\/li>\n<\/ul>\n<p>    \u2190<\/p>\n<ul data-scroll-container=\"\" role=\"list\">\n<li><img alt=\"Flymotor over skyene. Sola skinner p\u00e5 deler av motoren\"  width=\"3840\" height=\"2160\" loading=\"lazy\"\/>\n<p>\n        Tuva Tagseth \/ NRK\n      <\/p>\n<p>Kvifor f\u00e5r vi ikkje h\u00f8gdesjuke n\u00e5r vi flyr?<\/p>\n<p>Trykket i flykabinen er tilpassa oss og svarer til ei h\u00f8gd p\u00e5 1.500\u20132.400 meter. Hadde det ikkje vore slik, ville vi ha svima av n\u00e5r flyet n\u00e5dde vanleg flyh\u00f8gd.<\/p>\n<\/li>\n<li><img alt=\"Toppen av Denali badet i sol\"  width=\"3840\" height=\"2159\" loading=\"lazy\"\/>\n<p>\n        NRK Strix\n      <\/p>\n<p>Kor lite oksygen?<\/p>\n<p>P\u00e5 Denali er det berre halvparten s\u00e5 mykje oksygen som p\u00e5 havniv\u00e5. P\u00e5 Mount Everest er det berre ein tredjedel. <\/p>\n<p>Jo kaldare det er, jo mindre oksygen vert tilgjengeleg p\u00e5 dei h\u00f8ge fjelltoppane.<\/p>\n<\/li>\n<li><img alt=\"Jente f\u00e5r oksygen gjennom ei maske\"  width=\"3840\" height=\"2155\" loading=\"lazy\"\/>\n<p>\n        Colourbox\n      <\/p>\n<p>Er innbyggjarane i La Paz konstant h\u00f8gdesjuke?<\/p>\n<p>Sentrum av storbyen ligg p\u00e5 3640 meters h\u00f8gd. Dei som reiser til byen f\u00e5r tilbod om oksygen p\u00e5 flyplassen mot h\u00f8gdesjuke. <\/p>\n<p>Dei som bur der er tilpassa h\u00f8gda og utviklar ikkje h\u00f8gdesjuke s\u00e5 lenge dei ikkje reiser vidare oppover i fjella.<\/p>\n<\/li>\n<li><img alt=\"Mye tiss i m\u00e5lebegre\"  width=\"3840\" height=\"2156\" loading=\"lazy\"\/>\n<p>\n        Colourbox\n      <\/p>\n<p>Mykje tissing<\/p>\n<p>Nyrene er avgjerande for tilpassinga v\u00e5r til h\u00f8gde. Dei s\u00f8rger b\u00e5de for at vi tissar ut overskot av base i blodet og for \u00e5 lage EPO, som stimulerer produksjonen av raude blodceller. <\/p>\n<p>Fleire raude blodceller er det idrettsut\u00f8varar \u00f8nskjer \u00e5 oppn\u00e5 ved \u00e5 trene i h\u00f8gder. <\/p>\n<p>Kunstig EPO er doping.<\/p>\n<\/li>\n<li><img alt=\"Bilde av koka-busk.\"  width=\"3840\" height=\"2160\" loading=\"lazy\"\/>\n<p>\n        Javier Auris\n      <\/p>\n<p>Hjelper kokablader mot h\u00f8gdesjuke?<\/p>\n<p>Kokablader er tradisjonelt brukt mot h\u00f8gdesjuke, s\u00e6rleg i Andesfjella. <\/p>\n<p>Effekten av kokablader mot h\u00f8gdesjuke er tvilsam, og det er mange skadelege effektar.<\/p>\n<\/li>\n<li><img alt=\"en gruppe fotballspillere som poserer for et bilde p\u00e5 en bane\"  width=\"3840\" height=\"2160\" loading=\"lazy\"\/>\n<p>\n        Fredrik Varfjell \/ NTB\n      <\/p>\n<p>Problem med fotball-VM i Mexico?<\/p>\n<p>Det kan bli utfordrande for spelarane \u00e5 tilpasse seg baner p\u00e5 sv\u00e6rt varierande h\u00f8gd over havet.<\/p>\n<p>Nokre er bekymra for at lag som f\u00e5r spele fleire kampar p\u00e5 l\u00e5gare h\u00f8gd eller i meir behageleg klima, f\u00e5r ein stor fordel.<\/p>\n<\/li>\n<li><img alt=\"Tegning av menneske med astma\"  width=\"3840\" height=\"2159\" loading=\"lazy\"\/>\n<p>\n        Tuva Tagseth \/ NRK\n      <\/p>\n<p>Korleis er det \u00e5 ha astma i h\u00f8gder?<\/p>\n<p>Folk med astma kan nokre gonger f\u00e5 mindre plager i h\u00f8gden, fordi lufta er tynnare og lettare \u00e5 puste ut og inn.<\/p>\n<\/li>\n<\/ul>\n<p>\u2192<\/p>\n<p>Ikkje berre fryd og gammen<\/p>\n<p>Symptoma til Hedvig kom og gjekk fr\u00e5 ein dag til den neste.<\/p>\n<p>Etter ein time i bratte motbakkar blei ho svimmel og fekk h\u00f8g puls. Ho m\u00e5tte ha pause.<\/p>\n<p><strong>\u2013 Som ekspedisjonslege blei det ein del vanskelege avgjerder \u00e5 ta, seier Stian.<\/strong><\/p>\n<p><img decoding=\"async\"   src=\"data:image\/gif;base64,R0lGODlhAQABAIAAAAAAAP\/\/\/yH5BAEAAAAALAAAAAABAAEAAAIBRAA7\" loading=\"eager\" alt=\"Stian Hall\u00e9n, ekspedisjonslege, h\u00f8rer hvordan situasjonen er i den andre gruppa. Skjermdump fra TV-serien Ekspedisjonen.\" title=\"\"\/><\/p>\n<p class=\"no-credit\">For \u00e5 ta dei vanskelege avgjerdene, m\u00e5tte Stian Hall\u00e9n h\u00f8yre korleis det stod til i den andre gruppa som begynte \u00e5 g\u00e5 nokre dagar f\u00f8r.<br \/>\nSKJERMDUMP FR\u00c5 TV-SERIEN \u00abEKSPEDISJONEN\u00bb<\/p>\n<p>Ingen fekk g\u00e5 h\u00f8gare utan at symptoma p\u00e5 h\u00f8gdesjuke hadde gitt seg. Samtidig innebar slike avgjerder at heile gruppa m\u00e5tte stanse.<\/p>\n<p>\u2013 Eg kjende meg fin igjen etter pausen, og tenkte at det kom til \u00e5 g\u00e5 over.<\/p>\n<p>I \u00abEkspedisjonen\u00bb var rask oppstigning med full oppakning taktikken til gruppa som Hedvig Wessel gjekk i.<\/p>\n<p><strong>\u2013 Dette kan ha vore med p\u00e5 \u00e5 gi Hedvig ein mild h\u00f8gdesjuke p\u00e5 turen. Men kjensla av \u00e5 m\u00e5tte kaste opp og \u00e5 svime av, som kom og gjekk, var nok ikkje det vi kallar h\u00f8gdesjuke, seier legen som gjekk i same gruppe som Hedvig.<\/strong><\/p>\n<p>Til slutt fekk Hedvig beskjed om at ho ikkje fekk fortsette oppover mot toppen av Denali.<\/p>\n<p><strong>\u2013 Det var kjipt.<\/strong><\/p>\n<p><img decoding=\"async\"   src=\"data:image\/gif;base64,R0lGODlhAQABAIAAAAAAAP\/\/\/yH5BAEAAAAALAAAAAABAAEAAAIBRAA7\" loading=\"eager\" alt=\"Hedvig Wessel sitter i teltet og tenker\" title=\"Foto: \u00d8yvind Nordahl N\u00e6ss \/ NRK, Strix\"\/><\/p>\n<p class=\"\">Wessel fortel om ein ubehageleg kveld da ho hadde s\u00e5 sjukt vondt i hovudet at det dunket berre ho bevega seg.<\/p>\n<p>Foto: \u00d8yvind Nordahl N\u00e6ss \/ NRK, Strix<\/p>\n<p>Ho er vand til \u00e5 bestemme over seg sj\u00f8lv og sin eigen kropp, og no var det nokre andre som bestemte over henne. Det kjentest ikkje bra \u00e5 bli hindra i \u00e5 n\u00e5 toppen av Denali.<\/p>\n<p><strong>\u2013 Symptoma eg kjente p\u00e5 Denali gjekk over s\u00e5 snart eg kom ned, og eg fekk ingen varige skadar, seier den erfarne frik\u00f8yraren.<\/strong><\/p>\n<p>        \u2013 Mye omsorg i god fakta<\/p>\n<p>    <img decoding=\"async\" class=\"playlist-item__img\" src=\"https:\/\/www.europesays.com\/no\/wp-content\/uploads\/2025\/12\/dfVNJ6OANYd3OzgqXNUmVwmnc5_PAGBlv0p29VNP-FEA.jpeg\"\/><br \/>\n     Ekspedisjonen: Inga blir stressa av uorden i Alaska<br \/>\n    00:44<\/p>\n<p>    <img decoding=\"async\" class=\"playlist-item__img\" src=\"https:\/\/www.europesays.com\/no\/wp-content\/uploads\/2025\/12\/ewnBegLKXEFc_rZWWRXvIQixUoXwb_x_yvb3eIdk8K6Q.jpeg\"\/><br \/>\n     Harald har p\u00e5 feil sko for nummer to<br \/>\n    00:56<\/p>\n<p>    <img decoding=\"async\" class=\"playlist-item__img\" src=\"https:\/\/www.europesays.com\/no\/wp-content\/uploads\/2025\/12\/zi2z7EZ5NMQXMCd1jadAvg9Pwv985ogx4tXd2w5HXkzg.jpeg\"\/><br \/>\n     17. mai fra Alaska<br \/>\n    00:34<\/p>\n<p>\n          Vis flere\n        <\/p>\n<p>Publisert<\/p>\n<p>05.12.2025, kl. 21.05<\/p>\n","protected":false},"excerpt":{"rendered":"Hedvig Wessel er verdsmeister i frik\u00f8yring og var tidlegare p\u00e5 landslaget i kulek\u00f8yring. Ho har vore med p\u00e5&hellip;\n","protected":false},"author":2,"featured_media":105685,"comment_status":"","ping_status":"","sticky":false,"template":"","format":"standard","meta":{"footnotes":""},"categories":[10],"tags":[20,21,24,25,15,22,23,13,30,28,29,14,16,26,27],"class_list":{"0":"post-105684","1":"post","2":"type-post","3":"status-publish","4":"format-standard","5":"has-post-thumbnail","7":"category-norge","8":"tag-breaking-news","9":"tag-breakingnews","10":"tag-featured-news","11":"tag-featurednews","12":"tag-headlines","13":"tag-latest-news","14":"tag-latestnews","15":"tag-news","16":"tag-no","17":"tag-norge","18":"tag-norway","19":"tag-nyheter","20":"tag-overskrifter","21":"tag-top-stories","22":"tag-topstories"},"share_on_mastodon":{"url":"https:\/\/pubeurope.com\/@no\/115672197921701753","error":""},"_links":{"self":[{"href":"https:\/\/www.europesays.com\/no\/wp-json\/wp\/v2\/posts\/105684","targetHints":{"allow":["GET"]}}],"collection":[{"href":"https:\/\/www.europesays.com\/no\/wp-json\/wp\/v2\/posts"}],"about":[{"href":"https:\/\/www.europesays.com\/no\/wp-json\/wp\/v2\/types\/post"}],"author":[{"embeddable":true,"href":"https:\/\/www.europesays.com\/no\/wp-json\/wp\/v2\/users\/2"}],"replies":[{"embeddable":true,"href":"https:\/\/www.europesays.com\/no\/wp-json\/wp\/v2\/comments?post=105684"}],"version-history":[{"count":0,"href":"https:\/\/www.europesays.com\/no\/wp-json\/wp\/v2\/posts\/105684\/revisions"}],"wp:featuredmedia":[{"embeddable":true,"href":"https:\/\/www.europesays.com\/no\/wp-json\/wp\/v2\/media\/105685"}],"wp:attachment":[{"href":"https:\/\/www.europesays.com\/no\/wp-json\/wp\/v2\/media?parent=105684"}],"wp:term":[{"taxonomy":"category","embeddable":true,"href":"https:\/\/www.europesays.com\/no\/wp-json\/wp\/v2\/categories?post=105684"},{"taxonomy":"post_tag","embeddable":true,"href":"https:\/\/www.europesays.com\/no\/wp-json\/wp\/v2\/tags?post=105684"}],"curies":[{"name":"wp","href":"https:\/\/api.w.org\/{rel}","templated":true}]}}