{"id":105691,"date":"2025-12-06T10:46:56","date_gmt":"2025-12-06T10:46:56","guid":{"rendered":"https:\/\/www.europesays.com\/no\/105691\/"},"modified":"2025-12-06T10:46:56","modified_gmt":"2025-12-06T10:46:56","slug":"lok-landbruk-lok-direktivet-vedtaket-handler-ikke-om-helse","status":"publish","type":"post","link":"https:\/\/www.europesays.com\/no\/105691\/","title":{"rendered":"L\u00f8k, Landbruk | L\u00f8k-direktivet: Vedtaket handler ikke om helse"},"content":{"rendered":"\n<p>Utsettelsen vil gi rom for \u00e5 b\u00f8nder og myndigheter til \u00e5 f\u00e5 plass ordninger for \u00e5 avlaste risiko.<\/p>\n<p>Dette stortingsvedtaket f\u00e5r i Nationen kritikk fra tre vise menn: landbruksminister Nils Kristen Sandtr\u00f8en, kommentator Hans B\u00e5rdsg\u00e5rd og overv\u00e5kingsorganet ESA.<\/p>\n<p>  <a href=\"https:\/\/www.nationen.no\/5-148-831704\" class=\"related-teaser has-image default-opinion-teaser article--c-eRUmMG article--c-eRUmMG-jKCPdD-design-default\" rel=\"nofollow noopener\" target=\"_blank\"><\/p>\n<p>    <img decoding=\"async\" loading=\"lazy\"  src=\"https:\/\/www.europesays.com\/no\/wp-content\/uploads\/2025\/12\/ce0430aa-2413-4ab7-867c-d8ae9a5256d3.jfif\" alt=\"\" class=\"brick-c-cFOWSL\" style=\"\"\/><\/p>\n<p>\n            Les ogs\u00e5<\/p>\n<p>               EU-mat er skummel. Giftig norsk mat er trygg.\n        <\/p>\n<p>  <\/a><\/p>\n<p>Dette vedtaket handler ikke om helse. Det meste av norsk l\u00f8k vil ligge godt under de nye grenseverdiene for kadmium. Dette vedtaket handler om \u00e5 gi b\u00f8ndene rom til omstilling og om \u00e5 redusere den \u00f8konomiske risikoen for b\u00f8ndene.<\/p>\n<p>Jeg er ikke overrasket over reaksjonen fra ESA og B\u00e5rdsg\u00e5rd. Men at landbruksministeren n\u00e5r han f\u00f8rst velger \u00e5 mene noe g\u00e5r til angrep b\u00e5de p\u00e5 b\u00f8nder og stortingsflertallet er til \u00e5 gr\u00e5te av.<\/p>\n<p>Ordspillet med l\u00f8k til \u00e5 gr\u00e5te av er kanskje ikke det beste, men jeg falt ikke for fristelsen til \u00e5 kalle noen l\u00f8k.<\/p>\n<p>  <a href=\"https:\/\/www.nationen.no\/5-148-831882\" class=\"related-teaser has-image default-story-teaser article--c-eRUmMG article--c-eRUmMG-jKCPdD-design-default\" rel=\"nofollow noopener\" target=\"_blank\"><\/p>\n<p>    <img decoding=\"async\" loading=\"lazy\"  src=\"https:\/\/www.europesays.com\/no\/wp-content\/uploads\/2025\/12\/NTB_rC76fD_rc6w.jpg\" alt=\"\" class=\"brick-c-cFOWSL\" style=\"\"\/><\/p>\n<p>\n            Les ogs\u00e5<\/p>\n<p>              Regjeringen trekker omstridt l\u00f8k-sak fra skjebnem\u00f8te med EU\n        <\/p>\n<p>  <\/a><\/p>\n<p>  <a href=\"https:\/\/www.nationen.no\/5-148-831691\" class=\"related-teaser has-image default-story-teaser article--c-eRUmMG article--c-eRUmMG-jKCPdD-design-default\" rel=\"nofollow noopener\" target=\"_blank\"><\/p>\n<p>    <img decoding=\"async\" loading=\"lazy\"  src=\"https:\/\/www.europesays.com\/no\/wp-content\/uploads\/2025\/12\/Camilla+-+foto-Lars+Bilit+Hagen+Nationen.jpg+%28high%29.jpg\" alt=\"\" class=\"brick-c-cFOWSL\" style=\"\"\/><\/p>\n<p>\n            Les ogs\u00e5<\/p>\n<p>              Jubler over l\u00f8k-utsettelse: \u2013 Glad for at noen tar ansvar\n        <\/p>\n<p>  <\/a><\/p>\n","protected":false},"excerpt":{"rendered":"Utsettelsen vil gi rom for \u00e5 b\u00f8nder og myndigheter til \u00e5 f\u00e5 plass ordninger for \u00e5 avlaste risiko.&hellip;\n","protected":false},"author":2,"featured_media":105692,"comment_status":"","ping_status":"","sticky":false,"template":"","format":"standard","meta":{"footnotes":""},"categories":[10],"tags":[36,20,21,37,24,25,1829,15,755,22,23,13126,13,30,28,29,14,1533,16,26,27],"class_list":{"0":"post-105691","1":"post","2":"type-post","3":"status-publish","4":"format-standard","5":"has-post-thumbnail","7":"category-norge","8":"tag-art","9":"tag-breaking-news","10":"tag-breakingnews","11":"tag-debatt","12":"tag-featured-news","13":"tag-featurednews","14":"tag-geir-pollestad","15":"tag-headlines","16":"tag-landbruk","17":"tag-latest-news","18":"tag-latestnews","19":"tag-lok","20":"tag-news","21":"tag-no","22":"tag-norge","23":"tag-norway","24":"tag-nyheter","25":"tag-opinion","26":"tag-overskrifter","27":"tag-top-stories","28":"tag-topstories"},"share_on_mastodon":{"url":"https:\/\/pubeurope.com\/@no\/115672229315330669","error":""},"_links":{"self":[{"href":"https:\/\/www.europesays.com\/no\/wp-json\/wp\/v2\/posts\/105691","targetHints":{"allow":["GET"]}}],"collection":[{"href":"https:\/\/www.europesays.com\/no\/wp-json\/wp\/v2\/posts"}],"about":[{"href":"https:\/\/www.europesays.com\/no\/wp-json\/wp\/v2\/types\/post"}],"author":[{"embeddable":true,"href":"https:\/\/www.europesays.com\/no\/wp-json\/wp\/v2\/users\/2"}],"replies":[{"embeddable":true,"href":"https:\/\/www.europesays.com\/no\/wp-json\/wp\/v2\/comments?post=105691"}],"version-history":[{"count":0,"href":"https:\/\/www.europesays.com\/no\/wp-json\/wp\/v2\/posts\/105691\/revisions"}],"wp:featuredmedia":[{"embeddable":true,"href":"https:\/\/www.europesays.com\/no\/wp-json\/wp\/v2\/media\/105692"}],"wp:attachment":[{"href":"https:\/\/www.europesays.com\/no\/wp-json\/wp\/v2\/media?parent=105691"}],"wp:term":[{"taxonomy":"category","embeddable":true,"href":"https:\/\/www.europesays.com\/no\/wp-json\/wp\/v2\/categories?post=105691"},{"taxonomy":"post_tag","embeddable":true,"href":"https:\/\/www.europesays.com\/no\/wp-json\/wp\/v2\/tags?post=105691"}],"curies":[{"name":"wp","href":"https:\/\/api.w.org\/{rel}","templated":true}]}}