{"id":105694,"date":"2025-12-06T10:49:09","date_gmt":"2025-12-06T10:49:09","guid":{"rendered":"https:\/\/www.europesays.com\/no\/105694\/"},"modified":"2025-12-06T10:49:09","modified_gmt":"2025-12-06T10:49:09","slug":"stale-solbakkens-vm-plan-dette-gjor-han-na","status":"publish","type":"post","link":"https:\/\/www.europesays.com\/no\/105694\/","title":{"rendered":"St\u00e5le Solbakkens VM-plan: Dette gj\u00f8r han n\u00e5"},"content":{"rendered":"\n<p class=\"_lead_o9xde_2 _lead_xtcu6_50 layout-component text-serif-m layout-normal text-serif-l layout-component layout-wide layout-padded _wide_17hqh_1 layout-padded\">N\u00e5 begynner jobben med \u00e5 velge basecamp, ruste opp st\u00f8tteapparatet \u2013 og finne flere motstandere.<\/p>\n<p><img alt=\" Foto: PEDRO UGARTE \/ AFP \/ NTB\" class=\"_image_qp4xg_65 layout-component layout-wide\" data-fullscreen- data-track-element-type=\"Article image fullscreen\" data-track-name=\"ImageFullscreen\" fetchpriority=\"high\" decoding=\"sync\" loading=\"eager\" height=\"4332\" itemprop=\"image\"  src=\"https:\/\/www.europesays.com\/no\/wp-content\/uploads\/2025\/12\/1d9e245f-728d-4922-8725-1574c246f808\"  style=\"object-position:0% 0%\" width=\"6498\"\/> Foto: PEDRO UGARTE \/ AFP \/ NTBWashington\/Oslo Oppdatert l\u00f8rdag 6. desember kl. 11:16     <\/p>\n<p class=\"_paragraph_o9xde_4 _paragraph_xtcu6_10 layout-component text-serif-m layout-normal text-serif-m layout-padded\">\u2013 Det viktige er at vi m\u00e5 utvide st\u00f8tteapparatet litt. Det er kanskje det jeg jobber mest med. Kanskje vi m\u00e5 ha en fysioterapeut til. Kanskje vi m\u00e5 ha en trener til. Eller vi m\u00e5 ha en scouting-gruppe p\u00e5 de andre lagene. Litt s\u00e5nne ting begynner jeg \u00e5 jobbe med, forteller landslagssjefen til VG etter VM-trekningen i Washington.<\/p>\n<p class=\"_paragraph_o9xde_4 _paragraph_xtcu6_10 layout-component text-serif-m layout-normal text-serif-m layout-padded\">\u2013 Hvor langt har du kommet i det arbeidet?<\/p>\n<p class=\"_paragraph_o9xde_4 _paragraph_xtcu6_10 layout-component text-serif-m layout-normal text-serif-m layout-padded\">\u2013 Jeg har gjort en henvendelse eller to, men jeg ville gjerne f\u00e5 med meg trekningen f\u00f8r jeg tok det videre, sier Solbakken \u2013 som r\u00f8per at tidligere landslagskaptein Stefan Strandberg trolig f\u00e5r en rolle som scoutcouten scout er en person som analyserer og observerer motstandere for \u00e5 gi laget sitt en fordel ved \u00e5 forst\u00e5 hvordan de spiller.<\/p>\n<p class=\"_paragraph_o9xde_4 _paragraph_xtcu6_10 layout-component text-serif-m layout-normal text-serif-m layout-padded\"><strong class=\"_strong_o9xde_25\">Norge havnet i gruppe I \u2013 og m\u00f8ter Frankrike, Senegal og vinneren av Irak, Bolivia og Surinam.<\/strong><\/p>\n<p class=\"_paragraph_o9xde_4 _paragraph_xtcu6_10 layout-component text-serif-m layout-normal text-serif-m layout-padded\">Solbakkens hjelpere \u2013 Truls D\u00e6hli, Are Hokstad og Andr\u00e9 Flem \u2013 er i gang med samtaler med Fifa-representanter om VM-logistikken.<\/p>\n<p class=\"_paragraph_o9xde_4 _paragraph_xtcu6_10 layout-component text-serif-m layout-normal text-serif-m layout-padded\">\u2013 S\u00e5 begynner vi sm\u00e5tt \u00e5 n\u00f8ste opp. Are, Truls og Andr\u00e9 blir igjen i fem\u2013sju dager, tenker jeg. Da kan vi ikke velge, men vi kan utse oss \u00e9n, to eller tre destinasjoner hvor vi gjerne vil ha v\u00e5r basecampbasecampbasecamp er en hovedleir  hvor et lag samles og organiserer seg under en turnering . Kanskje vi f\u00e5r f\u00f8rstevalget \u2013 sannsynligvis f\u00e5r vi andrevalget, tenker jeg. <\/p>\n<p class=\"_paragraph_o9xde_4 _paragraph_xtcu6_10 layout-component text-serif-m layout-normal text-serif-m layout-padded\"><strong class=\"_strong_o9xde_25\">\u2013 Frankrike er jo en av de \u00f8verste seedede, og det spiller inn, sier landslagssjefen.<\/strong><\/p>\n<p><img alt=\"\" class=\"_image_qp4xg_65 layout-component layout-normal\" data-fullscreen- data-track-element-type=\"Article image fullscreen\" data-track-name=\"ImageFullscreen\" decoding=\"async\" loading=\"lazy\" height=\"2268\" itemprop=\"image\"  src=\"https:\/\/www.europesays.com\/no\/wp-content\/uploads\/2025\/12\/d24da885-9eda-4efc-8cc4-f65696494c62\"  style=\"object-position:0% 0%\" width=\"3024\"\/><\/p>\n<p class=\"_paragraph_o9xde_4 _paragraph_xtcu6_10 layout-component text-serif-m layout-normal text-serif-m layout-padded\">I juleh\u00f8ytiden er det afrikamesterskapetafrikamesterskapetAfrikamesterskapet er en stor fotballturnering for landslag fra Afrika, som arrangeres av det afrikanske fotballforbundet., hvor Solbakken kan f\u00f8lge Senegal og de andre lagene med VG+ Sport fra 21. desember til 18. januar.<\/p>\n<p class=\"_paragraph_o9xde_4 _paragraph_xtcu6_10 layout-component text-serif-m layout-normal text-serif-m layout-padded\">\u2013 N\u00e5r januar kommer, har vi sett mye p\u00e5 afrikamesterskapet. Da begynner vi \u00e5 analysere motstandere, og s\u00e5 g\u00e5r det slag i slag. Med all sannsynlighet skal vi m\u00f8te Nederland og Sveits i mars. Da m\u00e5 vi skaffe motstandere og bli enige om motstandere i juni. Skal vi spille to kamper p\u00e5 egen jord, eller skal vi spille den siste n\u00e5r vi kommer over? N\u00e5r skal vi reise over?<\/p>\n<p><img alt=\"Senegals Sadio Man\u00e9 (til venstre) og Brasils Marquinhos i duell i november.  Foto: John Walton \/ Pa Photos \/ NTB\" class=\"_image_qp4xg_65 layout-component layout-normal\" data-fullscreen- data-track-element-type=\"Article image fullscreen\" data-track-name=\"ImageFullscreen\" decoding=\"async\" loading=\"lazy\" height=\"2486\" itemprop=\"image\"  src=\"https:\/\/www.europesays.com\/no\/wp-content\/uploads\/2025\/12\/a7f52bfb-4e5f-4215-a9c7-d951c08f82ca\"  style=\"object-position:0% 0%\" width=\"3415\"\/>Senegals Sadio Man\u00e9 (til venstre) og Brasils Marquinhos i duell i november.  Foto: John Walton \/ Pa Photos \/ NTB<\/p>\n<p class=\"_paragraph_o9xde_4 _paragraph_xtcu6_10 layout-component text-serif-m layout-normal text-serif-m layout-padded\">\u2013 Hva slags innspill kommer du med i dette?<\/p>\n<p class=\"_paragraph_o9xde_4 _paragraph_xtcu6_10 layout-component text-serif-m layout-normal text-serif-m layout-padded\">\u2013 Basecamp-valgene er Are sitt ansvar. Han har klart mest erfaring med hva gutta vil og trenger. Der trenger ikke jeg komme med s\u00e5 mye innspill \u2013 jeg m\u00e5 velge til slutt. De har en enorm rutine, mye st\u00f8rre enn jeg har.<\/p>\n<p class=\"_paragraph_o9xde_4 _paragraph_xtcu6_10 layout-component text-serif-m layout-normal text-serif-m layout-padded\">Fersk episode om det spesielle trekningsshowet:<\/p>\n<p class=\"_paragraph_o9xde_4 _paragraph_xtcu6_10 layout-component text-serif-m layout-normal text-serif-m layout-padded\">Gruppe I spilles p\u00e5 \u00f8stkysten og har turneringens soleklart mest kompakte reiserute. Kampene spilles i New York\/New Jersey, Boston, Toronto og Philadelphia.<\/p>\n<p class=\"_paragraph_o9xde_4 _paragraph_xtcu6_10 layout-component text-serif-m layout-normal text-serif-m layout-padded\">\u2013 Vi er forn\u00f8yd med logistikken i gruppa. Vi sa faktisk for flere uker siden at vi h\u00e5per p\u00e5 Gruppe I, uavhengig av motstand, sier fotballpresident Lise Klaveness. <\/p>\n<p class=\"_paragraph_o9xde_4 _paragraph_xtcu6_10 layout-component text-serif-m layout-normal text-serif-m layout-padded\">\u2013 Vil landslaget f\u00e5 alt de peker p\u00e5?<\/p>\n<p class=\"_paragraph_o9xde_4 _paragraph_xtcu6_10 layout-component text-serif-m layout-normal text-serif-m layout-padded\">\u2013 Fra styrets side: De vil ikke f\u00e5 alt de peker p\u00e5. Men Karl-Petter (L\u00f8ken) og St\u00e5le har stor tillit. Vi vil lytte til arbeidet de gj\u00f8r. Selvf\u00f8lgelig vil vi gj\u00f8re alt vi kan for \u00e5 legge ting godt til rette.<\/p>\n<p class=\"_paragraph_o9xde_4 _paragraph_xtcu6_10 layout-component text-serif-m layout-normal text-serif-m layout-padded\">\u2013 Hva med \u00f8konomiske rammer?<\/p>\n<p class=\"_paragraph_o9xde_4 _paragraph_xtcu6_10 layout-component text-serif-m layout-normal text-serif-m layout-padded\">\u2013 Vi har purret p\u00e5 FIFA for \u00e5 f\u00e5 vite mer. Vi regner med \u00e5 f\u00e5 et visst bel\u00f8p til forberedelser. Vi vet hvor mye spillerne f\u00e5r i bonus. Resten vet vi ikke helt enn\u00e5. Kostnadsniv\u00e5et her borte er h\u00f8yt, og det er 48 lag. Men vi h\u00e5per det blir igjen litt penger \u2013 de g\u00e5r til hele norsk fotball.<\/p>\n","protected":false},"excerpt":{"rendered":"N\u00e5 begynner jobben med \u00e5 velge basecamp, ruste opp st\u00f8tteapparatet \u2013 og finne flere motstandere. Foto: PEDRO UGARTE&hellip;\n","protected":false},"author":2,"featured_media":105695,"comment_status":"","ping_status":"","sticky":false,"template":"","format":"standard","meta":{"footnotes":""},"categories":[59],"tags":[3163,30,28,29,83,82,1387],"class_list":{"0":"post-105694","1":"post","2":"type-post","3":"status-publish","4":"format-standard","5":"has-post-thumbnail","7":"category-sport","8":"tag-herrelandslaget-fotball","9":"tag-no","10":"tag-norge","11":"tag-norway","12":"tag-sport","13":"tag-sports","14":"tag-stale-solbakken"},"share_on_mastodon":{"url":"https:\/\/pubeurope.com\/@no\/115672237113058097","error":""},"_links":{"self":[{"href":"https:\/\/www.europesays.com\/no\/wp-json\/wp\/v2\/posts\/105694","targetHints":{"allow":["GET"]}}],"collection":[{"href":"https:\/\/www.europesays.com\/no\/wp-json\/wp\/v2\/posts"}],"about":[{"href":"https:\/\/www.europesays.com\/no\/wp-json\/wp\/v2\/types\/post"}],"author":[{"embeddable":true,"href":"https:\/\/www.europesays.com\/no\/wp-json\/wp\/v2\/users\/2"}],"replies":[{"embeddable":true,"href":"https:\/\/www.europesays.com\/no\/wp-json\/wp\/v2\/comments?post=105694"}],"version-history":[{"count":0,"href":"https:\/\/www.europesays.com\/no\/wp-json\/wp\/v2\/posts\/105694\/revisions"}],"wp:featuredmedia":[{"embeddable":true,"href":"https:\/\/www.europesays.com\/no\/wp-json\/wp\/v2\/media\/105695"}],"wp:attachment":[{"href":"https:\/\/www.europesays.com\/no\/wp-json\/wp\/v2\/media?parent=105694"}],"wp:term":[{"taxonomy":"category","embeddable":true,"href":"https:\/\/www.europesays.com\/no\/wp-json\/wp\/v2\/categories?post=105694"},{"taxonomy":"post_tag","embeddable":true,"href":"https:\/\/www.europesays.com\/no\/wp-json\/wp\/v2\/tags?post=105694"}],"curies":[{"name":"wp","href":"https:\/\/api.w.org\/{rel}","templated":true}]}}