{"id":10570,"date":"2025-08-17T15:11:07","date_gmt":"2025-08-17T15:11:07","guid":{"rendered":"https:\/\/www.europesays.com\/no\/10570\/"},"modified":"2025-08-17T15:11:07","modified_gmt":"2025-08-17T15:11:07","slug":"skuespiller-terence-stamp-er-dod","status":"publish","type":"post","link":"https:\/\/www.europesays.com\/no\/10570\/","title":{"rendered":"Skuespiller Terence Stamp er d\u00f8d"},"content":{"rendered":"\n<ul class=\"_list_1bvmi_3 _list_1flq1_85 _unordered_1bvmi_99 text-sans-m\">\n<li class=\"_item_1bvmi_30\">Skuespilleren Terence Stamp er d\u00f8d, 87 \u00e5r gammel; han d\u00f8de s\u00f8ndag morgen, d\u00f8ds\u00e5rsaken er ukjent.<\/li>\n<li class=\"_item_1bvmi_30\">Kjent som General Zod i \u00abSuperman\u00bb (1978) og \u00abSuperman II\u00bb (1980) mot Christopher Reeve.<\/li>\n<li class=\"_item_1bvmi_30\">Oscar-nominert for \u00abBilly Budd\u00bb (1962), og familien sier arven \u00abvil fortsette \u00e5 r\u00f8re og inspirere\u00bb.<\/li>\n<\/ul>\n<p>Vis mer <\/p>\n<p class=\"_paragraph_1bvmi_4 _paragraph_xtcu6_10 layout-component text-serif-m layout-normal text-serif-m layout-padded\">Den britiske skuespilleren Terence Stamp er d\u00f8d, 87 \u00e5r gammel. Han d\u00f8de s\u00f8ndag morgen, opplyser familien i en uttalelse, if\u00f8lge<a href=\"https:\/\/www.reutersconnect.com\/all?id=tag%3Areuters.com%2C2025%3Anewsml_L8N3MM129%3A1927815215&amp;media-types=txt&amp;sources=rtrs\" class=\"_link_1bvmi_39\" rel=\"nofollow noopener\" target=\"_blank\"> Reuters<\/a>.<\/p>\n<p class=\"_paragraph_1bvmi_4 _paragraph_xtcu6_10 layout-component text-serif-m layout-normal text-serif-m layout-padded\">D\u00f8ds\u00e5rsaken er ikke kjent.<\/p>\n<p class=\"_paragraph_1bvmi_4 _paragraph_xtcu6_10 layout-component text-serif-m layout-normal text-serif-m layout-padded\">Stamp ble verdenskjent for sin rolle som superskurken General Zod i \u00abSuperman\u00bb fra 1978 og oppf\u00f8lgeren \u00abSuperman II\u00bb fra 1980. Han spilte mot Christopher Reeve i begge filmene.<\/p>\n<p class=\"_paragraph_1bvmi_4 _paragraph_xtcu6_10 layout-component text-serif-m layout-normal text-serif-m layout-padded\">\u2013 Han etterlater seg et ekstraordin\u00e6rt arbeid, b\u00e5de som skuespiller og forfatter, som vil fortsette \u00e5 r\u00f8re og inspirere mennesker i \u00e5rene som kommer, sier familien.<\/p>\n<p class=\"_paragraph_1bvmi_4 _paragraph_xtcu6_10 layout-component text-serif-m layout-normal text-serif-m layout-padded\">Han delte leilighet med skuespiller Michael Caine som ung skuespiller og fikk sin f\u00f8rste store rolle i \u00abBilly Budd\u00bb i 1962. Det ga ham en Oscar-nominasjon.<\/p>\n<p class=\"_paragraph_1bvmi_4 _paragraph_xtcu6_10 layout-component text-serif-m layout-normal text-serif-m layout-padded\">Stamp var kjent for sitt gode utseende og dannet et av Storbritannias mest glamor\u00f8se par med Julie Christie. <\/p>\n<p class=\"_paragraph_1bvmi_4 _paragraph_xtcu6_10 layout-component text-serif-m layout-normal text-serif-m layout-padded\">Stamp giftet seg f\u00f8rste gang i 2002, 64 \u00e5r gammel.<\/p>\n","protected":false},"excerpt":{"rendered":"Skuespilleren Terence Stamp er d\u00f8d, 87 \u00e5r gammel; han d\u00f8de s\u00f8ndag morgen, d\u00f8ds\u00e5rsaken er ukjent. Kjent som General&hellip;\n","protected":false},"author":2,"featured_media":10571,"comment_status":"","ping_status":"","sticky":false,"template":"","format":"standard","meta":{"footnotes":""},"categories":[5],"tags":[20,21,24,25,15,19,22,23,17,18,13,30,28,29,14,16,26,27,46],"class_list":{"0":"post-10570","1":"post","2":"type-post","3":"status-publish","4":"format-standard","5":"has-post-thumbnail","7":"category-overskrifter","8":"tag-breaking-news","9":"tag-breakingnews","10":"tag-featured-news","11":"tag-featurednews","12":"tag-headlines","13":"tag-hovedoppslag","14":"tag-latest-news","15":"tag-latestnews","16":"tag-main-news","17":"tag-mainnews","18":"tag-news","19":"tag-no","20":"tag-norge","21":"tag-norway","22":"tag-nyheter","23":"tag-overskrifter","24":"tag-top-stories","25":"tag-topstories","26":"tag-vgai"},"share_on_mastodon":{"url":"","error":""},"_links":{"self":[{"href":"https:\/\/www.europesays.com\/no\/wp-json\/wp\/v2\/posts\/10570","targetHints":{"allow":["GET"]}}],"collection":[{"href":"https:\/\/www.europesays.com\/no\/wp-json\/wp\/v2\/posts"}],"about":[{"href":"https:\/\/www.europesays.com\/no\/wp-json\/wp\/v2\/types\/post"}],"author":[{"embeddable":true,"href":"https:\/\/www.europesays.com\/no\/wp-json\/wp\/v2\/users\/2"}],"replies":[{"embeddable":true,"href":"https:\/\/www.europesays.com\/no\/wp-json\/wp\/v2\/comments?post=10570"}],"version-history":[{"count":0,"href":"https:\/\/www.europesays.com\/no\/wp-json\/wp\/v2\/posts\/10570\/revisions"}],"wp:featuredmedia":[{"embeddable":true,"href":"https:\/\/www.europesays.com\/no\/wp-json\/wp\/v2\/media\/10571"}],"wp:attachment":[{"href":"https:\/\/www.europesays.com\/no\/wp-json\/wp\/v2\/media?parent=10570"}],"wp:term":[{"taxonomy":"category","embeddable":true,"href":"https:\/\/www.europesays.com\/no\/wp-json\/wp\/v2\/categories?post=10570"},{"taxonomy":"post_tag","embeddable":true,"href":"https:\/\/www.europesays.com\/no\/wp-json\/wp\/v2\/tags?post=10570"}],"curies":[{"name":"wp","href":"https:\/\/api.w.org\/{rel}","templated":true}]}}