{"id":105708,"date":"2025-12-06T11:07:24","date_gmt":"2025-12-06T11:07:24","guid":{"rendered":"https:\/\/www.europesays.com\/no\/105708\/"},"modified":"2025-12-06T11:07:24","modified_gmt":"2025-12-06T11:07:24","slug":"kjendiser-klare-for-ny-sesong-av-vokteren-dette-er-deltakerne-i-sesong-to-2","status":"publish","type":"post","link":"https:\/\/www.europesays.com\/no\/105708\/","title":{"rendered":"Kjendiser klare for ny sesong av \u00abVokteren\u00bb. Dette er deltakerne i sesong to"},"content":{"rendered":"<p>Fjor\u00e5rets TV-suksess\u00a0\u00abVokteren\u00bb er tilbake for sin andre sesong og 14 nye personer er klare for \u00e5 kjempe seg til toppen av fjellet.\u00a0<\/p>\n<p>Denne gangen er det\u00a0fjelltoppen Kol\u00e5stinden p\u00e5 hele 1432 meter over havet, ogs\u00e5 kalt \u00abkongen av Sunnm\u00f8rsalpene\u00bb, som er m\u00e5let for deltakerne. <\/p>\n<p>    <a itemprop=\"url\" href=\"https:\/\/www.seher.no\/kjendis\/brukte-pengepremie-pa-brudekjole\/82323562\" rel=\"nofollow noopener\" target=\"_blank\"><\/p>\n<p>      <img loading=\"lazy\" decoding=\"async\" src=\"https:\/\/www.europesays.com\/no\/wp-content\/uploads\/2025\/12\/82321820.webp\" width=\"980\" height=\"441\" title=\"Brukte pengepremie p\u00e5 brudekjole\" alt=\"\" class=\"lazyload\" style=\"--aspect-ratio-image: 2.22; \"\/><\/p>\n<p>        Brukte pengepremie p\u00e5 brudekjole<\/p>\n<p>    <\/a><\/p>\n<p>Etter \u00e5 ha blitt utsatt for en rekke mentale og fysiske utfordringer, er det til slutt den mest tilpasningsdyktige som st\u00e5r seirende igjen p\u00e5 toppen av Kol\u00e5stinden. <\/p>\n<p>Nytt i den kommende sesongen er at programleder Helene Olafsen (35) ikke er med, p\u00e5 grunn av TV 2s \u00f8nske om \u00e5 videreutvikle programmet.<\/p>\n<p>          <img loading=\"lazy\" decoding=\"async\" src=\"https:\/\/www.europesays.com\/no\/wp-content\/uploads\/2025\/12\/83947105.webp\" width=\"980\" height=\"559\" title=\"VRAKET: Helene Olafsen, her fra sesong en av \u00abVokteren\u00bb. Foto: Haakon Lundkvist\/ TV 2\" alt=\"\" class=\"\" style=\"--aspect-ratio-image: 1.75; \"\/><\/p>\n<p>\n          VRAKET: Helene Olafsen, her fra sesong en av \u00abVokteren\u00bb. Foto: Haakon Lundkvist\/ TV 2\n      <\/p>\n<p>&#8211; Og et av disse er \u00e5 gi den mystiske skikkelsen Vokteren en mer sentral rolle i programmet. Dermed forsvinner ogs\u00e5 den klassiske programlederrollen som Helene Olafsen utf\u00f8rte p\u00e5 en veldig god m\u00e5te i premiere-sesongen, sier pressesjef Jan-Petter Dahl til <a href=\"https:\/\/www.tv2.no\/underholdning\/vrakes-som-programleder\/18354243\/\" rel=\"nofollow noopener\" target=\"_blank\">TV 2<\/a>.\u00a0<\/p>\n<p>        VINNER: Finalistene i \u00abVokteren\u00bb n\u00e5dde toppen, og i dagens episode f\u00e5r vi se hvordan pengene ble fordelt.<\/p>\n<p>VIDEO: TV2 \/\/ H\u00e5vard Bj\u00f8rnerem<\/p>\n<p>Dette er gjengen som skal konkurrere mot hverandre:<\/p>\n<p class=\"font-weight-bold m-font-weight-bold\" data-lab-font_weight=\"font-weight-bold\">Mona Grudt (54), modell og redakt\u00f8r\u00a0<\/p>\n<p>Grudt er ikke den f\u00f8rste som sier\u00a0\u00abja\u00bb til \u00e5 v\u00e6re med p\u00e5 reality, men forteller at det n\u00e5 var p\u00e5 tide.<\/p>\n<p>&#8211; Det er morsomt \u00e5 endelig takke ja til noe. Jeg har jo stort sett takket nei til ting i mange \u00e5r. Det handler om at livet begynner \u00e5 tillate det mer n\u00e5 som barna er st\u00f8rre.\u00a0<\/p>\n<p>Hun ser frem til nye utfordringer, men innr\u00f8mmer at hun er veldig spent og nerv\u00f8s.\u00a0<\/p>\n<p>          <img loading=\"lazy\" decoding=\"async\" src=\"https:\/\/www.europesays.com\/no\/wp-content\/uploads\/2025\/12\/83503176.webp\" width=\"686\" height=\"488\" title=\"Mona Grudt. Foto: Andreas Fadum\" alt=\"\" class=\"\" style=\"--aspect-ratio-image: 1.41; \"\/><\/p>\n<p>\n          Mona Grudt. Foto: Andreas Fadum\n      <\/p>\n<p class=\"font-weight-bold m-font-weight-bold\" data-lab-font_weight=\"font-weight-bold\">Louise Angelica Riise (35), influenser<\/p>\n<p>&#8211; Jeg har g\u00e5tt og gruet meg i mange m\u00e5neder. Hva i alle dager har jeg sagt ja til?<\/p>\n<p>Riise gruer seg mest til det mentale spillet. Dette er ogs\u00e5 hennes f\u00f8rste gang som deltaker i et realityprogram. Hun forteller at s\u00f8nnen er en stor del av motivasjonen for \u00e5 takke ja.\u00a0<\/p>\n<p>&#8211; Han elsker \u00e5 se p\u00e5\u00a0\u00abVokteren\u00bb. Han satt hele sesongen i fjor og fulgte med. Det ble en ting vi s\u00e5 sammen. Jeg har veldig lyst til \u00e5 gj\u00f8re det bra for \u00e5 imponere han og v\u00e6re et godt forbilde.\u00a0<\/p>\n<p>          <img loading=\"lazy\" decoding=\"async\" src=\"https:\/\/www.europesays.com\/no\/wp-content\/uploads\/2025\/12\/83503186.webp\" width=\"686\" height=\"515\" title=\"Louise Agelica Riise. Foto: Andreas Fadum \/ Se og H\u00f8r\" alt=\"\" class=\"\" style=\"--aspect-ratio-image: 1.33; \"\/><\/p>\n<p>\n          Louise Agelica Riise. Foto: Andreas Fadum \/ Se og H\u00f8r\n      <\/p>\n<p class=\"font-weight-bold m-font-weight-bold\" data-lab-font_weight=\"font-weight-bold\">Isak Dreyer (31), TV-personlighet og programleder<\/p>\n<p>For fiskere fra Nord-Norge er det en helt annen motivasjon som gjorde at han takket ja til sin f\u00f8rste opptreden p\u00e5 reality-TV.\u00a0<\/p>\n<p>&#8211; Jeg gj\u00f8r det bare for at jeg f\u00e5r penger for det. Kun det.\u00a0<\/p>\n<p>Dreyer har ikke troa p\u00e5 at han kommer til \u00e5 vinne.\u00a0<\/p>\n<p>&#8211; Hvis det er slik som forrige sesong, s\u00e5 tror jeg ikke at jeg har god sjanse. Jeg tror ikke jeg har noe st\u00f8rre sjanse til \u00e5 vinne enn andre med tanke p\u00e5 at det er et sosialt spill og litt tilfeldigheter.\u00a0<\/p>\n<p>          <img loading=\"lazy\" decoding=\"async\" src=\"https:\/\/www.europesays.com\/no\/wp-content\/uploads\/2025\/12\/83503197.webp\" width=\"686\" height=\"474\" title=\"Isak Dreyer. Foto: Shad Madian \/ Se og H\u00f8r\" alt=\"\" class=\"\" style=\"--aspect-ratio-image: 1.45; \"\/><\/p>\n<p>\n          Isak Dreyer. Foto: Shad Madian \/ Se og H\u00f8r\n      <\/p>\n<p class=\"font-weight-bold m-font-weight-bold\" data-lab-font_weight=\"font-weight-bold\"> Snorre Klanderud (30), influenser<\/p>\n<p>Snorre er en av profilene i\u00a0\u00abGutta\u00bb. Han innr\u00f8mmer at han ikke ser p\u00e5 reality, men at det er interessen for friluftsliv som er den st\u00f8rste motivasjonen til \u00e5 bli med p\u00e5\u00a0\u00abVokteren\u00bb.<\/p>\n<p>&#8211; Det \u00e5 g\u00e5 tur tror jeg skal g\u00e5 veldig fint. For meg er det i stor grad spillet som kommer til \u00e5 v\u00e6re krevende. Jeg vil bare at det skal v\u00e6re god stemning.\u00a0<\/p>\n<p>          <img loading=\"lazy\" decoding=\"async\" src=\"https:\/\/www.europesays.com\/no\/wp-content\/uploads\/2025\/12\/83503199.webp\" width=\"686\" height=\"488\" title=\"Snorre Klanderud. Foto: Andreas Fadum \/ Se og H\u00f8r\" alt=\"\" class=\"\" style=\"--aspect-ratio-image: 1.41; \"\/><\/p>\n<p>\n          Snorre Klanderud. Foto: Andreas Fadum \/ Se og H\u00f8r\n      <\/p>\n<p class=\"font-weight-bold m-font-weight-bold\" data-lab-font_weight=\"font-weight-bold\">V\u00e5r Staude (59), programleder<\/p>\n<p>&#8211; Hva er det jeg driver med? Jeg har det jo s\u00e5 fint. Jeg elsker jobben min og \u00e5 v\u00e6re med trygge folk. Men s\u00e5 er jeg jo veldig glad i \u00e5 g\u00e5 tur da.\u00a0<\/p>\n<p>Det er med blandede f\u00f8lelser at Staude takket ja til \u00e5 v\u00e6re med i programmet. Hun har f\u00e5tt noen gode tips fra fjor\u00e5rets vinner, og kollega, Desta Marie Beeder (37).\u00a0<\/p>\n<p>&#8211; Hun sier at jeg m\u00e5 spille hardt. Jeg skal kjempe p\u00e5 og gj\u00f8re det jeg kan for \u00e5 v\u00e6re med.<\/p>\n<p>          <img loading=\"lazy\" decoding=\"async\" src=\"https:\/\/www.europesays.com\/no\/wp-content\/uploads\/2025\/12\/83503202.webp\" width=\"686\" height=\"446\" title=\"V\u00e5r Staude. Foto: Andreas Fadum \/ Se og H\u00f8r\" alt=\"\" class=\"\" style=\"--aspect-ratio-image: 1.54; \"\/><\/p>\n<p>\n          V\u00e5r Staude. Foto: Andreas Fadum \/ Se og H\u00f8r\n      <\/p>\n<p class=\"font-weight-bold m-font-weight-bold\" data-lab-font_weight=\"font-weight-bold\">Cengiz Al (28), skuespiller\u00a0<\/p>\n<p>Skuespilleren har et kjent ansikt fra film-lerretet og TV. Han fikk sitt gjennombrudd fra suksesserien\u00a0\u00abSKAM\u00bb og har blant annet vunnet \u00abSkal vi danse\u00bb.\u00a0<\/p>\n<p>Han forteller at det er flere grunner til at han \u00f8nsket \u00e5 bli med p\u00e5\u00a0\u00abVokteren\u00bb.<\/p>\n<p>&#8211; Jeg vil s\u00f8ke det ukjente og adrenalinfylte. Jeg er jo familiefar, s\u00e5 det \u00e5 komme ut og kjenne p\u00e5 livet p\u00e5 denne m\u00e5ten blir g\u00f8y.\u00a0<\/p>\n<p>          <img loading=\"lazy\" decoding=\"async\" src=\"https:\/\/www.europesays.com\/no\/wp-content\/uploads\/2025\/12\/83503558.webp\" width=\"686\" height=\"446\" title=\"Cengiz Al. Foto: Andreas Fadum \/ Se og H\u00f8r\" alt=\"\" class=\"\" style=\"--aspect-ratio-image: 1.54; \"\/><\/p>\n<p>\n          Cengiz Al. Foto: Andreas Fadum \/ Se og H\u00f8r\n      <\/p>\n<p class=\"font-weight-bold m-font-weight-bold\" data-lab-font_weight=\"font-weight-bold\">Mariann Thomassen (46), artist\u00a0<\/p>\n<p>&#8211; Jeg f\u00f8ler dette konseptet passer meg.\u00a0<\/p>\n<p>Artisten har funnet turgleden de senere \u00e5rene og gleder seg til \u00e5 v\u00e6re ute i naturen.\u00a0<\/p>\n<p>&#8211; Man trenger hverandre p\u00e5 en slik tur, men i konkurransene m\u00e5 man legge hjertet til siden. Men jeg er \u00e5pen for \u00e5 kaste meg ute i det og st\u00e5 i konkurransen.\u00a0<\/p>\n<p>          <img loading=\"lazy\" decoding=\"async\" src=\"https:\/\/www.europesays.com\/no\/wp-content\/uploads\/2025\/12\/83503537.webp\" width=\"686\" height=\"392\" title=\"Mariann Thomassen. Foto: Tore Skaar \/ Se og H\u00f8r\" alt=\"\" class=\"\" style=\"--aspect-ratio-image: 1.75; \"\/><\/p>\n<p>\n          Mariann Thomassen. Foto: Tore Skaar \/ Se og H\u00f8r\n      <\/p>\n<p class=\"font-weight-normal m-font-weight-normal\" data-lab-font_weight=\"font-weight-normal\">I tillegg kan seerne se frem til \u00e5 se:<\/p>\n<p class=\"font-weight-bold m-font-weight-bold\" data-lab-font_weight=\"font-weight-bold\"> Christopher Robin Henriksen Omdahl (34), programleder og youtuber\u00a0<\/p>\n<p class=\"font-weight-bold m-font-weight-bold\" data-lab-font_weight=\"font-weight-bold\"> Henrik Farley (32), programleder og komiker<\/p>\n<p class=\"font-weight-bold m-font-weight-bold\" data-lab-font_weight=\"font-weight-bold\">Alex Ros\u00e8n (57), komiker og artist<\/p>\n<p class=\"font-weight-bold m-font-weight-bold\" data-lab-font_weight=\"font-weight-bold\">Malene Elfrid (22), tiktoker<\/p>\n<p class=\"font-weight-bold m-font-weight-bold\" data-lab-font_weight=\"font-weight-bold\">Simen Agdestein (58), sjakkspiller\u00a0og tidligere fotballspiller <\/p>\n<p class=\"font-weight-bold m-font-weight-bold\" data-lab-font_weight=\"font-weight-bold\">Yasmin Mehmood (28), radioprogramleder <\/p>\n<p class=\"font-weight-bold m-font-weight-bold\" data-lab-font_weight=\"font-weight-bold\"> Kristine Thybo-Hansen (34), jeger og TV-personlighet<\/p>\n<p class=\"font-weight-bold m-font-weight-bold\" data-lab-font_weight=\"font-weight-bold\"> \u00abVokteren\u00bb sesong 2 kommer p\u00e5 TV 2 Play og TV 2 Direkte torsdag 1. januar. <\/p>\n","protected":false},"excerpt":{"rendered":"Fjor\u00e5rets TV-suksess\u00a0\u00abVokteren\u00bb er tilbake for sin andre sesong og 14 nye personer er klare for \u00e5 kjempe seg&hellip;\n","protected":false},"author":2,"featured_media":105709,"comment_status":"","ping_status":"","sticky":false,"template":"","format":"standard","meta":{"footnotes":""},"categories":[5],"tags":[7317,20,21,8111,24,25,15,19,3316,479,22,23,3251,17,18,13221,12375,13,30,28,29,14,16,5403,26,27,4453,13220],"class_list":{"0":"post-105708","1":"post","2":"type-post","3":"status-publish","4":"format-standard","5":"has-post-thumbnail","7":"category-overskrifter","8":"tag-alex-rosen","9":"tag-breaking-news","10":"tag-breakingnews","11":"tag-cengiz-al","12":"tag-featured-news","13":"tag-featurednews","14":"tag-headlines","15":"tag-hovedoppslag","16":"tag-isak-dreyer","17":"tag-kjendis","18":"tag-latest-news","19":"tag-latestnews","20":"tag-louise-angelica-riise","21":"tag-main-news","22":"tag-mainnews","23":"tag-mariann-thomassen","24":"tag-mona-grudt","25":"tag-news","26":"tag-no","27":"tag-norge","28":"tag-norway","29":"tag-nyheter","30":"tag-overskrifter","31":"tag-snorre-klanderud","32":"tag-top-stories","33":"tag-topstories","34":"tag-var-staude","35":"tag-vokteren"},"share_on_mastodon":{"url":"https:\/\/pubeurope.com\/@no\/115672308379780329","error":""},"_links":{"self":[{"href":"https:\/\/www.europesays.com\/no\/wp-json\/wp\/v2\/posts\/105708","targetHints":{"allow":["GET"]}}],"collection":[{"href":"https:\/\/www.europesays.com\/no\/wp-json\/wp\/v2\/posts"}],"about":[{"href":"https:\/\/www.europesays.com\/no\/wp-json\/wp\/v2\/types\/post"}],"author":[{"embeddable":true,"href":"https:\/\/www.europesays.com\/no\/wp-json\/wp\/v2\/users\/2"}],"replies":[{"embeddable":true,"href":"https:\/\/www.europesays.com\/no\/wp-json\/wp\/v2\/comments?post=105708"}],"version-history":[{"count":0,"href":"https:\/\/www.europesays.com\/no\/wp-json\/wp\/v2\/posts\/105708\/revisions"}],"wp:featuredmedia":[{"embeddable":true,"href":"https:\/\/www.europesays.com\/no\/wp-json\/wp\/v2\/media\/105709"}],"wp:attachment":[{"href":"https:\/\/www.europesays.com\/no\/wp-json\/wp\/v2\/media?parent=105708"}],"wp:term":[{"taxonomy":"category","embeddable":true,"href":"https:\/\/www.europesays.com\/no\/wp-json\/wp\/v2\/categories?post=105708"},{"taxonomy":"post_tag","embeddable":true,"href":"https:\/\/www.europesays.com\/no\/wp-json\/wp\/v2\/tags?post=105708"}],"curies":[{"name":"wp","href":"https:\/\/api.w.org\/{rel}","templated":true}]}}