{"id":105717,"date":"2025-12-06T11:21:53","date_gmt":"2025-12-06T11:21:53","guid":{"rendered":"https:\/\/www.europesays.com\/no\/105717\/"},"modified":"2025-12-06T11:21:53","modified_gmt":"2025-12-06T11:21:53","slug":"ilhan-omar-allierte-kobles-til-enorm-covid-svindel","status":"publish","type":"post","link":"https:\/\/www.europesays.com\/no\/105717\/","title":{"rendered":"Ilhan Omar-allierte kobles til enorm COVID-svindel"},"content":{"rendered":"<p><strong>Flere personer i den n\u00e6re kretsen til den demokratiske kongressrepresentanten Ilhan Omar skal ha tjent p\u00e5 en omfattende velferdssvindel knyttet til koronamidler i Minnesota. Svindelen er ansl\u00e5tt til rundt \u00e9n milliard dollar og har satt det somaliske milj\u00f8et i delstaten under lupen fra f\u00f8derale myndigheter.<\/strong><\/p>\n<p>If\u00f8lge <a href=\"https:\/\/www.foxnews.com\/politics\/omar-allies-tied-massive-minnesota-covid-meal-fraud-scheme-involving-somali-community\" rel=\"nofollow noopener\" target=\"_blank\">Fox News<\/a> og <a href=\"https:\/\/nypost.com\/2025\/12\/04\/us-news\/what-did-ilhan-omar-know-about-the-1b-welfare-fraud-case-in-her-minnesota-district\/\" rel=\"nofollow noopener\" target=\"_blank\">New York Post<\/a> holdt Omar arrangementer ved en av restaurantene involvert i saken, og b\u00e5de en kjent restaurant\u00adeier og en tidligere ansatt hos henne er d\u00f8mt. Svindelen omfatter blant annet misbruk av midler fra MEALS Act, lovgivning Omar selv introduserte i 2020, som skulle sikre matutdeling til barn under pandemien.<\/p>\n<p>Justisdepartementet mener store deler av midlene gikk til luksusforbruk, inkludert kj\u00f8p av en millionbolig i Minneapolis. Omar har ikke blitt knyttet direkte til svindelen og har tidligere omtalt saken som \u00abavskyelig\u00bb.<\/p>\n<p>Fox News skriver at minst 78 personer s\u00e5 langt er tiltalt. B\u00e5de Small Business Administration og Kongressen unders\u00f8ker n\u00e5 myndighetenes h\u00e5ndtering av saken, mens president Donald Trump gjentok sin kritikk av b\u00e5de Omar og Minnesota p\u00e5 onsdag.<\/p>\n","protected":false},"excerpt":{"rendered":"Flere personer i den n\u00e6re kretsen til den demokratiske kongressrepresentanten Ilhan Omar skal ha tjent p\u00e5 en omfattende&hellip;\n","protected":false},"author":2,"featured_media":105718,"comment_status":"","ping_status":"","sticky":false,"template":"","format":"standard","meta":{"footnotes":""},"categories":[12],"tags":[20,21,7493,24,25,15,6269,22,23,13,30,28,29,14,16,1441,26,27,42,43,44,45],"class_list":{"0":"post-105717","1":"post","2":"type-post","3":"status-publish","4":"format-standard","5":"has-post-thumbnail","7":"category-verden","8":"tag-breaking-news","9":"tag-breakingnews","10":"tag-covid","11":"tag-featured-news","12":"tag-featurednews","13":"tag-headlines","14":"tag-ilhan-omar","15":"tag-latest-news","16":"tag-latestnews","17":"tag-news","18":"tag-no","19":"tag-norge","20":"tag-norway","21":"tag-nyheter","22":"tag-overskrifter","23":"tag-svindel","24":"tag-top-stories","25":"tag-topstories","26":"tag-verden","27":"tag-world","28":"tag-world-news","29":"tag-worldnews"},"share_on_mastodon":{"url":"https:\/\/pubeurope.com\/@no\/115672366795653305","error":""},"_links":{"self":[{"href":"https:\/\/www.europesays.com\/no\/wp-json\/wp\/v2\/posts\/105717","targetHints":{"allow":["GET"]}}],"collection":[{"href":"https:\/\/www.europesays.com\/no\/wp-json\/wp\/v2\/posts"}],"about":[{"href":"https:\/\/www.europesays.com\/no\/wp-json\/wp\/v2\/types\/post"}],"author":[{"embeddable":true,"href":"https:\/\/www.europesays.com\/no\/wp-json\/wp\/v2\/users\/2"}],"replies":[{"embeddable":true,"href":"https:\/\/www.europesays.com\/no\/wp-json\/wp\/v2\/comments?post=105717"}],"version-history":[{"count":0,"href":"https:\/\/www.europesays.com\/no\/wp-json\/wp\/v2\/posts\/105717\/revisions"}],"wp:featuredmedia":[{"embeddable":true,"href":"https:\/\/www.europesays.com\/no\/wp-json\/wp\/v2\/media\/105718"}],"wp:attachment":[{"href":"https:\/\/www.europesays.com\/no\/wp-json\/wp\/v2\/media?parent=105717"}],"wp:term":[{"taxonomy":"category","embeddable":true,"href":"https:\/\/www.europesays.com\/no\/wp-json\/wp\/v2\/categories?post=105717"},{"taxonomy":"post_tag","embeddable":true,"href":"https:\/\/www.europesays.com\/no\/wp-json\/wp\/v2\/tags?post=105717"}],"curies":[{"name":"wp","href":"https:\/\/api.w.org\/{rel}","templated":true}]}}