{"id":105719,"date":"2025-12-06T11:23:07","date_gmt":"2025-12-06T11:23:07","guid":{"rendered":"https:\/\/www.europesays.com\/no\/105719\/"},"modified":"2025-12-06T11:23:07","modified_gmt":"2025-12-06T11:23:07","slug":"bokbrevet-62-bokaret-2025-skuffer-i-hvert-fall-romanene-siss-viks-bokbrev","status":"publish","type":"post","link":"https:\/\/www.europesays.com\/no\/105719\/","title":{"rendered":"Bokbrevet #62 Bok\u00e5ret 2025 skuffer \u2013 i hvert fall romanene \u2013 Siss Viks bokbrev"},"content":{"rendered":"<p>Hei i advents\u00adtiden!<\/p>\n<p>Disse ukene f\u00f8r jul er rare. De byr p\u00e5 masse kos, jule\u00admusikk og levende lys, men ogs\u00e5 p\u00e5 stress, kalender\u00adkaos og meter\u00adlange to-do-lister.<\/p>\n<p>For kultur\u00adjournalister er dette ogs\u00e5 opp\u00adsummerings\u00adsesong.<\/p>\n<p>Hva var best i \u00e5r, verst? Hvilke trender s\u00e5 vi? Hvem var \u00e5rets over\u00adraskelse?<\/p>\n<p>Jeg har funnet mye fint, men \u00e6rlig talt er jeg litt skuffa.<\/p>\n<p>Du skal f\u00e5 h\u00f8re hvorfor, og s\u00e5 byr jeg p\u00e5 et <a href=\"#bestemordikt\">ferskt bestemordikt<\/a>, og sp\u00f8r <a href=\"#bestemordikt\">hvor m\u00f8rkt<\/a> det er lov \u00e5 skrive en roman.<\/p>\n<p>    <img class=\"dhtb__img--YLLyL\" alt=\"Portrettfoto av Siss Vik og hennes signatur. \" loading=\"lazy\" fetchpriority=\"auto\" style=\"--_horizontal-object-position: max(100%, min(0px, calc(0.11 * 100% - 0.11 * 100vw + 50vw))) max(100%, min(0px, calc(0.50 * 100% - 0.50 * 100vh + 50vh))); --_vertical-object-position: max(100%, min(0px, calc(0.09 * 100% - 0.09 * 100vw + 50vw))) max(100%, min(0px, calc(0.50 * 100% - 0.50 * 100vh + 50vh)));\" \/><\/p>\n<p>P\u00e5 et m\u00f8te\u00adrom en varm dag i juni satt litteratur\u00adgjengen i NRK og glodde p\u00e5 en Teams-skjerm.<\/p>\n<p>Oktober forlag presenterte sin h\u00f8st\u00adliste. Vi fikk mer og mer hake\u00adslepp, for her dundret det p\u00e5 med kanoner:<\/p>\n<p>Per Petterson, Karl Ove Knaus\u00adg\u00e5rd, Hanne \u00d8rsta\u00advik, Merethe Lind\u00adstr\u00f8m, Edvard Hoem, Nina Lykke. Alle skulle komme med roman i \u00e5r!<\/p>\n<p>Ogs\u00e5 andre aner\u00adkjente forfattere som Dag Johan Haugerud, Kjersti Annes\u00addatter Skoms\u00advold, Eirik Ingebrigtsen, Lars Elling og Kristine N\u00e6ss sto p\u00e5 Oktobers liste.<\/p>\n<p><strong>Til og med Dag Sol<\/strong>\u00ad<strong>stad var bok<\/strong>\u00ad<strong>aktuell fra graven!<\/strong><\/p>\n<p>Andre forlag hadde ogs\u00e5 sine god\u00adbiter, som Vigdis Hjorth, Torgrim Eggen og Ida Hegazi H\u00f8yer p\u00e5 Cappelen Damm, Carl Frode Tiller p\u00e5 Asche\u00adhoug og sj\u00f8lvaste nobel\u00adpris\u00advinnaren Jon Fosse p\u00e5 Samlaget.<\/p>\n<p><strong>For en lese<\/strong>\u00ad<strong>fest dette skulle bli! Det var bare \u00e5 g\u00e5 ut i ferie og glede seg til tidenes roman<\/strong>\u00ad<strong>h\u00f8st.<\/strong><\/p>\n<p><img decoding=\"async\"   src=\"data:image\/gif;base64,R0lGODlhAQABAIAAAAAAAP\/\/\/yH5BAEAAAAALAAAAAABAAEAAAIBRAA7\" loading=\"eager\" alt=\"En h\u00f8y mann med gr\u00e5tt h\u00e5r og dress og en lavere kvinne i kjole, knipset i en selfie, begge smiler\" title=\"\"\/><\/p>\n<p class=\"no-credit\">BOKFEST: P\u00e5 hagefesten til Aschehoug var det god stemning, og Knausg\u00e5rd fikk nok en pris til peishylla si.<\/p>\n<p>N\u00e5 samles bok\u00adgjengen p\u00e5 det samme m\u00f8te\u00adrommet ved \u00e5rets ende og skal oppsummere.<\/p>\n<p><strong>Overraskende nok, er f\u00f8lelsen vi sitter igjen med litt mer s\u00e5nn &#8230; meh.<\/strong><\/p>\n<p>Jeg hadde trodd det skulle hagle seksere fra kritikerne, og at nominasjonene til Lytternes roman\u00adpris n\u00e6rmest skulle gi seg selv.<\/p>\n<p>Men den generelle f\u00f8lelsen er at de store kanonene ikke har levert.<\/p>\n<p>Forfattere som Jon Fosse og Karl Ove Knaus\u00adg\u00e5rd leverer aldri en d\u00e5rlig bok. Men de er sin egen m\u00e5le\u00adstokk, og forventningene er derfor sky\u00adh\u00f8ye.<\/p>\n<p>Norge skal til fotball-VM for f\u00f8rste gang p\u00e5 27 \u00e5r, men litteratur\u00admessig har vi v\u00e6rt p\u00e5 verdensniv\u00e5 lenge. N\u00e5r Haaland og Nusa er p\u00e5 banen, holder det ikke \u00e5 score m\u00e5l. Vi vil se fotball\u00adkunst.<\/p>\n<p>Det er ikke bare her i Krinken vi er mellom\u00adforn\u00f8yd.<\/p>\n<p><img decoding=\"async\"   src=\"data:image\/gif;base64,R0lGODlhAQABAIAAAAAAAP\/\/\/yH5BAEAAAAALAAAAAABAAEAAAIBRAA7\" loading=\"eager\" alt=\"Merethe Lindstr\u00f8m, Sigbj\u00f8rn Sk\u00e5den og Marte Magnusdotter Solem\" title=\"Foto: Knut \u00c5serud, Fartein Rudjord, Agnete Brun\"\/><\/p>\n<p class=\"\">BRAGENOMINERT: Marte Magnusdotter Solem, Sigbj\u00f8rn Sk\u00e5den og Merethe Lindstr\u00f8m.<\/p>\n<p>Foto: Knut \u00c5serud, Fartein Rudjord, Agnete Brun<\/p>\n<p>Brage\u00adjuryen valgte \u00e5 forbig\u00e5 Fosse, Knaus\u00adg\u00e5rd, Petterson og \u00d8rstavik da de nominerte b\u00f8ker til kategorien Voksen skj\u00f8nn\u00adlitteratur, og ga prisen til Leander Dj\u00f8nne.<\/p>\n<p>Ser vi til Bok\u00adhandler\u00adprisen, som speiler den popul\u00e6re smaken, gikk den til \u00c5sne Seierstad for \u00abUfred\u00bb, alts\u00e5 en sak\u00adprosa\u00adbok.<\/p>\n<p>Tre store favoritter i sakprosasjangeren: \u00c5sne Seierstad, Marte Michelet og Jens Stoltenberg.<\/p>\n<p>Jeg er glad i uformell forskning i omgangs\u00adkretsen. Siden november har jeg sm\u00e5\u00adintervjuet folk jeg treffer p\u00e5:<\/p>\n<p>\u2013 Har du lest en drit\u00adbra norsk roman i \u00e5r?<\/p>\n<p>Kolleger og venner konsulterer listene sine over hva de har lest:<\/p>\n<p>\u2013 Nei, den boka skuffa meg litt, og den der var ikke like bra som den forrige fra samme forfatter.<\/p>\n<p>Det er litt unormalt.<\/p>\n<p><img decoding=\"async\"   src=\"data:image\/gif;base64,R0lGODlhAQABAIAAAAAAAP\/\/\/yH5BAEAAAAALAAAAAABAAEAAAIBRAA7\" loading=\"eager\" alt=\"Bl\u00e5 prikk for \u00e5 vise visuell pause \" title=\"\"\/><\/p>\n<p>Hvor blir det av snakkisene?<\/p>\n<p>Det vanlige er at tydelige favoritter trer fram ganske tidlig p\u00e5 h\u00f8sten. Man f\u00e5r det vi kaller snakkiser, nye fenomener. Du vet, den boka ALLE \u00f8nsker seg til jul.<\/p>\n<p>Det kan v\u00e6re en forfatter som tar opp et nytt tema, som overskrider en grense, som skriver et norsk spr\u00e5k vi ikke har sett maken til.<\/p>\n<p>Vi kan mimre til for eksempel:<\/p>\n<ul>\n<li><strong>Virkelighets<\/strong>\u00ad<strong>b\u00f8lgen:<\/strong> I 2009 snakket alle om \u00abMin kamp\u00bb, overalt, hele tiden. I 2016 var det Vigdis Hjorths \u00abArv og milj\u00f8\u00bb som fyrte opp litteratur\u00addebatten.<\/li>\n<li><strong>Seriene: <\/strong>P\u00e5 tidlig 2000-tall leverte Anne B. Ragde og Tore Renberg best\u00adselger etter best\u00adselger med b\u00f8kene i Neshov-serien og romanene om Jarle Klepp.<\/li>\n<li><strong>Humor<\/strong>: 1996 st\u00e5r igjen som \u00e5ret da Erlend Loe tok sin generasjon p\u00e5 kornet med \u00abNaiv. Super\u00bb. I 2016 belyste Nina Lykke den middel\u00adaldrende middel\u00adklassen med sitt svart\u00adkomiske blikk i \u00abNei og atter nei\u00bb.<\/li>\n<\/ul>\n<p>Bare jeg nevner disse titlene, sitrer det av god\u00adf\u00f8lelse. Dette er b\u00f8ker som st\u00e5r igjen i norsk litteratur\u00adhistorie.<\/p>\n<p>Hva med stjerne\u00adskuddene, da?<\/p>\n<p>Ok, s\u00e5 sier vi at de aller st\u00f8rste navnene har skuffa litt. Hvor er de unge folka?<\/p>\n<p>Joda, jeg har lest flere gode debut\u00adromaner, og jeg vil gjerne l\u00f8fte dem fram. Men den ene boka som alle snakker om, som fyller rollen som \u00abet friskt pust i norsk litteratur\u00bb, den glimrer med sitt frav\u00e6r.<\/p>\n<p>    <img alt=\"Omslaget til Du eneste\"  loading=\"lazy\"\/><img alt=\"Omslaget til Gater jeg har levd\"  loading=\"lazy\"\/><\/p>\n<p>To b\u00f8ker som faktisk er blitt favoritter og snakkiser, men den ene er en ungdomsroman, og den andre er kanskje heller en memoar enn en roman.<\/p>\n<p>I 2023 kom Oliver Lovrenski inn som en komet fra ingen\u00adsteds. Med den nyskapende romanen <a href=\"https:\/\/www.nrk.no\/anmeldelser\/anmeldelse_-_da-vi-var-yngre_-av-oliver-lovrenski-1.16570576\" target=\"_blank\" ec-id=\"pp:article:1.16570576\" ec-name=\"\u00abDa vi var yngre\u00bb\" rel=\"nofollow noopener\">\u00abDa vi var yngre\u00bb<\/a> imponerte han alt fra kritikerne til unge gutter som ellers ikke leser b\u00f8ker.<\/p>\n<p>Zeshan Shakar fikk Tarjei Vesaas&#8217; debutant\u00adpris i 2018, og n\u00e5 finnes det knapt en nord\u00admann som ikke har lest \u00abTante Ulrikkes vei\u00bb<\/p>\n<p>But why?<\/p>\n<p>S\u00e5, til det store sp\u00f8rsm\u00e5let: Hvem sin feil er det at vi lesere er litt skuffa i \u00e5r?<\/p>\n<p>Det kan v\u00e6re en tilfeldighet, for kunst f\u00f8lger ingen natur\u00adlover. Noen ganger eksploderer det med talenter, s\u00e5 blir det litt stille igjen.<\/p>\n<p>Men det kan ogs\u00e5 v\u00e6re at forlag og forfattere har v\u00e6rt litt raske til \u00e5 slippe romanene l\u00f8s i offentligheten.<\/p>\n<p>Er det n\u00f8dvendig for Karl Ove Knaus\u00adg\u00e5rd \u00e5 gi ut en tjukk roman hvert eneste \u00e5r? Kunne hans b\u00f8ker og andre hatt godt av litt strammere redigering?<\/p>\n<p><img decoding=\"async\"   src=\"data:image\/gif;base64,R0lGODlhAQABAIAAAAAAAP\/\/\/yH5BAEAAAAALAAAAAABAAEAAAIBRAA7\" loading=\"eager\" alt=\"Per Petterson og omslaget til boka Du er hjemme n\u00e5\" title=\"Foto: Oktober\"\/><\/p>\n<p class=\"\">HOLDER NIV\u00c5: Per Petterson er en av dem som holder sitt eget niv\u00e5 i h\u00f8st. Det er ogs\u00e5 syv \u00e5r siden hans forrige roman.<\/p>\n<p>Foto: Oktober<\/p>\n<p>If\u00f8lge <a href=\"https:\/\/forleggerforeningen.no\/wp-content\/uploads\/2025\/06\/Bokmarkedet_Bransjestatistikk_2024_web.pdf\" target=\"_blank\" ec-id=\"https:\/\/forleggerforeningen.no\/wp-content\/uploads\/2025\/06\/Bokmarkedet_Bransjestatistikk_2024_web.pdf\" ec-name=\"Forleggerforeningen\" rel=\"nofollow noopener\">Forlegger\u00adforeningen<\/a> ble det gitt ut 306 nye norske skj\u00f8nn\u00adlitter\u00e6re titler for voksne i 2024. Selv om det inkluderer noveller og dikt, er det ganske mye for et spr\u00e5k\u00adomr\u00e5de med cirka 4,5 millioner mennesker.<\/p>\n<p>Legg til hundre\u00advis av sak\u00adprosa\u00adb\u00f8ker og over\u00adsatt litteratur. Det er mye \u00e5 velge blant for en stakkars bok\u00adleser!<\/p>\n<p>Etter \u00e5 ha lest p\u00e5 kryss og tvers i denne enorme romanfloraen, kan jeg si at det er mye som ligner p\u00e5 hverandre, og mange b\u00f8ker som ikke er gode nok.<\/p>\n<p>B\u00f8r en roman over\u00adhodet gis ut hvis den ikke er skikkelig bra?<\/p>\n<p>P\u00e5 den positive siden<\/p>\n<p>N\u00e5r det er f\u00e6rre klare favoritter, blir det rom for andre forfattere.<\/p>\n<p>I stedet for \u00e5 f\u00e5 fem eksemplarer av den ene best\u00adselgeren under juletreet, kan du oppdage forfattere du ikke n\u00f8dvendigvis har lest f\u00f8r.\n<\/p>\n<p><img decoding=\"async\"   src=\"data:image\/gif;base64,R0lGODlhAQABAIAAAAAAAP\/\/\/yH5BAEAAAAALAAAAAABAAEAAAIBRAA7\" loading=\"eager\" alt=\"Kollasje av Merethe Lindstr\u00f8ms Om Tingenes tilstand, Dag Johan Haugeruds Sjelesorg, Marte Magnusdotter Solems Gustav\" title=\"Foto: Oktober\/Aschehoug\/NRK\"\/><\/p>\n<p class=\"\">LYSPUNKTER: Tre romanunivers fra 2025 jeg har elsket \u00e5 v\u00e6re i.<\/p>\n<p>Foto: Oktober\/Aschehoug\/NRK<\/p>\n<p>Jeg har hatt mange gode lese\u00adopplevelser i \u00e5r, bare andre steder enn forventet.<\/p>\n<p><strong>Det blir veldig spennende n\u00e5r vi til uka skal nominere seks romaner fra bok\u00e5ret 2025 til Lytternes romanpris!<\/strong><\/p>\n<p><img decoding=\"async\"   src=\"data:image\/gif;base64,R0lGODlhAQABAIAAAAAAAP\/\/\/yH5BAEAAAAALAAAAAABAAEAAAIBRAA7\" loading=\"eager\" alt=\"3 b\u00f8ker ligger foran en stor bl\u00e5 stjerne\" title=\"\"\/><\/p>\n<p><a id=\"bestemordikt\" name=\"bestemordikt\"\/>Ukas dikt<\/p>\n<p>Egentlig er jeg ikke s\u00e5 opptatt av beste\u00adm\u00f8dre. Det er mange \u00e5r siden mine egne d\u00f8de. Jeg kommer aldri til \u00e5 bli beste\u00admor selv, og ikke mamma heller.<\/p>\n<p>Da Gro Dahle kom med en dikt\u00adsamling som rett og slett heter \u00abBeste\u00admor\u00addikt\u00bb, ble jeg likevel nysgjerrig. Dahle er s\u00e5 leken og s\u00e5 suveren at dette m\u00e5 v\u00e6re noe annet enn klisjeer om bestemors\u00adfang og bolle\u00adbaking.<\/p>\n<p>Og det er det! Boka \u00e5pner med et jeg som bekymrer seg for om hun vil klare bestemors\u00adjobben, hun som ikke husker \u00e5 vanne plantene sine engang.<\/p>\n<p>Hvordan var det n\u00e5 igjen med den s\u00e5rbare fontanellen? Og hva gj\u00f8r det med identiteten \u00e5 bli beste\u00admor?<\/p>\n<p>S\u00e5 \u00e5pner diktene seg til \u00e5 handle om all verdens beste\u00adm\u00f8dre, som her:<\/p>\n<p><img decoding=\"async\"   src=\"data:image\/gif;base64,R0lGODlhAQABAIAAAAAAAP\/\/\/yH5BAEAAAAALAAAAAABAAEAAAIBRAA7\" loading=\"eager\" alt=\"Fra Gro Dahle Bestemordikt\" title=\"Foto: Fra \u00abBestemordikt\u00bb av Gro Dahle (Cappelen Damm, 2025)\"\/><\/p>\n<p>Foto: Fra \u00abBestemordikt\u00bb av Gro Dahle (Cappelen Damm, 2025)<\/p>\n<p>V\u00e5r poesi\u00adkritiker Thula Kopreitan og jeg er enige om at dette er en veldig god dikt\u00adsamling.<\/p>\n<p><img decoding=\"async\"   src=\"data:image\/gif;base64,R0lGODlhAQABAIAAAAAAAP\/\/\/yH5BAEAAAAALAAAAAABAAEAAAIBRAA7\" loading=\"eager\" alt=\"En mor og et barn sitter i sofa og leser i en bok. I bakgrunnen ser man en peis.\" title=\"\"\/><\/p>\n<p><a id=\"Skrive m\u00f8rkt\" name=\"Skrive m\u00f8rkt\"\/>Er det lov \u00e5 skrive s\u00e5 m\u00f8rkt?<\/p>\n<p><a href=\"https:\/\/www.nrk.no\/bokbrevet\/bokbrevet-_-59-en-uro-ble-plantet-i-meg-_-vil-bokene-do_-1.17606429#H%C3%B8stb%C3%B8ker\" target=\"_blank\" ec-id=\"pp:article:1.17606429\" ec-name=\"I oktober\" rel=\"nofollow noopener\">I oktober<\/a> skrev jeg at om h\u00f8sten er jeg klar for triste b\u00f8ker. De harmonerer med v\u00e6ret og det manglende dags\u00adlyset.<\/p>\n<p>Da jeg satte meg ned med Leander Dj\u00f8nnes brageprisvinner \u00abAlt et\u00bb, visste jeg at det ville bli hardt.<\/p>\n<p>Jeg hadde lest Dj\u00f8nnes debut, \u00abOske\u00adspiralen\u00bb, som vant Lytternes romanpris for 2022. Den er t\u00f8ff. <a href=\"https:\/\/www.nrk.no\/kultur\/leander-djonne-far-lytternes-romanpris-2022-for-debutboka-_oskespiralen_.-1.16340655\" target=\"_blank\" ec-id=\"pp:article:1.16340655\" ec-name=\"Et av jurymedlemmene\" rel=\"nofollow noopener\">Et av jury\u00admedlemmene<\/a> m\u00e5tte ta en dusj midtveis for \u00e5 klare \u00e5 lese ferdig, men juryen var enige om at spr\u00e5ket var noe for seg selv.<\/p>\n<p>Knut Hoems <a href=\"https:\/\/www.nrk.no\/anmeldelser\/anmeldelse_-_alt-et_-av-leander-djonne-1.17563734\" target=\"_blank\" ec-id=\"pp:article:1.17563734\" ec-name=\"anmeldelse\" rel=\"nofollow noopener\">anmeldelse<\/a> av \u00abAlt et\u00bb hadde varslet at oppf\u00f8lgeren var hakket m\u00f8rkere.<\/p>\n<p><img decoding=\"async\"   src=\"data:image\/gif;base64,R0lGODlhAQABAIAAAAAAAP\/\/\/yH5BAEAAAAALAAAAAABAAEAAAIBRAA7\" loading=\"eager\" alt=\"Boka Alt et, med r\u00f8dt omslag, hviler p\u00e5 et fang med ullpledd. P\u00e5 et bord er det tente lys og en bolle med klementiner\" title=\"Foto: nrk\"\/><\/p>\n<p>Foto: nrk<\/p>\n<p>Det begynner sprekt med en uvanlig hoved\u00adperson: en epileptisk hunn\u00adjerv. Hun har magen full av valper og er sulten p\u00e5 kj\u00f8tt. Allerede i f\u00f8rste kapittel dreper og spiser hun sin mor.<\/p>\n<p>S\u00e5 g\u00e5r vi over til menneskenes verden: Et tvilling\u00adpar sitter i kirka. Foreldrene deres har d\u00f8dd i en bilulykke. Etter seremonien m\u00e5 de bli med beste\u00adforeldrene hjem.<\/p>\n<p>Den ene tvillingen er handi\u00adkappet, hun sitter i rullestol og kan ikke snakke. Beste\u00adfaren kaster henne og stolen baki bilen, der hun slenges rundt gjennom de svingete veiene vestover til beste\u00adforeldrenes hus.<\/p>\n<p>Vel framme l\u00e5ser beste\u00adfaren gutten ned i kjelleren, med en enslig madrass og litt potet\u00adgull til middag.<\/p>\n<p>Tvilling\u00ads\u00f8steren blir b\u00e5ret opp p\u00e5 et rom. I l\u00f8pet av kvelden f\u00e5r hun bes\u00f8k av Besten, med sin store vom og d\u00e5rlige \u00e5nde, som velter seg over henne.<\/p>\n<p>N\u00e5 f\u00f8lte jeg meg kald og kvalm, p\u00e5 tross av lunt pledd og stearinlys.<\/p>\n<p><img decoding=\"async\"   src=\"data:image\/gif;base64,R0lGODlhAQABAIAAAAAAAP\/\/\/yH5BAEAAAAALAAAAAABAAEAAAIBRAA7\" loading=\"eager\" alt=\"Stearinlys med et par b\u00f8ker siden av.\" title=\"\"\/><\/p>\n<p>Jeg holdt ut litt til, men det kom mer vold, fysisk og psykisk. I tilbake\u00adblikk f\u00e5r vi vite at den d\u00f8de faren ogs\u00e5 var en brutal j\u00e6vel som dengte b\u00e5de kone og barn.<\/p>\n<p>Jeg har egentlig v\u00e6rt ganske t\u00f8ff p\u00e5 vonde b\u00f8ker. Som barn tigget jeg mamma om \u00e5 lese h\u00f8yt fra barnebibelen min, der var det br\u00f8dre\u00addrap og barne\u00admord og elver som ble til blod.<\/p>\n<p>I ten\u00e5rene slukte jeg Jens Bj\u00f8rneboes \u00abBestialitetens historie\u00bb, som utforsker verdens ondskap. Cormac McCarthy er en av mine favoritt\u00adforfattere, og b\u00f8kene hans er skikkelig brutale.<\/p>\n<p><img decoding=\"async\"   src=\"data:image\/gif;base64,R0lGODlhAQABAIAAAAAAAP\/\/\/yH5BAEAAAAALAAAAAABAAEAAAIBRAA7\" loading=\"eager\" alt=\"Alle tre b\u00f8kene i Bestialitetens historie \" title=\"Foto: nrk\"\/><\/p>\n<p class=\"\">DET ONDE: I min tid leste \u00aballe\u00bb folk rundt 20 \u00abBestialitetens historie\u00bb av Bj\u00f8rneboe.<\/p>\n<p>Foto: nrk<\/p>\n<p>Hvorfor fikser jeg da ikke vondskapen i \u00abAlt et\u00bb?<\/p>\n<p>Det kan s\u00e5 klart v\u00e6re alderen. En av b\u00f8kene til Cormac McCarthy heter som kjent \u00abNo Country for Old Men\u00bb. Vold og vondskap er for ungdom. Uten ferdig\u00adutviklet empati skj\u00f8nner de ikke egentlig hva smerte eller d\u00f8den inneb\u00e6rer.<\/p>\n<p>S\u00e5 kan det v\u00e6re det st\u00f8rre bildet: Omgitt av krig og kriser som vi er, orker vi ikke \u00e5 sette oss ned med en roman der vold og grusom\u00adhet g\u00e5r i arv i en endel\u00f8s spiral.<\/p>\n<p>Under andre verdens\u00adkrig gikk folk p\u00e5 kino for \u00e5 se romantikk og komedier. Det er f\u00f8rst etterp\u00e5, i freds\u00adtid, at krigs\u00adfilmer er blitt popul\u00e6rt.<\/p>\n<p><img decoding=\"async\"   src=\"data:image\/gif;base64,R0lGODlhAQABAIAAAAAAAP\/\/\/yH5BAEAAAAALAAAAAABAAEAAAIBRAA7\" loading=\"eager\" alt=\"Leif Juster fra Den forsvundne p\u00f8lsemaker\" title=\"Foto: Norsk Filmdistribusjon AS\"\/><\/p>\n<p class=\"\">GOD STEMNING: Komedien \u00abDen forsvundne p\u00f8lsemaker\u00bb (1941) med Leif Juster var en av de mest popul\u00e6re norske filmene i krigs\u00e5rene.<\/p>\n<p>Foto: Norsk Filmdistribusjon AS<\/p>\n<p>I v\u00e5re dager er Hallmarks jule\u00adfilmer den mest popul\u00e6re sjangeren p\u00e5 Netflix, selv om alle vet de er klisj\u00e9-o-rama.<\/p>\n<p><img decoding=\"async\"   src=\"data:image\/gif;base64,R0lGODlhAQABAIAAAAAAAP\/\/\/yH5BAEAAAAALAAAAAABAAEAAAIBRAA7\" loading=\"eager\" alt=\"Bl\u00e5 prikk for \u00e5 vise visuell pause \" title=\"\"\/><\/p>\n<p>\u00c5 lese \u00abAlt et\u00bb f\u00e5r meg ogs\u00e5 til \u00e5 stille et prinsipielt sp\u00f8rsm\u00e5l: Har kunstnere plikt til \u00e5 gi oss lys og h\u00e5p?<\/p>\n<p>La meg ta en historie fra virkeligheten. En venn av meg leste en fortelling av Mikkjel F\u00f8nhus p\u00e5 senga for s\u00f8nnen sin. P\u00e5 slutten blir m\u00e5ren, som var hoved\u00adperson, drept av en \u00f8rn.<\/p>\n<p>S\u00f8nnen var helt utr\u00f8stelig.<\/p>\n<p>\u2013 Pappa, hvorfor m\u00e5tte m\u00e5ren d\u00f8?<\/p>\n<p>\u2013 Men kj\u00e6re deg, du vet jo at dyr dreper hverandre. Og vi g\u00e5r p\u00e5 jakt og fisker, og da dreper vi jo dyr?<\/p>\n<p>\u2013 Ja, men det er jo virkeligheten! I en bok trenger vel ingen \u00e5 d\u00f8?<\/p>\n<p>Denne historien syntes jeg f\u00f8rst var veldig s\u00f8t. Med \u00e5rene tenker jeg at gutten har helt rett. Selv om det er drap og lidelse i verden, s\u00e5 m\u00e5 vel ikke fiksjonen v\u00e6re like m\u00f8rk?<\/p>\n<p><img decoding=\"async\"   src=\"data:image\/gif;base64,R0lGODlhAQABAIAAAAAAAP\/\/\/yH5BAEAAAAALAAAAAABAAEAAAIBRAA7\" loading=\"eager\" alt=\"Bl\u00e5 prikk for \u00e5 vise visuell pause \" title=\"\"\/><\/p>\n<p>Flere kritikere har stilt sp\u00f8rsm\u00e5let: Hva vil forfatteren med denne boka som er s\u00e5 kompromissl\u00f8st blottet for glede og h\u00e5p?<\/p>\n<p>Dagen etter Brage\u00adprisen ble Leander Dj\u00f8nne intervjuet i Nyhets\u00admorgen. Han at han ser p\u00e5 boka mer som et spr\u00e5klig og et litter\u00e6rt prosjekt.<\/p>\n<p>Dj\u00f8nne er en spennende, ny litter\u00e6r stemme, og jeg vil gjerne like denne boka, eller i det minste forst\u00e5 den.<\/p>\n<p>Men nettopp fordi han skriver s\u00e5 godt, reagerer vi lesere sterkt f\u00f8lelses\u00admessig p\u00e5 handlingen. Det er ikke lett \u00e5 lese det som et interessant spr\u00e5klig prosjekt. <\/p>\n<p>I t\u00e5rnet av b\u00f8ker p\u00e5 pulten min ligger en annen liten nynorsk roman med en tittel jeg synes er s\u00e5 fin: \u00abTynne rivner av lys\u00bb.<\/p>\n<p>Og det er det jeg savner i \u00abAlt et\u00bb. Noen tynne rivner av lys.<\/p>\n<p><img decoding=\"async\"   src=\"data:image\/gif;base64,R0lGODlhAQABAIAAAAAAAP\/\/\/yH5BAEAAAAALAAAAAABAAEAAAIBRAA7\" loading=\"eager\" alt=\"Bl\u00e5 prikk for \u00e5 vise visuell pause \" title=\"\"\/><\/p>\n<p>Neste gang vi snakkes, har vi nominert de seks beste romanene p\u00e5 norsk i \u00e5r, og vi skal gi deg v\u00e5re favoritter gjennom \u00e5ret. Jeg har tenkt \u00e5 by p\u00e5 en quiz fra bok\u00e5ret 2025, for quiz h\u00f8rer jula til.<\/p>\n<p>Lykke til med julevask og gave\u00adhandling, og husk \u00e5 ta en klementin i ny og ne \u2013 for C-vitaminer er viktig i disse influensa\u00adtider!<\/p>\n<p><img decoding=\"async\"   src=\"data:image\/gif;base64,R0lGODlhAQABAIAAAAAAAP\/\/\/yH5BAEAAAAALAAAAAABAAEAAAIBRAA7\" loading=\"eager\" alt=\"Stearinlys med et par b\u00f8ker siden av.\" title=\"\"\/><\/p>\n<p>Komment\u00e9r<\/p>\n<p>Synes du en roman m\u00e5 ha noe form for h\u00e5p og lys i seg? Er du enig eller uenig i at roman\u00adh\u00f8sten 2025 er litt skuffende?<\/p>\n<p>\n      <b>Hei!<\/b><br \/>\n      <br \/>Velkommen til dialog hos NRK. Siden du er p\u00e5logget andre NRK-tjenester s\u00e5 slipper du \u00e5 logge<br \/>\n      inn p\u00e5 nytt her, men <b>vi trenger ditt samtykke p\u00e5 v\u00e5re brukervilk\u00e5r<\/b> for dialog p\u00e5 nett\n    <\/p>\n<p>Publisert<\/p>\n<p>06.12.2025, kl. 11.31<\/p>\n<p>Oppdatert<\/p>\n<p>06.12.2025, kl. 11.41<\/p>\n","protected":false},"excerpt":{"rendered":"Hei i advents\u00adtiden! Disse ukene f\u00f8r jul er rare. De byr p\u00e5 masse kos, jule\u00admusikk og levende lys,&hellip;\n","protected":false},"author":2,"featured_media":105720,"comment_status":"","ping_status":"","sticky":false,"template":"","format":"standard","meta":{"footnotes":""},"categories":[10],"tags":[20,21,24,25,15,22,23,13,30,28,29,14,16,26,27],"class_list":{"0":"post-105719","1":"post","2":"type-post","3":"status-publish","4":"format-standard","5":"has-post-thumbnail","7":"category-norge","8":"tag-breaking-news","9":"tag-breakingnews","10":"tag-featured-news","11":"tag-featurednews","12":"tag-headlines","13":"tag-latest-news","14":"tag-latestnews","15":"tag-news","16":"tag-no","17":"tag-norge","18":"tag-norway","19":"tag-nyheter","20":"tag-overskrifter","21":"tag-top-stories","22":"tag-topstories"},"share_on_mastodon":{"url":"https:\/\/pubeurope.com\/@no\/115672370675246688","error":""},"_links":{"self":[{"href":"https:\/\/www.europesays.com\/no\/wp-json\/wp\/v2\/posts\/105719","targetHints":{"allow":["GET"]}}],"collection":[{"href":"https:\/\/www.europesays.com\/no\/wp-json\/wp\/v2\/posts"}],"about":[{"href":"https:\/\/www.europesays.com\/no\/wp-json\/wp\/v2\/types\/post"}],"author":[{"embeddable":true,"href":"https:\/\/www.europesays.com\/no\/wp-json\/wp\/v2\/users\/2"}],"replies":[{"embeddable":true,"href":"https:\/\/www.europesays.com\/no\/wp-json\/wp\/v2\/comments?post=105719"}],"version-history":[{"count":0,"href":"https:\/\/www.europesays.com\/no\/wp-json\/wp\/v2\/posts\/105719\/revisions"}],"wp:featuredmedia":[{"embeddable":true,"href":"https:\/\/www.europesays.com\/no\/wp-json\/wp\/v2\/media\/105720"}],"wp:attachment":[{"href":"https:\/\/www.europesays.com\/no\/wp-json\/wp\/v2\/media?parent=105719"}],"wp:term":[{"taxonomy":"category","embeddable":true,"href":"https:\/\/www.europesays.com\/no\/wp-json\/wp\/v2\/categories?post=105719"},{"taxonomy":"post_tag","embeddable":true,"href":"https:\/\/www.europesays.com\/no\/wp-json\/wp\/v2\/tags?post=105719"}],"curies":[{"name":"wp","href":"https:\/\/api.w.org\/{rel}","templated":true}]}}