{"id":105721,"date":"2025-12-06T11:24:09","date_gmt":"2025-12-06T11:24:09","guid":{"rendered":"https:\/\/www.europesays.com\/no\/105721\/"},"modified":"2025-12-06T11:24:09","modified_gmt":"2025-12-06T11:24:09","slug":"det-blei-sett-fart-under-fellesstarten-med-skibyte-i-trondheim-nrk-sport-sportsnyheter-resultater-og-sendeplan","status":"publish","type":"post","link":"https:\/\/www.europesays.com\/no\/105721\/","title":{"rendered":"Det blei sett fart under fellesstarten med skibyte i Trondheim \u2013 NRK Sport \u2013 Sportsnyheter, resultater og sendeplan"},"content":{"rendered":"<p>\u2013 Eg skal pr\u00f8ve \u00e5 roe meg ned, men eg skj\u00f8nar eigentleg ingenting, seier ein blid Emil Iversen til NRK etter \u00e5 ha spurta inn til ein tredjeplass.<\/p>\n<p>Han held fram:<\/p>\n<p><strong>\u2013 Eg er veldig stolt og takksam. <\/strong><\/p>\n<p>Laurdag fekk Iversen sin revansje p\u00e5 heimebane &#8211; i den siste fellesstarten med skibyte-distansen f\u00f8r OL.<\/p>\n<p>Det har den siste tida vore mykje br\u00e5k rundt verdscup-uttaket, og Iversen m\u00e5tte f\u00f8rre veke g\u00e5 Noregs cup.<\/p>\n<p>\u2013 Dette betyr mykje for Iversen, seier Fredrik Aukland om Iversen sin tredjeplass.<\/p>\n<p>\u2013 Emil Iversen, ein av dagens vinnarar, seier Jann Post.<\/p>\n<p>Tr\u00f8nderen gjekk inn til ein r\u00e5sterk tredjeplass etter ein dramatisk spurt.<\/p>\n<p>Kl\u00e6bo vann den 20 kilometer lange fellesstarten med skibyte, mens Harald \u00d8stberg Amundsen tok andreplassen.<\/p>\n<p><img decoding=\"async\"   src=\"data:image\/gif;base64,R0lGODlhAQABAIAAAAAAAP\/\/\/yH5BAEAAAAALAAAAAABAAEAAAIBRAA7\" loading=\"eager\" alt=\"En skil\u00f8per feirer etter \u00e5 ha fullf\u00f8rt rennet, hever armene i triumf. Personen har p\u00e5 seg en konkurransedrakt med sponsorlogoer. Bakgrunnen viser sn\u00f8dekte omr\u00e5der og publikum som f\u00f8lger med. Arrangementet finner sted i Trondheim. (Bildebeskrivelsen er laget av en KI-tjeneste)\" title=\"Foto: Geir Olsen \/ NTB\"\/><\/p>\n<p class=\"\">N\u00d8GD: Emil Iversen var n\u00f8gd etter \u00e5 ha tatt tredjeplassen under verdscupen i Trondheim. <\/p>\n<p>Foto: Geir Olsen \/ NTB<\/p>\n<p>\u2013 Eg veit eg har vore i god form lenge i \u00e5r, men ting skal klaffe. Eg har f\u00f8lt at det har vore lang veg opp til toppen, men eg fekk moglegheita, seier Iversen.<\/p>\n<p>Han held fram:<\/p>\n<p>\u2013 N\u00e5 f\u00e5r eg att for det harde halv\u00e5ret eg har gjort. Og vel s\u00e5 det. Eg kunne lagt opp, eg n\u00e5, seier Iversen med eit smil.<\/p>\n<p>Johannes H\u00f8sflot Kl\u00e6bo har tidlegare sagt at han har hatt trua p\u00e5 kameraten.<\/p>\n<p>\u2013 Eg synest dette er artig. Eg har sete og h\u00f8yrt p\u00e5 den jazzinga her i fleire m\u00e5nadar. Dette er andre gong me g\u00e5r mot kvarandre denne sesongen, eg har heldigvis sl\u00e5tt han to av to gonger, men eg har tapt alle intervall\u00f8kter i h\u00f8gda, seier Kl\u00e6bo og legg til:<\/p>\n<p><strong>\u2013 Eg veit kva han kan p\u00e5 sine gode dagar. At han f\u00e5r det til her, n\u00e5r han har kniven p\u00e5 strupen, er veldig artig. Og veldig fortent.<\/strong><\/p>\n<p>Tr\u00f8nderen meiner Iversen har gjort endringar fr\u00e5 tidlegare \u00e5r<\/p>\n<p>\u2013 Me kan starte med kosthald. han s\u00f8v meir. Det er ganske mange vesentlege faktorar, som dei fleste skj\u00f8nar, men som det tok 12-13 \u00e5r for Iversen \u00e5 skj\u00f8ne, legg Kl\u00e6bo til.<\/p>\n<p>H\u00f8g fart<\/p>\n<p>Det blei tidleg sett fart p\u00e5 l\u00f8pet.<\/p>\n<p>Finske Iivo Niskanen sette opp tempoet alt etter ein runde g\u00e5tt i Trondheim. Feltet blei fort strekt, men fleire av dei norske ut\u00f8varane hengde med.<\/p>\n<p>If\u00f8lgje langrennsekspert P\u00e5l Golberg, l\u00e5g Emil Iversen langt bak i feltet f\u00f8r siste delen av rennet.<\/p>\n<p>\u2013 Han klarte \u00e5 posisjonere seg fram og ta fram litt gammalt instinkt, s\u00e5 det var veldig moro for Emil Iversen, sa NRK-ekspert P\u00e5l Golberg om l\u00f8pet.<\/p>\n<p>\u2013 Han er i betre forfatning enn han har vore dei siste \u00e5ra. Det handlar p\u00e5 mange m\u00e5tar om \u00e5 f\u00e5 det ut n\u00e5r det gjeld. Det har kanskje vore ein liten mental sperre for Emil, la han til.<\/p>\n<p>\u2013 Kl\u00e6bo har man\u00f8vrert seg helt fram i feltet. Her er helt utruleg korleis han bruker utfork\u00f8yringane til \u00e5 gjere det, sa NRK-ekspert Fredrik Aukland.<\/p>\n<p>Det var siste gong ut\u00f8varane fekk pr\u00f8vd seg p\u00e5 distansen f\u00f8r OL.<\/p>\n<p><img decoding=\"async\"   src=\"data:image\/gif;base64,R0lGODlhAQABAIAAAAAAAP\/\/\/yH5BAEAAAAALAAAAAABAAEAAAIBRAA7\" loading=\"eager\" alt=\"En gruppe langrennsl\u00f8pere konkurrerer i en sn\u00f8dekket l\u00f8ype. Ut\u00f8verne har p\u00e5 seg fargerike konkurransekl\u00e6r med sponsorlogoer. De er delt inn i ulike posisjoner, og noen er i ferd med \u00e5 overhale andre. Bakgrunnen viser skogkledde omr\u00e5der og et m\u00e5lomr\u00e5de. (Bildebeskrivelsen er laget av en KI-tjeneste)\" title=\"Foto: Geir Olsen \/ NTB\"\/><\/p>\n<p class=\"\">H\u00d8G FART: det gjekk fort p\u00e5 20 kilometer fellesstart med skibyte<\/p>\n<p>Foto: Geir Olsen \/ NTB<\/p>\n<p>Skibyte<\/p>\n<p>Johannes H\u00f8sflot Kl\u00e6bo og Federico Pellegrino var f\u00f8rst ut av skibytet. Fleire av dei norske bytte ski fort, det s\u00f8rga for at alle ut\u00f8varar var blant dei 25 f\u00f8rste ut fr\u00e5 skibytet.<\/p>\n<p>Et godt norsk skibyte s\u00f8rger for at alle norske er blant de 25 f\u00f8rste l\u00f8parane ut fr\u00e5 dette skibyttet.<\/p>\n<p>\u2013 Det er ingen av dei som kan sette fart i sk\u00f8ytedelen, som er fremst, meinte Jann Post etter skibyte.<\/p>\n<p>Langrennsekspert P\u00e5l Goldberg meinte verken Kl\u00e6bo eller Pellegrino ville sette fart.<\/p>\n<p>Men det tok ikkje lange tida f\u00f8r Nyenget var fram i teten att, tett etterf\u00f8lgt av Ree.<\/p>\n<p>Simen Hegstad Kr\u00fcger, som har OL- og VM-gull i \u00f8vinga, hamna bak leiargruppa og jakta gruppa i lag med Filip Skari.<\/p>\n<p>Publisert<\/p>\n<p>06.12.2025, kl. 11.55<\/p>\n<p>Oppdatert<\/p>\n<p>06.12.2025, kl. 12.23<\/p>\n","protected":false},"excerpt":{"rendered":"\u2013 Eg skal pr\u00f8ve \u00e5 roe meg ned, men eg skj\u00f8nar eigentleg ingenting, seier ein blid Emil Iversen&hellip;\n","protected":false},"author":2,"featured_media":105722,"comment_status":"","ping_status":"","sticky":false,"template":"","format":"standard","meta":{"footnotes":""},"categories":[5],"tags":[20,21,24,25,15,19,22,23,17,18,13,30,28,29,14,16,26,27],"class_list":{"0":"post-105721","1":"post","2":"type-post","3":"status-publish","4":"format-standard","5":"has-post-thumbnail","7":"category-overskrifter","8":"tag-breaking-news","9":"tag-breakingnews","10":"tag-featured-news","11":"tag-featurednews","12":"tag-headlines","13":"tag-hovedoppslag","14":"tag-latest-news","15":"tag-latestnews","16":"tag-main-news","17":"tag-mainnews","18":"tag-news","19":"tag-no","20":"tag-norge","21":"tag-norway","22":"tag-nyheter","23":"tag-overskrifter","24":"tag-top-stories","25":"tag-topstories"},"share_on_mastodon":{"url":"https:\/\/pubeurope.com\/@no\/115672374628442309","error":""},"_links":{"self":[{"href":"https:\/\/www.europesays.com\/no\/wp-json\/wp\/v2\/posts\/105721","targetHints":{"allow":["GET"]}}],"collection":[{"href":"https:\/\/www.europesays.com\/no\/wp-json\/wp\/v2\/posts"}],"about":[{"href":"https:\/\/www.europesays.com\/no\/wp-json\/wp\/v2\/types\/post"}],"author":[{"embeddable":true,"href":"https:\/\/www.europesays.com\/no\/wp-json\/wp\/v2\/users\/2"}],"replies":[{"embeddable":true,"href":"https:\/\/www.europesays.com\/no\/wp-json\/wp\/v2\/comments?post=105721"}],"version-history":[{"count":0,"href":"https:\/\/www.europesays.com\/no\/wp-json\/wp\/v2\/posts\/105721\/revisions"}],"wp:featuredmedia":[{"embeddable":true,"href":"https:\/\/www.europesays.com\/no\/wp-json\/wp\/v2\/media\/105722"}],"wp:attachment":[{"href":"https:\/\/www.europesays.com\/no\/wp-json\/wp\/v2\/media?parent=105721"}],"wp:term":[{"taxonomy":"category","embeddable":true,"href":"https:\/\/www.europesays.com\/no\/wp-json\/wp\/v2\/categories?post=105721"},{"taxonomy":"post_tag","embeddable":true,"href":"https:\/\/www.europesays.com\/no\/wp-json\/wp\/v2\/tags?post=105721"}],"curies":[{"name":"wp","href":"https:\/\/api.w.org\/{rel}","templated":true}]}}