{"id":105730,"date":"2025-12-06T11:34:09","date_gmt":"2025-12-06T11:34:09","guid":{"rendered":"https:\/\/www.europesays.com\/no\/105730\/"},"modified":"2025-12-06T11:34:09","modified_gmt":"2025-12-06T11:34:09","slug":"bech-holte-slar-effektivt-ben-under-sitt-eget-prosjekt","status":"publish","type":"post","link":"https:\/\/www.europesays.com\/no\/105730\/","title":{"rendered":"Bech Holte sl\u00e5r effektivt ben under sitt eget prosjekt"},"content":{"rendered":"<p>Martin B. Holm, f\u00f8rsteamanuensis ved \u00d8konomisk Institutt, Universitetet i Oslo<\/p>\n<p class=\"lead\">Martin Bech Holte forholder seg til data som fanden leser bibelen. Det er synd, fordi det \u00f8delegger det som kunne v\u00e6rt en konstruktiv debatt om hvordan Norge b\u00f8r se ut.<\/p>\n<p><img alt=\"Han tar offerrollen som en ufeilbarlig profet som kun f\u00e5r uberettiget kritikk, skriver Martin B. Holm om Martin Bech Holte (bildet).\" loading=\"eager\" src=\"https:\/\/www.europesays.com\/no\/wp-content\/uploads\/2025\/12\/eyJ3IjoxMDAwLCJmIjoid2VicCIsImsiOiJjYmEyYjdmOTdjYzFhYTFjNDQxYzgzN2EzODM0ZDZlMCIsImZwIjpbMC40NDU5OTQs.webp\" fetchpriority=\"high\" decoding=\"async\"\/>Han tar offerrollen som en ufeilbarlig profet som kun f\u00e5r uberettiget kritikk, skriver Martin B. Holm om Martin Bech Holte (bildet).Foto: Ole Berg-Rusten \/ NTB<\/p>\n","protected":false},"excerpt":{"rendered":"Martin B. Holm, f\u00f8rsteamanuensis ved \u00d8konomisk Institutt, Universitetet i Oslo Martin Bech Holte forholder seg til data som&hellip;\n","protected":false},"author":2,"featured_media":105731,"comment_status":"","ping_status":"","sticky":false,"template":"","format":"standard","meta":{"footnotes":""},"categories":[5],"tags":[20,21,24,25,15,19,22,23,17,18,13,30,28,29,14,16,26,27],"class_list":{"0":"post-105730","1":"post","2":"type-post","3":"status-publish","4":"format-standard","5":"has-post-thumbnail","7":"category-overskrifter","8":"tag-breaking-news","9":"tag-breakingnews","10":"tag-featured-news","11":"tag-featurednews","12":"tag-headlines","13":"tag-hovedoppslag","14":"tag-latest-news","15":"tag-latestnews","16":"tag-main-news","17":"tag-mainnews","18":"tag-news","19":"tag-no","20":"tag-norge","21":"tag-norway","22":"tag-nyheter","23":"tag-overskrifter","24":"tag-top-stories","25":"tag-topstories"},"share_on_mastodon":{"url":"https:\/\/pubeurope.com\/@no\/115672414160237035","error":""},"_links":{"self":[{"href":"https:\/\/www.europesays.com\/no\/wp-json\/wp\/v2\/posts\/105730","targetHints":{"allow":["GET"]}}],"collection":[{"href":"https:\/\/www.europesays.com\/no\/wp-json\/wp\/v2\/posts"}],"about":[{"href":"https:\/\/www.europesays.com\/no\/wp-json\/wp\/v2\/types\/post"}],"author":[{"embeddable":true,"href":"https:\/\/www.europesays.com\/no\/wp-json\/wp\/v2\/users\/2"}],"replies":[{"embeddable":true,"href":"https:\/\/www.europesays.com\/no\/wp-json\/wp\/v2\/comments?post=105730"}],"version-history":[{"count":0,"href":"https:\/\/www.europesays.com\/no\/wp-json\/wp\/v2\/posts\/105730\/revisions"}],"wp:featuredmedia":[{"embeddable":true,"href":"https:\/\/www.europesays.com\/no\/wp-json\/wp\/v2\/media\/105731"}],"wp:attachment":[{"href":"https:\/\/www.europesays.com\/no\/wp-json\/wp\/v2\/media?parent=105730"}],"wp:term":[{"taxonomy":"category","embeddable":true,"href":"https:\/\/www.europesays.com\/no\/wp-json\/wp\/v2\/categories?post=105730"},{"taxonomy":"post_tag","embeddable":true,"href":"https:\/\/www.europesays.com\/no\/wp-json\/wp\/v2\/tags?post=105730"}],"curies":[{"name":"wp","href":"https:\/\/api.w.org\/{rel}","templated":true}]}}