{"id":105732,"date":"2025-12-06T11:35:10","date_gmt":"2025-12-06T11:35:10","guid":{"rendered":"https:\/\/www.europesays.com\/no\/105732\/"},"modified":"2025-12-06T11:35:10","modified_gmt":"2025-12-06T11:35:10","slug":"emil-iversen-i-tarer-etter-sterk-pallplass","status":"publish","type":"post","link":"https:\/\/www.europesays.com\/no\/105732\/","title":{"rendered":"Emil Iversen i t\u00e5rer etter sterk pallplass"},"content":{"rendered":"\n<p class=\"_lead_o9xde_2 _lead_xtcu6_50 layout-component text-serif-m layout-normal text-serif-l layout-component layout-wide layout-padded _wide_17hqh_1 layout-padded\">Det var duket for nok et Kl\u00e6bo-show i Gran\u00e5sen, men aller mest glad var Emil Iversen. <\/p>\n<p><img alt=\" Foto: MAXIM THORE \/ Bildbyr\u00e5n\" class=\"_image_qp4xg_65 layout-component layout-wide\" data-fullscreen- data-track-element-type=\"Article image fullscreen\" data-track-name=\"ImageFullscreen\" fetchpriority=\"high\" decoding=\"sync\" loading=\"eager\" height=\"4000\" itemprop=\"image\"  src=\"https:\/\/www.europesays.com\/no\/wp-content\/uploads\/2025\/12\/2b0f5d43-d93d-4302-b943-6af3997e0242\"  style=\"object-position:0% 0%\" width=\"6000\"\/> Foto: MAXIM THORE \/ Bildbyr\u00e5n<\/p>\n<ul aria-hidden=\"true\" class=\"_images_ntbth_112\">\n<li><a class=\"_link_ntbth_117\" href=\"https:\/\/www.vg.no\/forfatter\/synne-sofie-christiansen-2\" style=\"z-index:2\" title=\"Synne Sofie Christiansen\" rel=\"nofollow noopener\" target=\"_blank\"><img alt=\"Bilde av Synne Sofie Christiansen\" class=\"_image_ntbth_93\" fetchpriority=\"low\" loading=\"lazy\" decoding=\"async\" itemprop=\"image\"  src=\"https:\/\/www.europesays.com\/no\/wp-content\/uploads\/2025\/12\/1765020909_420_8d683f6f-f2ba-47ca-8bcc-2db625b33cb1\"  width=\"480\"\/><\/a><\/li>\n<li><a class=\"_link_ntbth_117\" href=\"https:\/\/www.vg.no\/forfatter\/mikal-aaserud\" style=\"z-index:1\" title=\"Mikal Emil Aaserud\" rel=\"nofollow noopener\" target=\"_blank\"><img alt=\"Bilde av Mikal Emil Aaserud\" class=\"_image_ntbth_93\" fetchpriority=\"low\" loading=\"lazy\" decoding=\"async\" itemprop=\"image\"  src=\"https:\/\/www.europesays.com\/no\/wp-content\/uploads\/2025\/12\/1765020909_977_1f4bb18c-b7b1-46ba-9b49-79ae6afd7bbd\"  width=\"480\"\/><\/a><\/li>\n<\/ul>\n<p>Gran\u00e5sen, Trondheim  Oppdatert l\u00f8rdag 6. desember kl. 12:33     <\/p>\n<p class=\"_paragraph_o9xde_4 _paragraph_xtcu6_10 layout-component text-serif-m layout-normal text-serif-m layout-padded\">\u2013 Gamle \u00abfaen\u00bb, jeg er her fortsatt, sier Iversen til NRK og <a href=\"https:\/\/www.vg.no\/sport\/i\/OkbXXV\/emil-iversen-rasende-paa-uttaket-til-verdenscupen-i-ruka-tror-du-er-med-paa-skjult-kamera\" data-track-element-type=\"Link\" data-track-id=\"link:OkbXXV\" class=\"_link_o9xde_39\" rel=\"nofollow noopener\" target=\"_blank\">sikter til uttaksbr\u00e5ket i verdenscup\u00e5pningen hvor han ble vraket for en yngre l\u00f8per. <\/a><\/p>\n<p class=\"_paragraph_o9xde_4 _paragraph_xtcu6_10 layout-component text-serif-m layout-normal text-serif-m layout-padded\">Fredag passerte Johannes H\u00f8sflot 100 seirer i verdenscupen, denne gangen p\u00e5 20 kilometer skibytte. <\/p>\n<p class=\"_paragraph_o9xde_4 _paragraph_xtcu6_10 layout-component text-serif-m layout-normal text-serif-m layout-padded\">Likevel var det Emil Iversen som stjal showet da han litt overraskende kjempet seg inn til en sterk tredjeplass. Publikum p\u00e5 stadion tok fullstendig av. <\/p>\n<p class=\"_paragraph_o9xde_4 _paragraph_xtcu6_10 layout-component text-serif-m layout-normal text-serif-m layout-padded\">Navnet hans runget utover stadion. Iversen strakk hendene i v\u00e6ret og m\u00e5tte sette seg ned da t\u00e5rene presset p\u00e5. <\/p>\n<p class=\"_paragraph_o9xde_4 _paragraph_xtcu6_10 layout-component text-serif-m layout-normal text-serif-m layout-padded\">Senere kom vinner Kl\u00e6bo bort og ga en god klem til lagkameraten. <\/p>\n<p class=\"_paragraph_o9xde_4 _paragraph_xtcu6_10 layout-component text-serif-m layout-normal text-serif-m layout-padded\">\u2013 Det ligger utenp\u00e5 at jeg er litt glad, s\u00e5 jeg skal pr\u00f8ve \u00e5 roe meg ned, sier Iversen. <\/p>\n<p class=\"_paragraph_o9xde_4 _paragraph_xtcu6_10 layout-component text-serif-m layout-normal text-serif-m layout-padded\">\u2013 Jeg skj\u00f8nner ingenting. Jeg vet jeg har v\u00e6rt i god form lenge, men ting skal klaffe og jeg har f\u00f8lt at det er lang vei til toppen. N\u00e5 tok jeg muligheten. Jeg er veldig stolt, glad og takknemlig. <\/p>\n<p><img alt=\"Foto: MAXIM THORE \/ Bildbyr\u00e5n\" class=\"_image_qp4xg_65 layout-component layout-normal\" data-fullscreen- data-track-element-type=\"Article image fullscreen\" data-track-name=\"ImageFullscreen\" decoding=\"async\" loading=\"lazy\" height=\"4000\" itemprop=\"image\"  src=\"https:\/\/www.europesays.com\/no\/wp-content\/uploads\/2025\/12\/cc5010d8-8caa-4635-939a-25791ba4f45f\"  style=\"object-position:0% 0%\" width=\"6000\"\/>Foto: MAXIM THORE \/ Bildbyr\u00e5n<\/p>\n<p class=\"_paragraph_o9xde_4 _paragraph_xtcu6_10 layout-component text-serif-m layout-normal text-serif-m layout-padded\">Pallplassen til Iversen kommer etter en t\u00f8ff start p\u00e5 sesongen hvor Iversen <a href=\"https:\/\/www.vg.no\/sport\/i\/OkbXXV\/emil-iversen-rasende-paa-uttaket-til-verdenscupen-i-ruka-tror-du-er-med-paa-skjult-kamera\" data-track-element-type=\"Link\" data-track-id=\"link:OkbXXV\" class=\"_link_o9xde_39\" rel=\"nofollow noopener\" target=\"_blank\">havnet i uttaksbr\u00e5k med landslagssjef Per Elias Kalfoss <\/a>etter \u00e5 ha blitt vraket til verdenscup\u00e5pningen i Ruka. <\/p>\n<p class=\"_paragraph_o9xde_4 _paragraph_xtcu6_10 layout-component text-serif-m layout-normal text-serif-m layout-padded\">Det endte i et lite oppvaskm\u00f8te.<\/p>\n<p class=\"_paragraph_o9xde_4 _paragraph_xtcu6_10 layout-component text-serif-m layout-normal text-serif-m layout-padded\"><strong class=\"_strong_o9xde_25\">Sist Iversen havnet p\u00e5 pallen i verdenscupen var i Mer\u00e5ker 20. februar 2020. I 2021 tok Iversen VM-gull i Lahti. <\/strong><\/p>\n<p class=\"_paragraph_o9xde_4 _paragraph_xtcu6_10 layout-component text-serif-m layout-normal text-serif-m layout-padded\">L\u00f8rdagens resultat betyr mye. Bror og trener Mats Iversen m\u00e5tte ta til t\u00e5rene i intervju med NRK. <\/p>\n<p class=\"_paragraph_o9xde_4 _paragraph_xtcu6_10 layout-component text-serif-m layout-normal text-serif-m layout-padded\">\u2013 Det har v\u00e6rt mye motgang og han har jobbet sykt bra i mange \u00e5r, sier broren. <\/p>\n<p><img alt=\"Foto: MAXIM THORE \/ Bildbyr\u00e5n\" class=\"_image_qp4xg_65 layout-component layout-normal\" data-fullscreen- data-track-element-type=\"Article image fullscreen\" data-track-name=\"ImageFullscreen\" decoding=\"async\" loading=\"lazy\" height=\"4000\" itemprop=\"image\"  src=\"https:\/\/www.europesays.com\/no\/wp-content\/uploads\/2025\/12\/9dba82bd-323c-426b-847e-5e66c5c01a30\"  style=\"object-position:0% 0%\" width=\"6000\"\/>Foto: MAXIM THORE \/ Bildbyr\u00e5n<\/p>\n<p class=\"_paragraph_o9xde_4 _paragraph_xtcu6_10 layout-component text-serif-m layout-normal text-serif-m layout-padded\">Iversen har jobbet tett med Kl\u00e6bo det siste \u00e5ret. L\u00f8rdagens vinner liker det han ser. <\/p>\n<p class=\"_paragraph_o9xde_4 _paragraph_xtcu6_10 layout-component text-serif-m layout-normal text-serif-m layout-padded\">\u2013 Jeg synes det er artig. Jeg har h\u00f8rt p\u00e5 jassing i mange m\u00e5neder. Det er andre gang vi g\u00e5r mot hverandre, og jeg har vunnet to, men tapt samtlige intervall\u00f8kter. Jeg vet hva han kan f\u00e5 til n\u00e5r han har kniven p\u00e5 strupen, sier Kl\u00e6bo.<\/p>\n<p class=\"_paragraph_o9xde_4 _paragraph_xtcu6_10 layout-component text-serif-m layout-normal text-serif-m layout-padded\">20 kilometer med skibytte er en del av OL-programmet og dermed var det meget viktig \u00e5 levere med tanke p\u00e5 uttaket.<\/p>\n<p class=\"_paragraph_o9xde_4 _paragraph_xtcu6_10 layout-component text-serif-m layout-normal text-serif-m layout-padded\">Norge har syv kvoteplasser p\u00e5 herresiden i OL, men det er sjanser for at det blir utvidet til \u00e5tte. <\/p>\n<p class=\"_paragraph_o9xde_4 _paragraph_xtcu6_10 layout-component text-serif-m layout-normal text-serif-m layout-padded\">Harald \u00d8stberg Amundsen, Johannes H\u00f8sflot Kl\u00e6bo, Martin L\u00f8wstr\u00f8m Nyenget og Erik Valnes er n\u00e6rmest et uttak. <\/p>\n<p class=\"_paragraph_o9xde_4 _paragraph_xtcu6_10 layout-component text-serif-m layout-normal text-serif-m layout-padded\">Bak er det flere som kjemper om de gjenst\u00e5ende plassene. <\/p>\n<p class=\"_paragraph_o9xde_4 _paragraph_xtcu6_10 layout-component text-serif-m layout-normal text-serif-m layout-padded\">Blant annet Emil Iversen, Jan Thomas Jenssen og Simen Hegstad Kr\u00fcger trengte gode resultater l\u00f8rdag for \u00e5 blande seg inn i diskusjonen. <\/p>\n<p class=\"_paragraph_o9xde_4 _paragraph_xtcu6_10 layout-component text-serif-m layout-normal text-serif-m layout-padded\">Kr\u00fcger er olympisk mester p\u00e5 distansen, men har ikke hatt en optimal start p\u00e5 sesongen da han m\u00e5tte st\u00e5 over verdenscup\u00e5pningen i Ruka grunnet sykdom. Han endte som nummer 10 l\u00f8rdag. <\/p>\n<p class=\"_paragraph_o9xde_4 _paragraph_xtcu6_10 layout-component text-serif-m layout-normal text-serif-m layout-padded\">P\u00e5 sp\u00f8rsm\u00e5l om Iversens sjanser for OL-deltakelse, sier Kl\u00e6bo: <\/p>\n<p class=\"_paragraph_o9xde_4 _paragraph_xtcu6_10 layout-component text-serif-m layout-normal text-serif-m layout-padded\">\u2013 OL-sjansene er definitivt der. Han viser at han leverer. Og s\u00e5 kommer det en ny dag i morgen. Jobben min blir \u00e5 f\u00e5 ham kjapt inn i restitusjonsmodus s\u00e5nn at han leverer igjen i morgen, sier Kl\u00e6bo. <\/p>\n<p class=\"_paragraph_o9xde_4 _paragraph_xtcu6_10 layout-component text-serif-m layout-normal text-serif-m layout-padded\">\u2013 Det er ikke tvil om at dette betyr mye for Iversen og det er karrieredefinerende. Han m\u00e5tte levere i dag, og dette ble et bilde p\u00e5 hvor mye han vil det, sier NRKs ekspert Fredrik Aukland.<\/p>\n","protected":false},"excerpt":{"rendered":"Det var duket for nok et Kl\u00e6bo-show i Gran\u00e5sen, men aller mest glad var Emil Iversen. Foto: MAXIM&hellip;\n","protected":false},"author":2,"featured_media":105733,"comment_status":"","ping_status":"","sticky":false,"template":"","format":"standard","meta":{"footnotes":""},"categories":[59],"tags":[398,30,28,29,83,82],"class_list":{"0":"post-105732","1":"post","2":"type-post","3":"status-publish","4":"format-standard","5":"has-post-thumbnail","7":"category-sport","8":"tag-langrenn","9":"tag-no","10":"tag-norge","11":"tag-norway","12":"tag-sport","13":"tag-sports"},"share_on_mastodon":{"url":"https:\/\/pubeurope.com\/@no\/115672417987861275","error":""},"_links":{"self":[{"href":"https:\/\/www.europesays.com\/no\/wp-json\/wp\/v2\/posts\/105732","targetHints":{"allow":["GET"]}}],"collection":[{"href":"https:\/\/www.europesays.com\/no\/wp-json\/wp\/v2\/posts"}],"about":[{"href":"https:\/\/www.europesays.com\/no\/wp-json\/wp\/v2\/types\/post"}],"author":[{"embeddable":true,"href":"https:\/\/www.europesays.com\/no\/wp-json\/wp\/v2\/users\/2"}],"replies":[{"embeddable":true,"href":"https:\/\/www.europesays.com\/no\/wp-json\/wp\/v2\/comments?post=105732"}],"version-history":[{"count":0,"href":"https:\/\/www.europesays.com\/no\/wp-json\/wp\/v2\/posts\/105732\/revisions"}],"wp:featuredmedia":[{"embeddable":true,"href":"https:\/\/www.europesays.com\/no\/wp-json\/wp\/v2\/media\/105733"}],"wp:attachment":[{"href":"https:\/\/www.europesays.com\/no\/wp-json\/wp\/v2\/media?parent=105732"}],"wp:term":[{"taxonomy":"category","embeddable":true,"href":"https:\/\/www.europesays.com\/no\/wp-json\/wp\/v2\/categories?post=105732"},{"taxonomy":"post_tag","embeddable":true,"href":"https:\/\/www.europesays.com\/no\/wp-json\/wp\/v2\/tags?post=105732"}],"curies":[{"name":"wp","href":"https:\/\/api.w.org\/{rel}","templated":true}]}}