{"id":105741,"date":"2025-12-06T11:52:09","date_gmt":"2025-12-06T11:52:09","guid":{"rendered":"https:\/\/www.europesays.com\/no\/105741\/"},"modified":"2025-12-06T11:52:09","modified_gmt":"2025-12-06T11:52:09","slug":"hund-overlevde-avlivningsforsok-na-er-skytteren-tiltalt","status":"publish","type":"post","link":"https:\/\/www.europesays.com\/no\/105741\/","title":{"rendered":"Hund overlevde avlivningsfors\u00f8k \u2013 n\u00e5 er skytteren tiltalt"},"content":{"rendered":"\n<p class=\"_lead_o9xde_2 _lead_xtcu6_50 layout-component text-serif-m layout-normal text-serif-l layout-component layout-wide layout-padded _wide_17hqh_1 layout-padded\">En mann i 70-\u00e5rene fra Namdalen skal ha skutt en hund f\u00f8r han forlot den. Etterp\u00e5 slepte hunden seg flere hundre meter. N\u00e5 er mannen tiltalt.<\/p>\n<ul aria-hidden=\"true\" class=\"_images_ntbth_112\">\n<li><a class=\"_link_ntbth_117\" href=\"https:\/\/www.vg.no\/forfatter\/ntb\" style=\"z-index:1\" title=\"NTB\" rel=\"nofollow noopener\" target=\"_blank\"><img alt=\"Bilde av NTB\" class=\"_image_ntbth_93\" fetchpriority=\"low\" loading=\"lazy\" decoding=\"async\" itemprop=\"image\"  src=\"https:\/\/www.europesays.com\/no\/wp-content\/uploads\/2025\/12\/1765021929_900_c33980b0-5d07-4027-84a1-813f90a7c8d6\"  width=\"480\"\/><\/a><\/li>\n<\/ul>\n<p> Oppdatert l\u00f8rdag 6. desember kl. 12:34     <\/p>\n<p class=\"_paragraph_o9xde_4 _paragraph_xtcu6_10 layout-component text-serif-m layout-normal text-serif-m layout-padded\">Politiadvokat Amund Sand sier til <a href=\"https:\/\/www.t-a.no\/skjot-hunden-slepte-seg-flere-hundre-meter-etterpa\/s\/5-116-2268085\" class=\"_link_o9xde_39\" rel=\"nofollow noopener\" target=\"_blank\">Tr\u00f8nder-Avisa<\/a> at det er tatt ut tiltale fordi p\u00e5talemyndigheten mener kravene til forsvarlig avlivning ikke er etterlevd. <\/p>\n<p class=\"_paragraph_o9xde_4 _paragraph_xtcu6_10 layout-component text-serif-m layout-normal text-serif-m layout-padded\">Han forklarer at tiltalte skulle avlive en annen persons hund med salongrifle, men at det ikke gikk etter planen. Hunden beveget seg nemlig flere hundre meter etter \u00e5 ha blitt skutt.<\/p>\n<p class=\"_paragraph_o9xde_4 _paragraph_xtcu6_10 layout-component text-serif-m layout-normal text-serif-m layout-padded\">\u2013 Hunden overlevde og opps\u00f8kte andre mennesker, f\u00f8r den til slutt ble avlivet p\u00e5 forsvarlig vis, sier Sand.<\/p>\n<p class=\"_paragraph_o9xde_4 _paragraph_xtcu6_10 layout-component text-serif-m layout-normal text-serif-m layout-padded\">Politiadvokaten viser til at det er forskjellige krav n\u00e5r det gjelder avliving av dyr, deriblant et krav til umiddelbart bevissthetstap og at dyret ikke skal lide.<\/p>\n<p class=\"_paragraph_o9xde_4 _paragraph_xtcu6_10 layout-component text-serif-m layout-normal text-serif-m layout-padded\">Det finnes ogs\u00e5 en egen forskrift som har bestemmelse om hvilke typer v\u00e5pen som er tillatt og hvordan dette skal foreg\u00e5.<\/p>\n<p class=\"_paragraph_o9xde_4 _paragraph_xtcu6_10 layout-component text-serif-m layout-normal text-serif-m layout-padded\">\u2013 Enhver har lov til \u00e5 avlive hund og katt, vel \u00e5 merke om man har lov til \u00e5 ha skytev\u00e5pen. For s\u00e5 vidt ogs\u00e5 andre kj\u00e6ledyr, men det er noe man skal v\u00e6re sikker p\u00e5 at man gj\u00f8r ordentlig, sier Sand.<\/p>\n<p class=\"_paragraph_o9xde_4 _paragraph_xtcu6_10 layout-component text-serif-m layout-normal text-serif-m layout-padded\">If\u00f8lge politiadvokaten mener tiltalte at hendelsen var et uhell, som ikke er straffbart.<\/p>\n","protected":false},"excerpt":{"rendered":"En mann i 70-\u00e5rene fra Namdalen skal ha skutt en hund f\u00f8r han forlot den. Etterp\u00e5 slepte hunden&hellip;\n","protected":false},"author":2,"featured_media":105742,"comment_status":"","ping_status":"","sticky":false,"template":"","format":"standard","meta":{"footnotes":""},"categories":[12],"tags":[20,21,24,25,15,2078,22,23,13,30,28,29,14,16,26,27,42,43,44,45],"class_list":{"0":"post-105741","1":"post","2":"type-post","3":"status-publish","4":"format-standard","5":"has-post-thumbnail","7":"category-verden","8":"tag-breaking-news","9":"tag-breakingnews","10":"tag-featured-news","11":"tag-featurednews","12":"tag-headlines","13":"tag-hund","14":"tag-latest-news","15":"tag-latestnews","16":"tag-news","17":"tag-no","18":"tag-norge","19":"tag-norway","20":"tag-nyheter","21":"tag-overskrifter","22":"tag-top-stories","23":"tag-topstories","24":"tag-verden","25":"tag-world","26":"tag-world-news","27":"tag-worldnews"},"share_on_mastodon":{"url":"https:\/\/pubeurope.com\/@no\/115672484973977645","error":""},"_links":{"self":[{"href":"https:\/\/www.europesays.com\/no\/wp-json\/wp\/v2\/posts\/105741","targetHints":{"allow":["GET"]}}],"collection":[{"href":"https:\/\/www.europesays.com\/no\/wp-json\/wp\/v2\/posts"}],"about":[{"href":"https:\/\/www.europesays.com\/no\/wp-json\/wp\/v2\/types\/post"}],"author":[{"embeddable":true,"href":"https:\/\/www.europesays.com\/no\/wp-json\/wp\/v2\/users\/2"}],"replies":[{"embeddable":true,"href":"https:\/\/www.europesays.com\/no\/wp-json\/wp\/v2\/comments?post=105741"}],"version-history":[{"count":0,"href":"https:\/\/www.europesays.com\/no\/wp-json\/wp\/v2\/posts\/105741\/revisions"}],"wp:featuredmedia":[{"embeddable":true,"href":"https:\/\/www.europesays.com\/no\/wp-json\/wp\/v2\/media\/105742"}],"wp:attachment":[{"href":"https:\/\/www.europesays.com\/no\/wp-json\/wp\/v2\/media?parent=105741"}],"wp:term":[{"taxonomy":"category","embeddable":true,"href":"https:\/\/www.europesays.com\/no\/wp-json\/wp\/v2\/categories?post=105741"},{"taxonomy":"post_tag","embeddable":true,"href":"https:\/\/www.europesays.com\/no\/wp-json\/wp\/v2\/tags?post=105741"}],"curies":[{"name":"wp","href":"https:\/\/api.w.org\/{rel}","templated":true}]}}