{"id":105745,"date":"2025-12-06T11:54:11","date_gmt":"2025-12-06T11:54:11","guid":{"rendered":"https:\/\/www.europesays.com\/no\/105745\/"},"modified":"2025-12-06T11:54:11","modified_gmt":"2025-12-06T11:54:11","slug":"handball-vm-ole-gustav-gjekstad-norge-sjef-ut-mot-vm-bildene-farlig","status":"publish","type":"post","link":"https:\/\/www.europesays.com\/no\/105745\/","title":{"rendered":"H\u00e5ndball-VM, Ole Gustav Gjekstad | Norge-sjef ut mot VM-bildene: \u2013 Farlig!"},"content":{"rendered":"\n<p>   <img decoding=\"async\" width=\"1500\" height=\"440\" fetchpriority=\"low\"  loading=\"lazy\"  src=\"https:\/\/www.europesays.com\/no\/wp-content\/uploads\/2025\/12\/1765022049_24_HerErVi_Sport_1+person.jpg\" alt=\"\" class=\"brick-c-cFOWSL\" style=\"--brick-image-ratio: 1500 \/ 440;\"\/><\/p>\n<p>DORTMUND, TYSKLAND (Nettavisen): Nok en gang ble det ren plankekj\u00f8ring for de norske h\u00e5ndballjentene i \u00e5rets VM.<\/p>\n<p><a href=\"https:\/\/www.nettavisen.no\/sport\/ville-norge-scener-mot-tsjekkia-i-vm\/s\/5-95-2765805\" rel=\"Follow nofollow noopener\" target=\"_blank\">Tsjekkia ble nedsablet<\/a> og tapte med 23 m\u00e5l mot den ustoppelige stormakten.<\/p>\n<p>Men underveis i kampen kunne vi som var p\u00e5 plass i Westfalenhalle ved flere anledninger se en tydelig oppr\u00f8rt Ole Gustav Gjekstad p\u00e5 Norges benk.<\/p>\n<p>N\u00e5 freser landslagssjefen mot det som skjer.<\/p>\n<p><b>Les ogs\u00e5: <\/b><a href=\"https:\/\/www.nettavisen.no\/sport\/ville-norge-scener-mot-tsjekkia-i-vm\/s\/5-95-2765805\" rel=\"Follow nofollow noopener\" target=\"_blank\">Ville Norge-scener: \u2013 Uhyre sjelden<\/a><\/p>\n<p>    Vil du se neste video?<\/p>\n<p>    <a href=\"https:\/\/www.nettavisen.no\/nyheter\/dronefabrikk-i-kyiv-ble-truffet-av-russisk-droneangrep-midt-pa-natta\/v\/5-95-2741746\" class=\"recommend-poster\" data-adp-clicklabel=\"video-recommend\" data-adp-clickvalue=\"poster\" rel=\"nofollow noopener\" target=\"_blank\"><br \/>\n      <img decoding=\"async\" width=\"200\" height=\"200\" loading=\"lazy\" src=\"https:\/\/www.europesays.com\/no\/wp-content\/uploads\/2025\/12\/25-11-04+SkyAssist+Igor.jpg\" alt=\"\" class=\"brick-c-cFOWSL\" style=\"--brick-image-ratio: 200 \/ 200;\"\/><\/p>\n<p>P\u00e5f\u00f8rt Putin enorme tap: Millioner p\u00e5 millioner1:59<\/p>\n<p>    <\/a><\/p>\n<p>Gjekstad: \u2013 Klart det er farlig<\/p>\n<p>I pressesonen etter kampen mot tsjekkerne sp\u00f8r Nettavisen om hva det er 58-\u00e5ringen reagerer p\u00e5.<\/p>\n<p>\u2013 Det irriterer meg at angrep p\u00e5 Henny Reistad ikke blir mer straffet. Det har skjedd i flere kamper n\u00e5. Det ser ut som motstandere f\u00e5r lov til \u00e5 gj\u00f8re hva som helst, og det irriterer meg.<\/p>\n<p><b>Les ogs\u00e5: <\/b><a href=\"https:\/\/www.nettavisen.no\/sport\/nora-mork-om-synet-av-sverige-sjefen-vondt\/s\/5-95-2763216\" rel=\"Follow nofollow noopener\" target=\"_blank\">M\u00f8rk om synet av sjefen: \u2013 Vondt<\/a><\/p>\n<p>\u2013 Jeg vil bare at dommerne skal d\u00f8mme p\u00e5 lik linje for alle spillere, og det synes jeg ikke er tilfelle n\u00e5r det gjelder taklinger p\u00e5 Henny. Det virker som hun m\u00e5 t\u00e5le mer enn alle andre.<\/p>\n<p>\u2013 Er det farlig? <\/p>\n<p>\u2013 Det er klart det er farlig, for hun g\u00e5r jo i gulvet de fleste gangene. Men poenget er at man m\u00e5 straffe de samme taklingene p\u00e5 samme m\u00e5te, og ikke endre p\u00e5 det bare fordi spilleren som takles heter Henny Reistad.<\/p>\n<p>\u2013 Hvordan er kommunikasjonen med dommerne underveis? <\/p>\n<p>\u2013 Jeg opplever at det ikke var noe forst\u00e5else for det i det hele tatt, men da har jeg i hvert fall sagt ifra. D\u00f8mmingen har egentlig v\u00e6rt \u00e5lreit s\u00e5nn generelt, men situasjonen rundt Henny irriterer meg.<\/p>\n<p>   <img decoding=\"async\" width=\"6174\" height=\"3473\" fetchpriority=\"low\"  loading=\"lazy\"  src=\"https:\/\/www.europesays.com\/no\/wp-content\/uploads\/2025\/12\/NTB_PATvKABp_tQ_1.jpg\" alt=\"\" class=\"brick-c-cFOWSL\" style=\"--brick-image-ratio: 6174 \/ 3473;\"\/><\/p>\n<p>      BRUTAL BEHANDLING: Henny Reistad har f\u00e5tt noen smeller i l\u00f8pet av VM.<br \/>\n      Foto: Beate Oma Dahle (NTB)\n    <\/p>\n<p>  Reistad: \u2013 Urettferdig<\/p>\n<p>Henny Reistad er \u00e6rlig p\u00e5 at hun deler samme opplevelsen som sin egen trener.<\/p>\n<p>\u2013 Jeg har v\u00e6rt irritert over det tidligere ogs\u00e5. Jeg er vant til \u00e5 f\u00e5 mange tr\u00f8kker, og s\u00e5nn som i g\u00e5r f\u00f8ltes det nesten som normalen. Men jeg er enig. Noen ganger f\u00f8les det litt urettferdig.<\/p>\n<p>\u2013 Tar de deg hardere enn andre?<\/p>\n<p>\u2013 Kanskje pr\u00f8ver de p\u00e5 det, men ogs\u00e5 fordi jeg noen ganger klarer \u00e5 st\u00e5 imot den fysikken jeg blir m\u00f8tt med. S\u00e5nn at det kanskje ikke ser s\u00e5 stygt ut som det kunne gjort, fordi jeg er ganske \u00e6rlig i duellene.<\/p>\n<p><b>Les ogs\u00e5: <\/b><a rel=\"Follow nofollow noopener\" href=\"https:\/\/www.nettavisen.no\/sport\/handballeksperten-ole-erevik-med-hjerteskjarende-historie\/s\/5-95-2765512\" target=\"_blank\">TV-profilens hjerteskj\u00e6rende historie<\/a><\/p>\n<p>   <img decoding=\"async\" width=\"8101\" height=\"4557\" fetchpriority=\"low\"  loading=\"lazy\"  src=\"https:\/\/www.europesays.com\/no\/wp-content\/uploads\/2025\/12\/NTB_9F3Cqbc_0TU.jpg\" alt=\"\" class=\"brick-c-cFOWSL\" style=\"--brick-image-ratio: 8101 \/ 4557;\"\/><\/p>\n<p>      REGNET FALT: Under l\u00f8rdagens pressetreff kom det en real regnbyge underveis. Kristine Breist\u00f8l fikk hetta p\u00e5, med Henny Reistad i bakgrunn.<br \/>\n      Foto: Beate Oma Dahle (NTB)\n    <\/p>\n<p>Hun peker ogs\u00e5 p\u00e5 lagvenninne Thale Rushfeldt Deila, som Reistad mener opplever noe av det samme.<\/p>\n<p>\u2013 Det er mange som tar henne, og noen ganger p\u00e5 litt stygge m\u00e5ter, men fordi hun er s\u00e5 sterk ser det ikke s\u00e5 ille ut. Det er litt synd at det g\u00e5r ut over det.<\/p>\n<p>Norge spiller sin siste hovedrundekamp i VM mot Brasil s\u00f8ndag. Den kastes i gang 20:30. <\/p>\n","protected":false},"excerpt":{"rendered":"DORTMUND, TYSKLAND (Nettavisen): Nok en gang ble det ren plankekj\u00f8ring for de norske h\u00e5ndballjentene i \u00e5rets VM. Tsjekkia&hellip;\n","protected":false},"author":2,"featured_media":105746,"comment_status":"","ping_status":"","sticky":false,"template":"","format":"standard","meta":{"footnotes":""},"categories":[5],"tags":[20,21,24,25,15,19,22,23,17,18,13,30,28,29,14,16,26,27],"class_list":{"0":"post-105745","1":"post","2":"type-post","3":"status-publish","4":"format-standard","5":"has-post-thumbnail","7":"category-overskrifter","8":"tag-breaking-news","9":"tag-breakingnews","10":"tag-featured-news","11":"tag-featurednews","12":"tag-headlines","13":"tag-hovedoppslag","14":"tag-latest-news","15":"tag-latestnews","16":"tag-main-news","17":"tag-mainnews","18":"tag-news","19":"tag-no","20":"tag-norge","21":"tag-norway","22":"tag-nyheter","23":"tag-overskrifter","24":"tag-top-stories","25":"tag-topstories"},"share_on_mastodon":{"url":"https:\/\/pubeurope.com\/@no\/115672492731915082","error":""},"_links":{"self":[{"href":"https:\/\/www.europesays.com\/no\/wp-json\/wp\/v2\/posts\/105745","targetHints":{"allow":["GET"]}}],"collection":[{"href":"https:\/\/www.europesays.com\/no\/wp-json\/wp\/v2\/posts"}],"about":[{"href":"https:\/\/www.europesays.com\/no\/wp-json\/wp\/v2\/types\/post"}],"author":[{"embeddable":true,"href":"https:\/\/www.europesays.com\/no\/wp-json\/wp\/v2\/users\/2"}],"replies":[{"embeddable":true,"href":"https:\/\/www.europesays.com\/no\/wp-json\/wp\/v2\/comments?post=105745"}],"version-history":[{"count":0,"href":"https:\/\/www.europesays.com\/no\/wp-json\/wp\/v2\/posts\/105745\/revisions"}],"wp:featuredmedia":[{"embeddable":true,"href":"https:\/\/www.europesays.com\/no\/wp-json\/wp\/v2\/media\/105746"}],"wp:attachment":[{"href":"https:\/\/www.europesays.com\/no\/wp-json\/wp\/v2\/media?parent=105745"}],"wp:term":[{"taxonomy":"category","embeddable":true,"href":"https:\/\/www.europesays.com\/no\/wp-json\/wp\/v2\/categories?post=105745"},{"taxonomy":"post_tag","embeddable":true,"href":"https:\/\/www.europesays.com\/no\/wp-json\/wp\/v2\/tags?post=105745"}],"curies":[{"name":"wp","href":"https:\/\/api.w.org\/{rel}","templated":true}]}}