{"id":105747,"date":"2025-12-06T11:55:10","date_gmt":"2025-12-06T11:55:10","guid":{"rendered":"https:\/\/www.europesays.com\/no\/105747\/"},"modified":"2025-12-06T11:55:10","modified_gmt":"2025-12-06T11:55:10","slug":"birgit-skarstein-baby-birgit-skarstein-om-mammalivet-elsker-det","status":"publish","type":"post","link":"https:\/\/www.europesays.com\/no\/105747\/","title":{"rendered":"Birgit Skarstein, Baby | Birgit Skarstein om mamma\u00adlivet: \u2013 Elsker det"},"content":{"rendered":"\n<p>I september ble det kjent at Birgit Skarstein (36) og forloveden, Christian Semb,<a rel=\"Follow nofollow noopener\" href=\"https:\/\/www.nettavisen.no\/kjendis\/birgit-skarstein-har-blitt-mamma\/s\/5-95-2638963\" target=\"_blank\"> hadde f\u00e5tt sitt f\u00f8rste barn. <\/a><\/p>\n<p>\u00abVelkommen, lille venn\u00bb, delte Skarstein p\u00e5 Instagram.<\/p>\n<p>Overfor Nettavisen \u00e5pner Skarstein opp om hvordan livet har forandret seg etter at hun ble sm\u00e5barnsmor.<\/p>\n<p>\u2013 Jeg elsker det<\/p>\n<p>Nettavisen m\u00f8tte Skarstein og s\u00f8nnen p\u00e5 pressetreff, der hun smilte fra \u00f8re til \u00f8re. Den nybakte moren la ikke skjul p\u00e5 at hun trives godt i rollen som mamma:<\/p>\n<p>\u2013 Livet er helt fantastisk, jeg elsker det, sier Skarstein med s\u00f8nnen p\u00e5 fanget. <\/p>\n<p>Skarstein legger ikke skjul p\u00e5 at f\u00f8dselen var en intens opplevelse.<\/p>\n<p>\u2013 F\u00f8dsel er noe av det mest dramatiske vi gj\u00f8r som damer. Det er ikke noe lek. Jeg har veldig respekt for det, men gleden er jo \u00e5 vite at man skal f\u00e5 et lite barn.<\/p>\n<p><b>Les ogs\u00e5: <a href=\"https:\/\/www.nettavisen.no\/kjendis\/birgit-skarstein-avslorer-hemmelig-forlovelse-laget-ringene-selv-av-et-tre-fra-hagen\/s\/5-95-2407702\" rel=\"Follow nofollow noopener\" target=\"_blank\">\u00c5pner opp om bryllupsplanene. Avsl\u00f8rer flere utradisjonelle valg<\/a><\/b><\/p>\n<p>36-\u00e5ringen roser det norske helsevesenet for den fantastiske jobben de gj\u00f8r, og forteller at hun selv hadde en trygg og positiv opplevelse under f\u00f8dselen.<\/p>\n<p>\u2013 En f\u00f8dsel er veldig uforutsigbart og man vet ikke helt hvordan det g\u00e5r eller hva som skjer, men samtidig vet jeg at vi har verdens beste helsevesen. Vi er kjempeheldige som har det, men det er veldig fint \u00e5 v\u00e6re ferdig med det.<\/p>\n<p>    Vil du se neste video?<\/p>\n<p>    <a href=\"https:\/\/www.nettavisen.no\/nyheter\/dronefabrikk-i-kyiv-ble-truffet-av-russisk-droneangrep-midt-pa-natta\/v\/5-95-2741746\" class=\"recommend-poster\" data-adp-clicklabel=\"video-recommend\" data-adp-clickvalue=\"poster\" rel=\"nofollow noopener\" target=\"_blank\"><br \/>\n      <img decoding=\"async\" width=\"200\" height=\"200\" loading=\"lazy\" src=\"https:\/\/www.europesays.com\/no\/wp-content\/uploads\/2025\/12\/25-11-04+SkyAssist+Igor.jpg\" alt=\"\" class=\"brick-c-cFOWSL\" style=\"--brick-image-ratio: 200 \/ 200;\"\/><\/p>\n<p>P\u00e5f\u00f8rt Putin enorme tap: Millioner p\u00e5 millioner1:59<\/p>\n<p>    <\/a><\/p>\n<p>Pusser opp huset<\/p>\n<p>I tillegg til at Skarstein nylig ble mor for f\u00f8rste gang, har paret ogs\u00e5 <a rel=\"Follow nofollow noopener\" href=\"https:\/\/www.nettavisen.no\/heim\/birgit-skarstein-sikret-seg-bolig-pa-vindern\/s\/5-95-2745064\" target=\"_blank\">kj\u00f8pt bolig p\u00e5 Vinderen i Oslo. <\/a>Barseltiden har med andre ord v\u00e6rt alt annet enn rolig.<\/p>\n<p>\u2013 Jeg la opp karrieren min og tenkte at livet skulle bli roligere, men det f\u00f8les litt ut som at det startet da. Det er virkelig bare koselig og hyggelig. Vi trives s\u00e5 godt i denne rollen, sier hun og legger til:<\/p>\n<p>\u2013 Der er veldig hektisk om dagen og mye som skjer, men det g\u00e5r ganske fint selv om.<\/p>\n<p>   <img decoding=\"async\" width=\"8303\" height=\"5535\" fetchpriority=\"low\"  loading=\"lazy\"  src=\"https:\/\/www.europesays.com\/no\/wp-content\/uploads\/2025\/12\/NTB_rnI8GFZDJB0.jpg\" alt=\"Trondheim 20250104. &#10;Birgit Skarstein og hennes nye kj\u00e6reste under r\u00f8d l\u00f8per under Idrettsgallaen 2025 i Trondheim spektrum.&#10;Foto: Ole Martin Wold \/ NTB\" class=\"brick-c-cFOWSL\" style=\"--brick-image-ratio: 8303 \/ 5535;\"\/><\/p>\n<p>      FLYTTET: Birgit Skarstein og Christian Semb kj\u00f8pte hus p\u00e5 Vindern til rundt 20 millioner kroner.<br \/>\n      Foto: Ole Martin Wold\n    <\/p>\n<p>I april delte paret at de var forlovet. Skarstein innr\u00f8mmer at mye har skjedd p\u00e5 kort tid, men understreker at de trives i det hektiske livet<\/p>\n<p>\u2013 Ting har kommet veldig av seg selv, og vi hadde ikke planlagt at alt skulle skje p\u00e5 en gang, men n\u00e5 ble det s\u00e5nn. Vi koser oss s\u00e5 masse. Jeg f\u00f8ler meg s\u00e5 heldig som har f\u00e5tt en s\u00e5 fin type og at vi har funnet et s\u00e5 fint sted \u00e5 bo.<\/p>\n<p><b>Les ogs\u00e5: <a href=\"https:\/\/www.nettavisen.no\/kjendis\/birgit-skarstein-parkerte-bilen-og-fant-den-igjen-tilgriset\/s\/5-95-2643320\" rel=\"Follow nofollow noopener\" target=\"_blank\">Birgit Skarstein fikk bilen tilgriset<\/a><\/b><\/p>\n<p>Huset p\u00e5 Vinderen krever imidlertid mye oppussing, noe de allerede er godt i gang med:<\/p>\n<p>\u2013 Vi jobber for \u00e5 f\u00e5 ting p\u00e5 plass. Vi har akkurat flyttet inn og har brukt mye tid p\u00e5 flytting. Huset er fra 1962, s\u00e5 det er en del som skal gj\u00f8res. Det er s\u00e5 smale d\u00f8rer i huset, s\u00e5 n\u00e5 fikser vi s\u00e5nn at jeg kommer meg gjennom d\u00f8rene, avslutter hun.<\/p>\n","protected":false},"excerpt":{"rendered":"I september ble det kjent at Birgit Skarstein (36) og forloveden, Christian Semb, hadde f\u00e5tt sitt f\u00f8rste barn.&hellip;\n","protected":false},"author":2,"featured_media":105748,"comment_status":"","ping_status":"","sticky":false,"template":"","format":"standard","meta":{"footnotes":""},"categories":[59],"tags":[30,28,29,83,82],"class_list":{"0":"post-105747","1":"post","2":"type-post","3":"status-publish","4":"format-standard","5":"has-post-thumbnail","7":"category-sport","8":"tag-no","9":"tag-norge","10":"tag-norway","11":"tag-sport","12":"tag-sports"},"share_on_mastodon":{"url":"https:\/\/pubeurope.com\/@no\/115672496442766232","error":""},"_links":{"self":[{"href":"https:\/\/www.europesays.com\/no\/wp-json\/wp\/v2\/posts\/105747","targetHints":{"allow":["GET"]}}],"collection":[{"href":"https:\/\/www.europesays.com\/no\/wp-json\/wp\/v2\/posts"}],"about":[{"href":"https:\/\/www.europesays.com\/no\/wp-json\/wp\/v2\/types\/post"}],"author":[{"embeddable":true,"href":"https:\/\/www.europesays.com\/no\/wp-json\/wp\/v2\/users\/2"}],"replies":[{"embeddable":true,"href":"https:\/\/www.europesays.com\/no\/wp-json\/wp\/v2\/comments?post=105747"}],"version-history":[{"count":0,"href":"https:\/\/www.europesays.com\/no\/wp-json\/wp\/v2\/posts\/105747\/revisions"}],"wp:featuredmedia":[{"embeddable":true,"href":"https:\/\/www.europesays.com\/no\/wp-json\/wp\/v2\/media\/105748"}],"wp:attachment":[{"href":"https:\/\/www.europesays.com\/no\/wp-json\/wp\/v2\/media?parent=105747"}],"wp:term":[{"taxonomy":"category","embeddable":true,"href":"https:\/\/www.europesays.com\/no\/wp-json\/wp\/v2\/categories?post=105747"},{"taxonomy":"post_tag","embeddable":true,"href":"https:\/\/www.europesays.com\/no\/wp-json\/wp\/v2\/tags?post=105747"}],"curies":[{"name":"wp","href":"https:\/\/api.w.org\/{rel}","templated":true}]}}