{"id":105750,"date":"2025-12-06T12:00:46","date_gmt":"2025-12-06T12:00:46","guid":{"rendered":"https:\/\/www.europesays.com\/no\/105750\/"},"modified":"2025-12-06T12:00:46","modified_gmt":"2025-12-06T12:00:46","slug":"stjernearkitekt-frank-gehry-96-er-dod","status":"publish","type":"post","link":"https:\/\/www.europesays.com\/no\/105750\/","title":{"rendered":"Stjernearkitekt Frank Gehry (96) er d\u00f8d"},"content":{"rendered":"<p>  Den amerikanske arkitekten Frank Gehry, som designet Guggenheim-museet i Bilbao, er d\u00f8d. Han ble 96 \u00e5r gammel.<\/p>\n<p>\n    Arkitekt Frank Gehry d\u00f8de fredag, 96 \u00e5r gammel. Arkivfoto: Richard Vogel \/ AP \/ NTB\n  <\/p>\n<p>\u2013 Frank Gehry d\u00f8de tidligere i dag hjemme i Santa Monica etter kortvarig luftveissykdom, skriver hans stabssjef Meaghan Lloyd i en epost til Reuters.<\/p>\n<p>          <img loading=\"lazy\" decoding=\"async\" src=\"https:\/\/www.europesays.com\/no\/wp-content\/uploads\/2025\/12\/83946627.webp\" width=\"980\" height=\"559\" title=\"Guggenheim-museet i Bilbao, designet av Frank Gehry. Museet ble \u00e5pnet i 1997 og regnes som det viktigste arkitekturverket siden 1980. Gehry d\u00f8de fredag, 96 \u00e5r gammel. Foto: AP \/ NTB\" alt=\"\" class=\"\" style=\"--aspect-ratio-image: 1.75; \"\/><\/p>\n<p>\n          Guggenheim-museet i Bilbao, designet av Frank Gehry. Museet ble \u00e5pnet i 1997 og regnes som det viktigste arkitekturverket siden 1980. Gehry d\u00f8de fredag, 96 \u00e5r gammel. Foto: AP \/ NTB\n      <\/p>\n<p>Guggenheim-museet i Bilbao i Spania, med skjeve t\u00e5rn og svevende ark av buet metall, gjorde Gehry til en superstjerne i arkitektverdenen. I 2010 ble museet k\u00e5ret til det viktigste arkitekturverket siden 1980.<\/p>\n<p>Blant andre kjente bygninger er Walt Disney Concert Hall i Los Angeles, Dancing House i Praha og boligt\u00e5rnet 8 Spruce i New York.<\/p>\n","protected":false},"excerpt":{"rendered":"Den amerikanske arkitekten Frank Gehry, som designet Guggenheim-museet i Bilbao, er d\u00f8d. Han ble 96 \u00e5r gammel. Arkitekt&hellip;\n","protected":false},"author":2,"featured_media":105751,"comment_status":"","ping_status":"","sticky":false,"template":"","format":"standard","meta":{"footnotes":""},"categories":[12],"tags":[20,21,24,25,15,22,23,13,30,28,29,14,16,26,27,42,43,44,45],"class_list":{"0":"post-105750","1":"post","2":"type-post","3":"status-publish","4":"format-standard","5":"has-post-thumbnail","7":"category-verden","8":"tag-breaking-news","9":"tag-breakingnews","10":"tag-featured-news","11":"tag-featurednews","12":"tag-headlines","13":"tag-latest-news","14":"tag-latestnews","15":"tag-news","16":"tag-no","17":"tag-norge","18":"tag-norway","19":"tag-nyheter","20":"tag-overskrifter","21":"tag-top-stories","22":"tag-topstories","23":"tag-verden","24":"tag-world","25":"tag-world-news","26":"tag-worldnews"},"share_on_mastodon":{"url":"https:\/\/pubeurope.com\/@no\/115672516274155050","error":""},"_links":{"self":[{"href":"https:\/\/www.europesays.com\/no\/wp-json\/wp\/v2\/posts\/105750","targetHints":{"allow":["GET"]}}],"collection":[{"href":"https:\/\/www.europesays.com\/no\/wp-json\/wp\/v2\/posts"}],"about":[{"href":"https:\/\/www.europesays.com\/no\/wp-json\/wp\/v2\/types\/post"}],"author":[{"embeddable":true,"href":"https:\/\/www.europesays.com\/no\/wp-json\/wp\/v2\/users\/2"}],"replies":[{"embeddable":true,"href":"https:\/\/www.europesays.com\/no\/wp-json\/wp\/v2\/comments?post=105750"}],"version-history":[{"count":0,"href":"https:\/\/www.europesays.com\/no\/wp-json\/wp\/v2\/posts\/105750\/revisions"}],"wp:featuredmedia":[{"embeddable":true,"href":"https:\/\/www.europesays.com\/no\/wp-json\/wp\/v2\/media\/105751"}],"wp:attachment":[{"href":"https:\/\/www.europesays.com\/no\/wp-json\/wp\/v2\/media?parent=105750"}],"wp:term":[{"taxonomy":"category","embeddable":true,"href":"https:\/\/www.europesays.com\/no\/wp-json\/wp\/v2\/categories?post=105750"},{"taxonomy":"post_tag","embeddable":true,"href":"https:\/\/www.europesays.com\/no\/wp-json\/wp\/v2\/tags?post=105750"}],"curies":[{"name":"wp","href":"https:\/\/api.w.org\/{rel}","templated":true}]}}