{"id":105756,"date":"2025-12-06T12:04:08","date_gmt":"2025-12-06T12:04:08","guid":{"rendered":"https:\/\/www.europesays.com\/no\/105756\/"},"modified":"2025-12-06T12:04:08","modified_gmt":"2025-12-06T12:04:08","slug":"lillestrom-sk-cupfinalen-2025-startet-dagen-pa-pub-atte-timer-for-kampstart-det-blir-full-fest-romerikes-blad","status":"publish","type":"post","link":"https:\/\/www.europesays.com\/no\/105756\/","title":{"rendered":"Lillestr\u00f8m SK, Cupfinalen 2025 | Startet dagen p\u00e5 pub \u00e5tte timer f\u00f8r kampstart: \u2013 Det blir full fest &#8211; Romerikes Blad"},"content":{"rendered":"<ol>\n<li><a href=\"https:\/\/news.google.com\/rss\/articles\/CBMingFBVV95cUxPLUdSMF8tQ1FqV2F4ZWszZXZlN2RWOG41WFZJQ0phbzd0QXJ1NVFvSjcwZHhCX1RYLTgybjhLY2Iwb3M3TmJyQ0dNR01YQ3RRRm5HaElEcEZHbTV6VXJ0bW5ySmo1ek4tV3JFZUpWZ3VWMTN5dEZoeld0NkEwZkFIb2FuZnNMOC1aQXFtN2hpcEJpRk5WVTF4SHJNenZLUQ?oc=5\" target=\"_blank\" rel=\"nofollow noopener\">Lillestr\u00f8m SK, Cupfinalen 2025 | Startet dagen p\u00e5 pub \u00e5tte timer f\u00f8r kampstart: \u2013 Det blir full fest<\/a>&nbsp;&nbsp;Romerikes Blad<\/li>\n<li><a href=\"https:\/\/news.google.com\/rss\/articles\/CBMitAFBVV95cUxPSzkwZ18yNGp3WU15d0dWTDNtT1d3Q0lONXFqZ2ZlN2UtTjAwOUllbFhvTWxsZFIxUzNqZjBQU3VmOU5qRmw2czhGVkRNa2FlODVCVUFNVkowV3RBTWw5N2E2NWlMN1R1ZkpfUlNiNHRWZFotUW5IcXp1SkpRQ2dOdzFhWC1xVEdlSU5TT2VYcnlwa0YyQXlnOFBiVWFudHM2bF9oQzRvVXZfTER2eG8yME8tYms?oc=5\" target=\"_blank\" rel=\"nofollow noopener\">Sarpsborg 08-supportere grillet \u00abkanarifugler\u00bb f\u00f8r cupfinalen mot Lillestr\u00f8m<\/a>&nbsp;&nbsp;NRK<\/li>\n<li><a href=\"https:\/\/news.google.com\/rss\/articles\/CBMijAFBVV95cUxPSnRkaTlQNTJuZXpnclNMM015Y1RvaElYanVicVo3S1NNdl9hOTkyVkNvUWw1NGJxR0NNRFVtWU1TcDdBdk1nSlBWMkhvVVBUZkZBVEtGSzdkUWp2YVhKbk03dEFoc2Y0Q2VpT1dTckk4dGlLaldkZ1FvY0lTUkF2Z0hrRklUZnc1S3BzWg?oc=5\" target=\"_blank\" rel=\"nofollow noopener\">Vi f\u00f8lger cupfinalen: Jakten p\u00e5 cuptittel nummer sju<\/a>&nbsp;&nbsp;Romerikes Blad<\/li>\n<li><a href=\"https:\/\/news.google.com\/rss\/articles\/CBMijwFBVV95cUxQQU1PSzVES0NlTDRXV0UzdkpaaHFjN2xhQklUaXh2bXJ3Q1MteEtaSEtlc2syUmJvTWZzWUEwYWM0YTU3Y0psODNIYnZVN2lBZjVxLWRPSTUwbEM4S3hqZHhEUk1aRm9sR3RWcm1CeTBFaGwzVzFRSmVGaGZWc0lENHYySlF3VTNld0RsQ3Nkcw?oc=5\" target=\"_blank\" rel=\"nofollow noopener\">Folkefest f\u00f8r cupfinalen: Sarpsborg 08 samlet tusenvis<\/a>&nbsp;&nbsp;Sarpsborg Arbeiderblad<\/li>\n<li><a href=\"https:\/\/news.google.com\/rss\/articles\/CBMidkFVX3lxTE81YkdIOEdfdnpLSDBqcWYxcmlrQ05YLVExb01xY3VVVUZZYkdRRmwtU0E5SHh1czJYcEV0R1JNcUF6M0tUU3hSelZPb3BkYnZjN2EzZE9UV3p6cy1aeDBZRk50RDViUVRMQ2FaUlBzVU5neHhvWEE?oc=5\" target=\"_blank\" rel=\"nofollow noopener\">Dette skjer i dag<\/a>&nbsp;&nbsp;adressa.no<\/li>\n<\/ol>\n","protected":false},"excerpt":{"rendered":"Lillestr\u00f8m SK, Cupfinalen 2025 | Startet dagen p\u00e5 pub \u00e5tte timer f\u00f8r kampstart: \u2013 Det blir full fest&nbsp;&nbsp;Romerikes&hellip;\n","protected":false},"author":2,"featured_media":7393,"comment_status":"","ping_status":"","sticky":false,"template":"","format":"standard","meta":{"footnotes":""},"categories":[59],"tags":[30,28,29,83,82],"class_list":{"0":"post-105756","1":"post","2":"type-post","3":"status-publish","4":"format-standard","5":"has-post-thumbnail","7":"category-sport","8":"tag-no","9":"tag-norge","10":"tag-norway","11":"tag-sport","12":"tag-sports"},"share_on_mastodon":{"url":"https:\/\/pubeurope.com\/@no\/115672531785888650","error":""},"_links":{"self":[{"href":"https:\/\/www.europesays.com\/no\/wp-json\/wp\/v2\/posts\/105756","targetHints":{"allow":["GET"]}}],"collection":[{"href":"https:\/\/www.europesays.com\/no\/wp-json\/wp\/v2\/posts"}],"about":[{"href":"https:\/\/www.europesays.com\/no\/wp-json\/wp\/v2\/types\/post"}],"author":[{"embeddable":true,"href":"https:\/\/www.europesays.com\/no\/wp-json\/wp\/v2\/users\/2"}],"replies":[{"embeddable":true,"href":"https:\/\/www.europesays.com\/no\/wp-json\/wp\/v2\/comments?post=105756"}],"version-history":[{"count":0,"href":"https:\/\/www.europesays.com\/no\/wp-json\/wp\/v2\/posts\/105756\/revisions"}],"wp:featuredmedia":[{"embeddable":true,"href":"https:\/\/www.europesays.com\/no\/wp-json\/wp\/v2\/media\/7393"}],"wp:attachment":[{"href":"https:\/\/www.europesays.com\/no\/wp-json\/wp\/v2\/media?parent=105756"}],"wp:term":[{"taxonomy":"category","embeddable":true,"href":"https:\/\/www.europesays.com\/no\/wp-json\/wp\/v2\/categories?post=105756"},{"taxonomy":"post_tag","embeddable":true,"href":"https:\/\/www.europesays.com\/no\/wp-json\/wp\/v2\/tags?post=105756"}],"curies":[{"name":"wp","href":"https:\/\/api.w.org\/{rel}","templated":true}]}}