{"id":105757,"date":"2025-12-06T12:08:11","date_gmt":"2025-12-06T12:08:11","guid":{"rendered":"https:\/\/www.europesays.com\/no\/105757\/"},"modified":"2025-12-06T12:08:11","modified_gmt":"2025-12-06T12:08:11","slug":"fredly-laster-opp-kjoper-aksjer-pa-billigsalg","status":"publish","type":"post","link":"https:\/\/www.europesays.com\/no\/105757\/","title":{"rendered":"Fredly laster opp: Kj\u00f8per aksjer p\u00e5 billigsalg"},"content":{"rendered":"<p>Like f\u00f8r lunsj fredag ble det gjort en merkverdig blokkhandel Oslo B\u00f8rs, da 8,73 millioner aksjer i industriselskapet Eqva skiftet hender.\u00a0<\/p>\n<p>Handelen ble gjort til en kurs p\u00e5 kun 2,60 kroner pr. aksje \u2013 en rabatt p\u00e5 hele 40 prosent sammenlignet med dav\u00e6rende aksjekurs p\u00e5 4,30 kroner.<\/p>\n<p>Det ble raskt kjent gjennom en b\u00f8rsmelding at selgeren var Nintor AS, som t\u00f8mte hele sin beholdning.\u00a0<\/p>\n<p><b>Kort tid etterp\u00e5 meldte selskapet at Fredlys investeringsselskap, Apollo Asset Limited, plukket opp 4,3 millioner av aksjene i nedsalget.<\/b><\/p>\n<p>Fredly eier dermed 5,17 prosent av Eqva etter kj\u00f8pet.<\/p>\n<p>Aksjen faller markant fredag etter transaksjonen ble kjent. I tolv-tiden er Eqva ned 14 prosent til 3,68 kroner.\u00a0<\/p>\n","protected":false},"excerpt":{"rendered":"Like f\u00f8r lunsj fredag ble det gjort en merkverdig blokkhandel Oslo B\u00f8rs, da 8,73 millioner aksjer i industriselskapet&hellip;\n","protected":false},"author":2,"featured_media":105758,"comment_status":"","ping_status":"","sticky":false,"template":"","format":"standard","meta":{"footnotes":""},"categories":[56],"tags":[60,61,62,30,28,29],"class_list":{"0":"post-105757","1":"post","2":"type-post","3":"status-publish","4":"format-standard","5":"has-post-thumbnail","7":"category-naeringsliv","8":"tag-business","9":"tag-economy","10":"tag-naeringsliv","11":"tag-no","12":"tag-norge","13":"tag-norway"},"share_on_mastodon":{"url":"https:\/\/pubeurope.com\/@no\/115672547524978201","error":""},"_links":{"self":[{"href":"https:\/\/www.europesays.com\/no\/wp-json\/wp\/v2\/posts\/105757","targetHints":{"allow":["GET"]}}],"collection":[{"href":"https:\/\/www.europesays.com\/no\/wp-json\/wp\/v2\/posts"}],"about":[{"href":"https:\/\/www.europesays.com\/no\/wp-json\/wp\/v2\/types\/post"}],"author":[{"embeddable":true,"href":"https:\/\/www.europesays.com\/no\/wp-json\/wp\/v2\/users\/2"}],"replies":[{"embeddable":true,"href":"https:\/\/www.europesays.com\/no\/wp-json\/wp\/v2\/comments?post=105757"}],"version-history":[{"count":0,"href":"https:\/\/www.europesays.com\/no\/wp-json\/wp\/v2\/posts\/105757\/revisions"}],"wp:featuredmedia":[{"embeddable":true,"href":"https:\/\/www.europesays.com\/no\/wp-json\/wp\/v2\/media\/105758"}],"wp:attachment":[{"href":"https:\/\/www.europesays.com\/no\/wp-json\/wp\/v2\/media?parent=105757"}],"wp:term":[{"taxonomy":"category","embeddable":true,"href":"https:\/\/www.europesays.com\/no\/wp-json\/wp\/v2\/categories?post=105757"},{"taxonomy":"post_tag","embeddable":true,"href":"https:\/\/www.europesays.com\/no\/wp-json\/wp\/v2\/tags?post=105757"}],"curies":[{"name":"wp","href":"https:\/\/api.w.org\/{rel}","templated":true}]}}