{"id":105759,"date":"2025-12-06T12:10:08","date_gmt":"2025-12-06T12:10:08","guid":{"rendered":"https:\/\/www.europesays.com\/no\/105759\/"},"modified":"2025-12-06T12:10:08","modified_gmt":"2025-12-06T12:10:08","slug":"kan-hoyre-fa-kalde-fotter-ytring","status":"publish","type":"post","link":"https:\/\/www.europesays.com\/no\/105759\/","title":{"rendered":"Kan H\u00f8yre f\u00e5 kalde f\u00f8tter? \u2013 Ytring"},"content":{"rendered":"<p>Selv om H\u00f8yres valgkomite manglet noen brikker, virket<a href=\"https:\/\/www.nrk.no\/norge\/kilder-til-nrk_-asheim-og-svenneby-ser-ut-til-a-bli-hoyre-nestledere-1.17680582\" ec-id=\"pp:article:1.17680582\" ec-name=\"lederkabalen \u00e5 v\u00e6re ganske klar\" rel=\"nofollow noopener\" target=\"_blank\"> lederkabalen \u00e5 v\u00e6re ganske klar <\/a>fredag morgen. Ine Eriksen S\u00f8reide er s\u00e5 selvskreven som partileder at det knapt nevnes. Det var hakket mer overraskende at Henrik Asheim og Ola Svenneby kan bli nye nestledere.<\/p>\n<p>Sp\u00f8rsm\u00e5let er om partiet f\u00e5r kalde f\u00f8tter. For hva skjedde med favoritten Peter Fr\u00f8lich? Kaster man vrak p\u00e5 talenter som Sandra Bruflot? Og ikke minst: Kan partiet leve med en ledelse der alle tre bor langs T-banelinja i Oslo?<\/p>\n<p>Svaret vil henge i lufta noen dager til.<\/p>\n<p>\u00c5 bli likt er ikke det samme som \u00e5 bli valgt<\/p>\n<p>Og det er en grunn til at partiet m\u00e5 bry seg om mer enn hvem som klappes inn som ny leder.<\/p>\n<p><strong>Ine Eriksen S\u00f8reide <\/strong>har den misunnelsesverdige egenskapen at hun er likt av alle. Til dags dato har jeg aldri h\u00f8rt et skjevt ord om henne, ikke engang i H\u00f8yre. <\/p>\n<p>(Det er som kjent i eget parti man har fiender, i andre partier er de konkurrenter og mye snillere med hverandre).<\/p>\n<p>Man skulle tro det var et perfekt utgangspunkt for en politiker, men s\u00e5 vel er det ikke. For det er slettes ingen sammenheng mellom \u00e5 like en politiker og stemme p\u00e5 en politiker. <\/p>\n<p>Det m\u00e5 helst v\u00e6re litt \u00abtyggemotstand\u00bb som snakker til f\u00f8lelsene. Derfor gj\u00f8r mer splittende partiledere, som Sylvi Listhaug og Trygve Slagsvold Vedum, det tidvis sv\u00e6rt godt.<\/p>\n<p><strong>Om S\u00f8reide vil bli en stemmesanker, ikke bare en dyktig og respektert partileder, er for tidlig \u00e5 si. <\/strong><\/p>\n<p>Derfor er det viktig for H\u00f8yre \u00e5 fylle p\u00e5 med kandidater med spissere profil. <\/p>\n<p>Gi mannen en jobb<\/p>\n<p>Partiet ligger an til \u00e5 gj\u00f8re b\u00e5de et dristig og nesten uunng\u00e5elig grep dersom de setter inn Unge H\u00f8yre-leder<strong> Ola Svenneby <\/strong>som nestleder. Dristig fordi Svenneby er ung, mangler b\u00e5de arbeids- og folkevalgt erfaring og suser forbi erfarne kandidater som har g\u00e5tt gradene i partiet. <\/p>\n<p>Uunng\u00e5elig fordi Svenneby blir regnet som norsk politikks st\u00f8rste talent, har vist b\u00e5de mot og evne til nytenkning, og det ville fort blitt ramaskrik i partiet dersom han ikke ble satset p\u00e5.<\/p>\n<p>Bedre p\u00e5 Lviv enn Levanger<\/p>\n<p>Det samme gjelder bergenseren <strong>Peter Fr\u00f8lich<\/strong>. Han kunne sannsynligvis blitt nestleder, men etter hva vi forst\u00e5r vil han selv heller bli ny leder i forsvars- og utenrikskomiteen. Fr\u00f8lich er s\u00e6rlig kjent for sitt Ukraina-engasjement, s\u00e5 jobben passer ham bedre enn \u00abpartikaninrollen\u00bb en nestleder gjerne f\u00e5r.<\/p>\n<p>Som nestleder m\u00e5 man forsvare alt det dumme partiet kan tenkes \u00e5 finne p\u00e5, og diskutere alt fra fiskerikvoter til SFO-priser i Dagsnytt18. Bonusen er at man f\u00e5r bruke kvelder og helger p\u00e5 \u00e5 bes\u00f8ke L\u00f8renskog, Levanger og Loppa H\u00f8yre. <\/p>\n<p>En ikke spesielt dristig antakelse er at Fr\u00f8lich foretrekker Kyiv, Brussel og Washington ti av ti ganger. <\/p>\n<p><strong>Men noen m\u00e5 bes\u00f8ke Loppa ogs\u00e5!<\/strong><\/p>\n<p>Utakk er verdens (og politikkens) l\u00f8nn<\/p>\n<p>Partiets nestleder <strong>Henrik Asheim <\/strong>var farlig n\u00e6r \u00e5 ryke med i dragsuget etter Erna Solberg i partiets skrik etter fornyelse. Som nestleder har Asheim tatt sm\u00e5tt og stort av debatter, steppet inn for partilederen og reist landet rundt. <\/p>\n<p>Takken er at han fikk stempelet som lojal, profill\u00f8s og en del av det gamle. <\/p>\n<p>Etter litt besinnelse ser det ut til at de sterke kvalitetene til H\u00f8yre-nestlederen, som allsidighet, debattstyrke og hum\u00f8r, likevel gj\u00f8r at han fortsatt kan f\u00e5 tillit i partiledelsen.<\/p>\n<p>For det er alltid en fare for \u00e5 forberede seg p\u00e5 g\u00e5rsdagens kamper. I H\u00f8yre har det v\u00e6rt et rop etter tydelige og konservative profiler som kan utfordre Frp. B\u00e5de Svenneby og Fr\u00f8lich har begge v\u00e6rt markante m\u00f8rkebl\u00e5 stemmer p\u00e5 saker som omhandler kuler, krutt og skattekutt. Og innvandring. <\/p>\n<p><strong>N\u00e5 pr\u00f8ver i tillegg alle \u00e5 p\u00e5berope seg \u00e5 v\u00e6re systemkritikere &#8211; et nyord H\u00f8yre har trukket til sitt bryst.<\/strong><\/p>\n<p>Barnet ut med badevannet<\/p>\n<p>Helt glemt virker det \u00e5 v\u00e6re at H\u00f8yre igjen kan bli et bredt parti som tar mange lysebl\u00e5 sentrumsvelgere. For den politiske vinden har n\u00e5 en gang en tendens til \u00e5 snu. Ogs\u00e5 den bl\u00e5. <\/p>\n<p>N\u00e5 klarer sikkert b\u00e5de Fr\u00f8lich og Svenneby \u00e5 fornye b\u00e5de seg og H\u00f8yre, men partiet trenger bredde. B\u00e5de avtroppende nestleder <strong>Tina Bru <\/strong>og <strong>Sandra Bruflot<\/strong> har i tillegg til \u00e5 gi det lyselysebl\u00e5 H\u00f8yre et ansikt, snakket om andre og til dels mykere saker enn \u00abgutta krutt og skattekutt\u00bb.<\/p>\n<p><img decoding=\"async\"   src=\"data:image\/gif;base64,R0lGODlhAQABAIAAAAAAAP\/\/\/yH5BAEAAAAALAAAAAABAAEAAAIBRAA7\" loading=\"eager\" alt=\"en gruppe mennesker i uniform (Bildebeskrivelsen er laget av en KI-tjeneste)\" title=\"Foto: Gorm Kallestad \/ NTB\"\/><\/p>\n<p class=\"\">H\u00f8yre har hatt en lang rekke mulige arvtakere. N\u00e5 ser det ut til at b\u00e5de Henrik Asheim (til venstre) og Peter Fr\u00f8lich (i midten) blir viktige i den nye partiledelsen. De mer lysebl\u00e5 Tina Bru og sandra Bruflot er sannsynligvis p\u00e5 vei ut.<\/p>\n<p>Foto: Gorm Kallestad \/ NTB<\/p>\n<p>Det \u00e5pne, og tilsynelatende ul\u00f8ste sp\u00f8rsm\u00e5let er hvordan H\u00f8yre skal bli et parti for og av hele landet. Da holder det ikke \u00e5 ta en tur til Loppa iblant, men ha en grunnleggende forst\u00e5else for hvordan landet ser ut. <\/p>\n<p><strong>For H\u00f8yre er det viktigere enn p\u00e5 lenge \u00e5 skj\u00f8nne at det handler om mer enn postnummer, men heller om hvor man f\u00e5r impulsene sine fra.<\/strong><\/p>\n<p>For en tydelig kritikk mot H\u00f8yre-ledelsen som mange har snakket om, men som f\u00e5 har sagt h\u00f8yt, har handlet om at de har v\u00e6rt for like og heller ikke klart \u00e5 utfordre Erna Solbergs dominans.<\/p>\n<p>Uansett hvor dyktige politikere man er, er det lett \u00e5 ende opp som et ekkokammer dersom man jobber tett sammen, h\u00f8rer p\u00e5 de samme podkastene, beveger seg i de samme kretsene og g\u00e5r p\u00e5 de samme festene.<\/p>\n<p>H\u00f8yres utfordring blir \u00e5 f\u00e5 p\u00e5 plass en partiledelse som virkelig rommer og forst\u00e5r dette, og ikke ender opp med \u00e5 l\u00f8se dette med et slags distriktsalibi.<\/p>\n<p><strong>For dette handler om langt mer enn \u00e5 bare finne en passende krok til noen fra nord.<\/strong><\/p>\n<p>Publisert<\/p>\n<p>06.12.2025, kl. 12.41<\/p>\n","protected":false},"excerpt":{"rendered":"Selv om H\u00f8yres valgkomite manglet noen brikker, virket lederkabalen \u00e5 v\u00e6re ganske klar fredag morgen. Ine Eriksen S\u00f8reide&hellip;\n","protected":false},"author":2,"featured_media":105760,"comment_status":"","ping_status":"","sticky":false,"template":"","format":"standard","meta":{"footnotes":""},"categories":[10],"tags":[20,21,24,25,15,22,23,13,30,28,29,14,16,26,27],"class_list":{"0":"post-105759","1":"post","2":"type-post","3":"status-publish","4":"format-standard","5":"has-post-thumbnail","7":"category-norge","8":"tag-breaking-news","9":"tag-breakingnews","10":"tag-featured-news","11":"tag-featurednews","12":"tag-headlines","13":"tag-latest-news","14":"tag-latestnews","15":"tag-news","16":"tag-no","17":"tag-norge","18":"tag-norway","19":"tag-nyheter","20":"tag-overskrifter","21":"tag-top-stories","22":"tag-topstories"},"share_on_mastodon":{"url":"https:\/\/pubeurope.com\/@no\/115672555844887369","error":""},"_links":{"self":[{"href":"https:\/\/www.europesays.com\/no\/wp-json\/wp\/v2\/posts\/105759","targetHints":{"allow":["GET"]}}],"collection":[{"href":"https:\/\/www.europesays.com\/no\/wp-json\/wp\/v2\/posts"}],"about":[{"href":"https:\/\/www.europesays.com\/no\/wp-json\/wp\/v2\/types\/post"}],"author":[{"embeddable":true,"href":"https:\/\/www.europesays.com\/no\/wp-json\/wp\/v2\/users\/2"}],"replies":[{"embeddable":true,"href":"https:\/\/www.europesays.com\/no\/wp-json\/wp\/v2\/comments?post=105759"}],"version-history":[{"count":0,"href":"https:\/\/www.europesays.com\/no\/wp-json\/wp\/v2\/posts\/105759\/revisions"}],"wp:featuredmedia":[{"embeddable":true,"href":"https:\/\/www.europesays.com\/no\/wp-json\/wp\/v2\/media\/105760"}],"wp:attachment":[{"href":"https:\/\/www.europesays.com\/no\/wp-json\/wp\/v2\/media?parent=105759"}],"wp:term":[{"taxonomy":"category","embeddable":true,"href":"https:\/\/www.europesays.com\/no\/wp-json\/wp\/v2\/categories?post=105759"},{"taxonomy":"post_tag","embeddable":true,"href":"https:\/\/www.europesays.com\/no\/wp-json\/wp\/v2\/tags?post=105759"}],"curies":[{"name":"wp","href":"https:\/\/api.w.org\/{rel}","templated":true}]}}