{"id":105763,"date":"2025-12-06T12:12:13","date_gmt":"2025-12-06T12:12:13","guid":{"rendered":"https:\/\/www.europesays.com\/no\/105763\/"},"modified":"2025-12-06T12:12:13","modified_gmt":"2025-12-06T12:12:13","slug":"nektes-feiring-av-klaebo","status":"publish","type":"post","link":"https:\/\/www.europesays.com\/no\/105763\/","title":{"rendered":"\u00abNektes\u00bb feiring av Kl\u00e6bo"},"content":{"rendered":"<p>Nedtur, nedtur og atter nedtur. Slik har de siste sesongene v\u00e6rt for verdensmesteren p\u00e5 femmil fra 2021, Emil Iversen.\u00a0<\/p>\n<p>Iversen hadde ikke st\u00e5tt p\u00e5 pallen i verdenscup p\u00e5 fem \u00e5r f\u00f8r l\u00f8pet i Gran\u00e5sen. Der smalt han til med en tredjeplass.<\/p>\n<p>I m\u00e5lomr\u00e5det m\u00e5tte Iversen sette seg ned og felle noen gledest\u00e5rer, f\u00f8r han fikk en klem av dagens vinner, Johannes H\u00f8sflot Kl\u00e6bo.\u00a0<\/p>\n<p>&#8211; Det er sykt. Jeg skj\u00f8nner ingen verdens ting. Dere ser kanskje at jeg er glad, sier Iversen til Dagbladet.\u00a0<\/p>\n<p>Han forteller om hardt arbeid for \u00e5 komme tilbake p\u00e5 toppniv\u00e5.<\/p>\n<p>&#8211; Folk som har v\u00e6rt tett p\u00e5 meg, vet at det har v\u00e6rt t\u00f8ffe \u00e5r. Det har g\u00e5tt til helvete siden VM i Oberstdorf. Men jeg bestemte meg for \u00e5 gi det en siste sjanse.<\/p>\n<p>&#8211; Hvor viktig har Johannes v\u00e6rt oppi dette?<\/p>\n<p>&#8211; Det er det som er litt trist oppi dette, at han f\u00e5r 99,9 prosent av \u00e6ren og 0,1 til meg, sier Iversen fleipete.<\/p>\n<p>&#8211; Det hadde ikke v\u00e6rt mulig uten ham, men det er mange andre det ikke hadde v\u00e6rt mulgi uten heller, fortsetter han.\u00a0<\/p>\n<p>          <img loading=\"lazy\" decoding=\"async\" src=\"https:\/\/www.europesays.com\/no\/wp-content\/uploads\/2025\/12\/83947680.webp\" width=\"980\" height=\"559\" title=\"PALLGLISET: Iversen kunne glise sammen med Harald \u00d8stberg Amundsen og Johannes H\u00f8sflot Kl\u00e6bo. Foto: Geir Olsen\/NTB.\" alt=\"\" class=\"\" style=\"--aspect-ratio-image: 1.75; \"\/><\/p>\n<p>\n          PALLGLISET: Iversen kunne glise sammen med Harald \u00d8stberg Amundsen og Johannes H\u00f8sflot Kl\u00e6bo. Foto: Geir Olsen\/NTB.\n      <\/p>\n<p>Etter \u00e5 ha blitt vraket til sesong\u00e5pningen i Ruka var Iversen skuffet og sint. Da klinte han til med seier p\u00e5 10 kilometer fri p\u00e5 G\u00e5l\u00e5.<\/p>\n<p> &#8211; N\u00e5 kommer de ikke utenom meg, sa han til Direktesport etter seieren.\u00a0<\/p>\n<p>Dermed fikk han muligheten i Trondheim, og den tok han.\u00a0<\/p>\n<p>          <img loading=\"lazy\" decoding=\"async\" src=\"https:\/\/www.europesays.com\/no\/wp-content\/uploads\/2025\/12\/83947654.webp\" width=\"980\" height=\"559\" title=\"VANT IGJEN: Johannes H\u00f8sflot Kl\u00e6bo gikk igjen til topps. Foto: NTB\" alt=\"\" class=\"\" style=\"--aspect-ratio-image: 1.75; \"\/><\/p>\n<p>\n          VANT IGJEN: Johannes H\u00f8sflot Kl\u00e6bo gikk igjen til topps. Foto: NTB\n      <\/p>\n<p>&#8211; Han f\u00e5r ikke feire\t<\/p>\n<p> Dagens vinner, Johannes H\u00f8sflot Kl\u00e6bo, har trent med Iversen denne h\u00f8sten. Han er glad p\u00e5 kompisens vegne.\u00a0<\/p>\n<p>&#8211; Jeg er mer glad for Emils tredjeplass enn min seier i dag. Han har lagt ned en enorm innsats det siste \u00e5ret, og jeg har f\u00e5tt v\u00e6re med p\u00e5 den reisen og hatt han med p\u00e5 tur i nesten 60 d\u00f8gn. Vi har trent sammen, og delt oppturer og nedturer, sier Kl\u00e6bo til Dagbladet.\u00a0<\/p>\n<p>F\u00f8r rennene p\u00e5 Beitost\u00f8len i november, sa Kl\u00e6bo at han kunne bli genierkl\u00e6rt dersom Iversen leverte. N\u00e5 mener 29-\u00e5ringen at han n\u00e6rmer seg et genistempel.<\/p>\n<p>&#8211; Det begynner \u00e5 se lovende ut. Det kan bli en ordentlig\u00a0\u00abside hustle\u00bb for meg. Han er et pr\u00f8veprosjekt, og jeg har fakturert veldig lite, men det kan hende jeg fakturerer mer neste \u00e5r, sier Kl\u00e6bo.\u00a0<\/p>\n<p>&#8211; Nei da, jeg skal ikke ha mye av \u00e6ren. Han har lagt ned jobben selv. Vi har kost oss, og det har v\u00e6rt artig for min del og.\u00a0<\/p>\n<p>Kl\u00e6bo mener kompisen n\u00e5 er OL-aktuell.<\/p>\n<p>&#8211; Mulighetene er der, definitivt. Han er p\u00e5 pallen i dag, og det er en brutalt kamp med \u00e5ttedobbelt norsk. Folk er villige til \u00e5 d\u00f8 i l\u00f8ypene der.<\/p>\n<p>Han forteller at Iversen ville feire tredjeplassen.<\/p>\n<p>&#8211; Han sa at\u00a0\u00abi dag skal jeg feire\u00bb, men da sa jeg nei.\u00a0Vi skal holde det nede i dag om han skal klare den OL-plassen, sier Kl\u00e6bo med et smil.\u00a0<\/p>\n<p>&#8211; Han har jobbet sykt bra\t<\/p>\n<p>Ogs\u00e5 Iversens bror og trener, Mats, var i t\u00e5rer etter pallplassen.<\/p>\n<p>&#8211; Det har v\u00e6rt mye motgang og han har jobbet sykt bra i mange \u00e5r, sier broren til NRK.\u00a0<\/p>\n<p>Harald \u00d8stberg Amundsen ble nummer to. Han var glad p\u00e5 Iversens vegne.\u00a0<\/p>\n<p>&#8211; Han begynner \u00e5 ligne gode, gamle Emil. Han har nok gjort veldig mye riktig det siste \u00e5ret, sier andremann til Dagbladet.\u00a0<\/p>\n<p class=\"italic m-italic\" data-lab-italic=\"italic\">&#8211; Var du overrasket over at han gr\u00e5t?<\/p>\n<p class=\"no_italic m-no_italic\" data-lab-italic=\"\">&#8211; Nei, Emil er en f\u00f8lelsesmann. Det unner jeg ham. Det skulle bare mangle at han slapp l\u00f8s litt f\u00f8lelser.\u00a0<\/p>\n<p>Kl\u00e6bos 101. verdenscupseier\t<\/p>\n<p>Landslagstrener Eirik Myhr Nossum sp\u00e5dde en massespurt p\u00e5 forh\u00e5nd, og landslagssjefen fikk rett i sin sp\u00e5dom. Der innfridde Johannes H\u00f8sflot Kl\u00e6bo favorittstemplet, og tok sin 101. verdenscupseier.\u00a0<\/p>\n<p>Norge stilte med tolv mann p\u00e5 startstreken til det som var et ekstremt viktig l\u00f8p for de med OL-ambisjoner. Dette var eneste skiathlon f\u00f8r OL i februar.\u00a0<\/p>\n<p>Det ble g\u00e5tt hardt fra start i Gran\u00e5sen, og allerede etter 4,1 kilometer begynte feltet \u00e5 strekke seg. Flere fors\u00f8kte \u00e5 g\u00e5 av Kl\u00e6bo og de andre spurterne underveis, men med 1,4 kilometer igjen tok tr\u00f8nderen fullstendig kontroll over feltet og bremset tempoet. Dermed fikk han det som han ville inn mot oppl\u00f8pet.<\/p>\n<p>Der var tr\u00f8nderen suveren, foran Harald \u00d8stberg Amundsen og Emil Iversen som tok de siste pallplassene.\u00a0<\/p>\n<p>Tok seier nummer 100 p\u00e5 fredag\t<\/p>\n<p>Fredag tok Kl\u00e6bo sin 100. verdenscupseier, da han vant sprinten p\u00e5 hjemmebane i Gran\u00e5sen. Ingen p\u00e5 herresiden har tidligere klart \u00e5 n\u00e5 det magiske tallet.\u00a0<\/p>\n<p>&#8211; Det finnes ikke en bedre plass \u00e5 gj\u00f8re det p\u00e5 enn her. Jeg har ikke spart p\u00e5 seieren med vilje, men skjebnen ville det slik. 100 henger h\u00f8yt, det gj\u00f8r det jo, 100-tallet er jo enormt, sa Kl\u00e6bo til Dagbladet etter bragden.<\/p>\n<p>        SENASJON: Det svenske supertalentet Alvar Myhlback reagerer p\u00e5 at NRK begynte \u00e5 snakke om stakefrie soner. Video: NRK, Schjesvold\/S\u00f8r\u00f8 Olsen\/Dagbladet TV-sporten<\/p>\n<p>Norge stilte med hele tolv l\u00f8pere p\u00e5 start l\u00f8rdag. I tillegg til Kl\u00e6bo, stod Martin L\u00f8wstr\u00f8m Nyenget, Harald \u00d8stberg Amundsen, Mattis Stenshagen, Andreas Fjorden Ree, Erik Valnes, Simen Hegstad Kr\u00fcger, Jan Thomas Jenssen, Iver Tildheim Andersen, Emil Iversen, Lars Heggen og Filip Skari p\u00e5 startstreken.<\/p>\n<p>Norge har sju kvoteplasser til OL. Dette kan potensielt bli utvidet til \u00e5tte.\u00a0<\/p>\n","protected":false},"excerpt":{"rendered":"Nedtur, nedtur og atter nedtur. Slik har de siste sesongene v\u00e6rt for verdensmesteren p\u00e5 femmil fra 2021, Emil&hellip;\n","protected":false},"author":2,"featured_media":105764,"comment_status":"","ping_status":"","sticky":false,"template":"","format":"standard","meta":{"footnotes":""},"categories":[59],"tags":[3647,711,398,30,28,29,83,82,12533],"class_list":{"0":"post-105763","1":"post","2":"type-post","3":"status-publish","4":"format-standard","5":"has-post-thumbnail","7":"category-sport","8":"tag-emil-iversen","9":"tag-johannes-hosflot-klaebo","10":"tag-langrenn","11":"tag-no","12":"tag-norge","13":"tag-norway","14":"tag-sport","15":"tag-sports","16":"tag-verdenscup"},"share_on_mastodon":{"url":"https:\/\/pubeurope.com\/@no\/115672563439477733","error":""},"_links":{"self":[{"href":"https:\/\/www.europesays.com\/no\/wp-json\/wp\/v2\/posts\/105763","targetHints":{"allow":["GET"]}}],"collection":[{"href":"https:\/\/www.europesays.com\/no\/wp-json\/wp\/v2\/posts"}],"about":[{"href":"https:\/\/www.europesays.com\/no\/wp-json\/wp\/v2\/types\/post"}],"author":[{"embeddable":true,"href":"https:\/\/www.europesays.com\/no\/wp-json\/wp\/v2\/users\/2"}],"replies":[{"embeddable":true,"href":"https:\/\/www.europesays.com\/no\/wp-json\/wp\/v2\/comments?post=105763"}],"version-history":[{"count":0,"href":"https:\/\/www.europesays.com\/no\/wp-json\/wp\/v2\/posts\/105763\/revisions"}],"wp:featuredmedia":[{"embeddable":true,"href":"https:\/\/www.europesays.com\/no\/wp-json\/wp\/v2\/media\/105764"}],"wp:attachment":[{"href":"https:\/\/www.europesays.com\/no\/wp-json\/wp\/v2\/media?parent=105763"}],"wp:term":[{"taxonomy":"category","embeddable":true,"href":"https:\/\/www.europesays.com\/no\/wp-json\/wp\/v2\/categories?post=105763"},{"taxonomy":"post_tag","embeddable":true,"href":"https:\/\/www.europesays.com\/no\/wp-json\/wp\/v2\/tags?post=105763"}],"curies":[{"name":"wp","href":"https:\/\/api.w.org\/{rel}","templated":true}]}}