{"id":105776,"date":"2025-12-06T12:26:43","date_gmt":"2025-12-06T12:26:43","guid":{"rendered":"https:\/\/www.europesays.com\/no\/105776\/"},"modified":"2025-12-06T12:26:43","modified_gmt":"2025-12-06T12:26:43","slug":"laksefiske-vefsna-vefsna-peker-seg-ut-i-et-svakt-ar-en-av-de-beste-sesongene-pa-lenge","status":"publish","type":"post","link":"https:\/\/www.europesays.com\/no\/105776\/","title":{"rendered":"Laksefiske, Vefsna | Vefsna peker seg ut i et svakt \u00e5r: \u2013 En av de beste sesongene p\u00e5 lenge"},"content":{"rendered":"\n<p>Vefsna, Ranaelva og Fusta hadde alle tydelig framgang, viser en ny rapport fra Norske Lakseelver. Opplysningene er basert p\u00e5 en pressemelding fra organisasjonen.<\/p>\n<p>Det ble totalt fanget rundt 89.400 laks i Norge i \u00e5r. Det er nesten 100.000 f\u00e6rre enn det niv\u00e5et Norske Lakseelver mener bestanden b\u00f8r ligge p\u00e5.<\/p>\n<p>\u2013 Dette er det nest d\u00e5rligste resultatet p\u00e5 ti \u00e5r, heter det i pressemeldingen.<\/p>\n<p>Vefsna med kraftig l\u00f8ft<\/p>\n<p>Vefsna trekkes fram som et av de mest positive unntakene i landet. Rapporten beskriver sesongen som solid, med god vannf\u00f8ring, jevn lakseoppgang og en tydelig \u00f8kning i sm\u00e5laks.<\/p>\n<p>Vefsna ble i en \u00e5rrekke hardt rammet av lakseparasitten Gyrodactylus salaris, som slo nesten ut hele laksebestanden. Elva m\u00e5tte behandles kjemisk for \u00e5 fjerne parasitten, noe som ogs\u00e5 tok livet av mye av det naturlige fiskelivet. Siden har bestanden v\u00e6rt under oppbygging med utsettinger og gradvis naturlig rekruttering. \u00c5rets tall viser at elva n\u00e5 er tydelig p\u00e5 vei tilbake.<\/p>\n<p>I alt ble det registrert 4.512 fiskere, noe som gj\u00f8r Vefsna til en av de mest bes\u00f8kte elvene i landsdelen. Det ble heller ikke rapportert st\u00f8rre problemer med pukkellaks. <\/p>\n<p>Ranaelva og Fusta p\u00e5 &laquo;opptur&raquo;<\/p>\n<p>Ranaelva omtales ogs\u00e5 som en \u00abtydelig opptur\u00bb, etter en sen, men kraftig lakseoppgang i august. Fangstene var gode, og aktiviteten normal.<\/p>\n<p>Fusta hadde en av sine beste sesonger p\u00e5 flere \u00e5r, med jevn vannf\u00f8ring og h\u00f8y aktivitet gjennom sommeren. Rundt 90 prosent av sesongen beskrives som god.<\/p>\n<p>Drevja hadde et gjennomsnittlig \u00e5r, preget av t\u00f8rre forhold p\u00e5 sensommeren. \u00c5bj\u00f8ra hadde gode fangster i perioder og stabil utvikling.<\/p>\n<p>Kritikk mot sj\u00f8laksefisket<\/p>\n<p>Norske Lakseelver mener situasjonen for villaksen er s\u00e5 alvorlig at sj\u00f8laksefisket burde v\u00e6rt stoppet.<\/p>\n<p>\u2013 Gitt dagens generelle situasjon for villaksen, mener vi dette er uansvarlig forvaltning, sier P\u00e5l Mugaas i pressemeldingen.<\/p>\n<p>Organisasjonen peker ogs\u00e5 p\u00e5 lakselus, r\u00f8mming og sykdom fra oppdrett som de st\u00f8rste utfordringene.<\/p>\n<p>\u2013 S\u00e5 lenge oppdrett foreg\u00e5r i \u00e5pne merder, kommer vi aldri til \u00e5 klare \u00e5 redde villaksen, sier Mugaas.<\/p>\n","protected":false},"excerpt":{"rendered":"Vefsna, Ranaelva og Fusta hadde alle tydelig framgang, viser en ny rapport fra Norske Lakseelver. Opplysningene er basert&hellip;\n","protected":false},"author":2,"featured_media":105777,"comment_status":"","ping_status":"","sticky":false,"template":"","format":"standard","meta":{"footnotes":""},"categories":[10],"tags":[36,20,21,24,25,15,5573,22,23,1744,13,30,28,29,14,16,1510,26,27,1203,13236],"class_list":{"0":"post-105776","1":"post","2":"type-post","3":"status-publish","4":"format-standard","5":"has-post-thumbnail","7":"category-norge","8":"tag-art","9":"tag-breaking-news","10":"tag-breakingnews","11":"tag-featured-news","12":"tag-featurednews","13":"tag-headlines","14":"tag-laksefiske","15":"tag-latest-news","16":"tag-latestnews","17":"tag-natur-og-miljo","18":"tag-news","19":"tag-no","20":"tag-norge","21":"tag-norway","22":"tag-nyheter","23":"tag-overskrifter","24":"tag-story","25":"tag-top-stories","26":"tag-topstories","27":"tag-vefsn","28":"tag-vefsna"},"share_on_mastodon":{"url":"https:\/\/pubeurope.com\/@no\/115672618453972436","error":""},"_links":{"self":[{"href":"https:\/\/www.europesays.com\/no\/wp-json\/wp\/v2\/posts\/105776","targetHints":{"allow":["GET"]}}],"collection":[{"href":"https:\/\/www.europesays.com\/no\/wp-json\/wp\/v2\/posts"}],"about":[{"href":"https:\/\/www.europesays.com\/no\/wp-json\/wp\/v2\/types\/post"}],"author":[{"embeddable":true,"href":"https:\/\/www.europesays.com\/no\/wp-json\/wp\/v2\/users\/2"}],"replies":[{"embeddable":true,"href":"https:\/\/www.europesays.com\/no\/wp-json\/wp\/v2\/comments?post=105776"}],"version-history":[{"count":0,"href":"https:\/\/www.europesays.com\/no\/wp-json\/wp\/v2\/posts\/105776\/revisions"}],"wp:featuredmedia":[{"embeddable":true,"href":"https:\/\/www.europesays.com\/no\/wp-json\/wp\/v2\/media\/105777"}],"wp:attachment":[{"href":"https:\/\/www.europesays.com\/no\/wp-json\/wp\/v2\/media?parent=105776"}],"wp:term":[{"taxonomy":"category","embeddable":true,"href":"https:\/\/www.europesays.com\/no\/wp-json\/wp\/v2\/categories?post=105776"},{"taxonomy":"post_tag","embeddable":true,"href":"https:\/\/www.europesays.com\/no\/wp-json\/wp\/v2\/tags?post=105776"}],"curies":[{"name":"wp","href":"https:\/\/api.w.org\/{rel}","templated":true}]}}