{"id":105784,"date":"2025-12-06T12:37:15","date_gmt":"2025-12-06T12:37:15","guid":{"rendered":"https:\/\/www.europesays.com\/no\/105784\/"},"modified":"2025-12-06T12:37:15","modified_gmt":"2025-12-06T12:37:15","slug":"tone-damli-feirer-jul-pa-mauritius-med-familien-2","status":"publish","type":"post","link":"https:\/\/www.europesays.com\/no\/105784\/","title":{"rendered":"Tone Damli feirer jul p\u00e5 Mauritius med familien"},"content":{"rendered":"<p class=\"kicker \" style=\"\">Tone Damli:\u00a0<\/p>\n<p>  Artisten tar med seg familien og reiser til varmere str\u00f8k.\u00a0<\/p>\n<p>\n    P\u00c5 TUR: Tone Damli r\u00f8per hvor hun og familien skal feire jul i \u00e5r. Foto: Andreas Fadum\/Se og H\u00f8r\n  <\/p>\n<p>Denne h\u00f8sten har v\u00e6rt hektisk for Tone Damli (37).\u00a0<\/p>\n<p>    <a itemprop=\"url\" href=\"https:\/\/www.seher.no\/kjendis\/faren-var-kreftsyk-vi-var-livredde\/83945269\" rel=\"nofollow noopener\" target=\"_blank\"><\/p>\n<p>      <img loading=\"lazy\" decoding=\"async\" src=\"https:\/\/www.europesays.com\/no\/wp-content\/uploads\/2025\/12\/83943529.webp\" width=\"147\" height=\"98\" title=\"Faren var kreftsyk: - Vi var livredde\" alt=\"\" class=\"lazyload\" style=\"--aspect-ratio-image: 1.50; \"\/><\/p>\n<p>        Faren var kreftsyk: &#8211; Vi var livredde<\/p>\n<p>    <\/a><\/p>\n<p> Ikke bare er hun aktuell som detektiv i \u00abMaskorama\u00bb, men hun har ogs\u00e5 hatt 20-\u00e5rsjubileum som artist. Jubileet ble feiret med <a href=\"https:\/\/www.seher.no\/kjendis\/stjernene-ankommer\/83890692\" rel=\"nofollow noopener\" target=\"_blank\">et stort show p\u00e5 Chat Noir<\/a>, hvor Damli tok publikum med p\u00e5 en reise gjennom \u00e5rene i rampelyset.<\/p>\n<p>          <img loading=\"lazy\" decoding=\"async\" src=\"https:\/\/www.europesays.com\/no\/wp-content\/uploads\/2025\/12\/83947310.webp\" width=\"686\" height=\"460\" title=\"NY JOBB: I fjor var Tone Damli deltaker, i \u00e5r er hun detektiv. Her med resten av \u00abMaskorama\u00bb-panelet: Tete Lidbom og Robert Stoltenberg. Foto: Espen Solli\/NRK\" alt=\"\" class=\"\" style=\"--aspect-ratio-image: 1.49; \"\/><\/p>\n<p>\n          NY JOBB: I fjor var Tone Damli deltaker, i \u00e5r er hun detektiv. Her med resten av \u00abMaskorama\u00bb-panelet: Tete Lidbom og Robert Stoltenberg. Foto: Espen Solli\/NRK\n      <\/p>\n<p>Julen vil derfor bli brukt til \u00e5 lade batteriene, noe Damli skal gj\u00f8re i utlandet. P\u00e5 Snapchat forteller hun nemlig at hun n\u00e5 har bestilt juleferie.<\/p>\n<p>Reiser med familien\t<\/p>\n<p>&#8211; Jeg har fundert frem og tilbake p\u00e5 hva vi skal gj\u00f8re, og jeg har kjent p\u00e5 at jeg ikke har lyst til \u00e5 feire jul hjemme. Jeg har lyst til \u00e5 reise et stykke bort, sier Damli i en video.\u00a0<\/p>\n<p>Ferien g\u00e5r til \u00f8ya Mauritius, en destinasjon hun alltid har hatt lyst til \u00e5 reise til, forteller Damli.\u00a0<\/p>\n<p>          <img loading=\"lazy\" decoding=\"async\" src=\"https:\/\/www.europesays.com\/no\/wp-content\/uploads\/2025\/12\/83947288.webp\" width=\"686\" height=\"625\" title=\"REISER VEKK: Tone Damli og forloveden Markus Foss tar med seg barna til utlandet i jula. Her er samboerparet under Elle-gallaen i 2023. Foto: Andreas Fadum\/Se og H\u00f8r\" alt=\"\" class=\"\" style=\"--aspect-ratio-image: 1.10; \"\/><\/p>\n<p>\n          REISER VEKK: Tone Damli og forloveden Markus Foss tar med seg barna til utlandet i jula. Her er samboerparet under Elle-gallaen i 2023. Foto: Andreas Fadum\/Se og H\u00f8r\n      <\/p>\n<p>&#8211; S\u00e5 n\u00e5 klinker vi til og det kjenner jeg at skal bli ordentlig godt. Det blir godt med sol og varme, og \u00e5 komme seg bort. Bare slappe av og puste med magen.\u00a0<\/p>\n<p>    <a itemprop=\"url\" href=\"https:\/\/www.seher.no\/kjendis\/trodde-hun-dyttet-meg-unna\/83945505\" rel=\"nofollow noopener\" target=\"_blank\"><\/p>\n<p>      <img loading=\"lazy\" decoding=\"async\" src=\"https:\/\/www.europesays.com\/no\/wp-content\/uploads\/2025\/12\/1765024635_9_83944389.webp\" width=\"980\" height=\"441\" title=\"- Trodde hun dyttet meg unna\" alt=\"\" class=\"lazyload\" style=\"--aspect-ratio-image: 2.22; \"\/><\/p>\n<p>        &#8211; Trodde hun dyttet meg unna<\/p>\n<p>    <\/a><\/p>\n<p>Det blir ogs\u00e5 klart at Damli reiser sammen med forloveden Markus Foss (43) og barna Billie (11) og Marlon (5).\u00a0<\/p>\n<p class=\"italic m-italic\" data-lab-italic=\"italic\">Se og H\u00f8r har pr\u00f8vd \u00e5 f\u00e5 en kommentar fra Tone Damli, forel\u00f8pig uten hell.\u00a0<\/p>\n<p>Vondt \u00e5r\t<\/p>\n<p>Damli har v\u00e6rt sv\u00e6rt \u00e5pen om at det siste \u00e5ret har v\u00e6rt tungt. I april <a href=\"https:\/\/www.seher.no\/kjendis\/i-sorg-mistet-sosteren\/82952490\" rel=\"nofollow noopener\" target=\"_blank\">mistet hun stores\u00f8steren sin<\/a>\u00a0Tale til selvmord.\u00a0<\/p>\n<p>        I SORG: S\u00f8stera til Tone Damli, Tale Aaberge Nesse, har g\u00e5tt bort. &#8211; Det er tomt n\u00e5. Elsker deg for alltid, skriver artisten. Reporter: Karolina Rusov-Hansen \/ Dagbladet TV. Video: Sosiale medier.<\/p>\n<p>I et stort intervju med <a href=\"https:\/\/www.aftenposten.no\/amagasinet\/i\/zAd17O\/tone-damli-i-stort-intervju-om-den-knallharde-sorgen\" rel=\"nofollow noopener\" target=\"_blank\">Aftenposten<\/a> i november, satte Damli ord p\u00e5 hvordan den nye hverdagen er.\u00a0<\/p>\n<p>&#8211; Livet er ikke lettbeint lenger. Tapet av Tale er mitt f\u00f8rste m\u00f8te med knallhard sorg. Det har v\u00e6rt og er grusomt. For sorgen er overalt og rommer s\u00e5 mange f\u00f8lelser. Jeg har innsett virkeligheten, men forst\u00e5r den likevel ikke. Det er enormt tomt etter Tale.<\/p>\n<p>    Trenger du noen \u00e5 snakke med?<\/p>\n<ul>\n<li>Ring 113: Ved akutt fare for selvmord, ring 113 umiddelbart. Ring heller en gang for mye enn en gang for lite.<\/li>\n<li>Mental Helse tilbyr d\u00f8gn\u00e5pen telefontjeneste og nettjeneste for alle som trenger noen \u00e5 snakke med. Ring 116 123 eller g\u00e5 inn p\u00e5\u00a0<a href=\"https:\/\/sidetmedord.mentalhelse.no\/\" rel=\"nofollow noopener\" target=\"_blank\">Sidetmedord.no<\/a>.<\/li>\n<li><a href=\"https:\/\/mentalhelseungdom.no\/fa-hjelp\/\" rel=\"nofollow noopener\" target=\"_blank\">Mental Helse Ungdom tilbyr chat<\/a>\u00a0for unge voksne som trenger noen \u00e5 snakke med.<\/li>\n<li>Kirkens SOS Norge har d\u00f8gn\u00e5pen hjelpetelefon, chat og meldingstjenestene. Ring 22 4000 40 eller g\u00e5 inn p\u00e5\u00a0<a href=\"https:\/\/www.kirkens-sos.no\/telefon\" rel=\"nofollow noopener\" target=\"_blank\">kirkens-sos.no<\/a>.<\/li>\n<p>Kilde:\u00a0<a href=\"https:\/\/www.helsenorge.no\/psykisk-helse\/trenger-du-noen-a-snakke-med\/?gad_source=1&amp;gclid=CjwKCAjwufq2BhAmEiwAnZqw8kOXj-otjPbpepM1ATjWAlnETKsaqeE2IA04nerg9YT5jM7QhqU_txoCEucQAvD_BwE\" rel=\"nofollow noopener\" target=\"_blank\">Helsenorge.no<\/a><\/p>\n<\/ul>\n<p>      Vis mer<br \/>\n      Vis mindre<\/p>\n<p>Hun fortalte at hun likevel har et h\u00e5p om at hun \u00e9n dag vil bli glad igjen, selv om det er vanskelig.\u00a0<\/p>\n<p>&#8211; Jeg tror aldri jeg vil finne helt tilbake til hun jeg var. Den Tone forsvant litt med Tale.<\/p>\n","protected":false},"excerpt":{"rendered":"Tone Damli:\u00a0 Artisten tar med seg familien og reiser til varmere str\u00f8k.\u00a0 P\u00c5 TUR: Tone Damli r\u00f8per hvor&hellip;\n","protected":false},"author":2,"featured_media":105785,"comment_status":"","ping_status":"","sticky":false,"template":"","format":"standard","meta":{"footnotes":""},"categories":[5],"tags":[20,21,24,25,15,19,479,2543,22,23,17,18,13,30,28,29,14,16,3579,26,27],"class_list":{"0":"post-105784","1":"post","2":"type-post","3":"status-publish","4":"format-standard","5":"has-post-thumbnail","7":"category-overskrifter","8":"tag-breaking-news","9":"tag-breakingnews","10":"tag-featured-news","11":"tag-featurednews","12":"tag-headlines","13":"tag-hovedoppslag","14":"tag-kjendis","15":"tag-kjendisdesken","16":"tag-latest-news","17":"tag-latestnews","18":"tag-main-news","19":"tag-mainnews","20":"tag-news","21":"tag-no","22":"tag-norge","23":"tag-norway","24":"tag-nyheter","25":"tag-overskrifter","26":"tag-tone-damli","27":"tag-top-stories","28":"tag-topstories"},"share_on_mastodon":{"url":"https:\/\/pubeurope.com\/@no\/115672661943407321","error":""},"_links":{"self":[{"href":"https:\/\/www.europesays.com\/no\/wp-json\/wp\/v2\/posts\/105784","targetHints":{"allow":["GET"]}}],"collection":[{"href":"https:\/\/www.europesays.com\/no\/wp-json\/wp\/v2\/posts"}],"about":[{"href":"https:\/\/www.europesays.com\/no\/wp-json\/wp\/v2\/types\/post"}],"author":[{"embeddable":true,"href":"https:\/\/www.europesays.com\/no\/wp-json\/wp\/v2\/users\/2"}],"replies":[{"embeddable":true,"href":"https:\/\/www.europesays.com\/no\/wp-json\/wp\/v2\/comments?post=105784"}],"version-history":[{"count":0,"href":"https:\/\/www.europesays.com\/no\/wp-json\/wp\/v2\/posts\/105784\/revisions"}],"wp:featuredmedia":[{"embeddable":true,"href":"https:\/\/www.europesays.com\/no\/wp-json\/wp\/v2\/media\/105785"}],"wp:attachment":[{"href":"https:\/\/www.europesays.com\/no\/wp-json\/wp\/v2\/media?parent=105784"}],"wp:term":[{"taxonomy":"category","embeddable":true,"href":"https:\/\/www.europesays.com\/no\/wp-json\/wp\/v2\/categories?post=105784"},{"taxonomy":"post_tag","embeddable":true,"href":"https:\/\/www.europesays.com\/no\/wp-json\/wp\/v2\/tags?post=105784"}],"curies":[{"name":"wp","href":"https:\/\/api.w.org\/{rel}","templated":true}]}}