{"id":105788,"date":"2025-12-06T12:42:33","date_gmt":"2025-12-06T12:42:33","guid":{"rendered":"https:\/\/www.europesays.com\/no\/105788\/"},"modified":"2025-12-06T12:42:33","modified_gmt":"2025-12-06T12:42:33","slug":"litt-om-hosteller-og-hva-man-kan-oppleve-der","status":"publish","type":"post","link":"https:\/\/www.europesays.com\/no\/105788\/","title":{"rendered":"Litt om hosteller og hva man kan oppleve der"},"content":{"rendered":"<p>            <img loading=\"lazy\" decoding=\"async\" width=\"696\" height=\"393\" class=\"entry-thumb\" src=\"https:\/\/www.europesays.com\/no\/wp-content\/uploads\/2025\/12\/lars-pa-hostell.jpg\"   alt=\"\" title=\"lars pa\u030a hostell\"\/>Fra livet p\u00e5 hostell. Foto: Lars Birkelund.<\/p>\n<p>Denne artikkelen er en introduksjon til fire kommende artikler med inntrykk etter min \u00abEuropa-turne\u00bb i oktober\/november. Det blir en blanding av personlige opplevelser, vevd sammen med betraktninger over landenes historie etter den kalde krigen og hvor landene st\u00e5r i den anspente geopolitiske situasjonen n\u00e5.<\/p>\n<p><img loading=\"lazy\" data-recalc-dims=\"1\" decoding=\"async\" width=\"220\" height=\"220\" src=\"https:\/\/www.europesays.com\/no\/wp-content\/uploads\/2025\/12\/birkelund-2025.png\" alt=\"\" class=\"wp-image-143032\"  \/>Lars Birkelund.<\/p>\n<p>Da jeg begynte \u00e5 reise i mai i fjor hadde jeg en del penger til overs og snudde ikke mye p\u00e5 skillingen. Men etter hvert fant jeg ut at jeg m\u00e5tte begynne \u00e5 \u00f8konomisere. Derfor ble det for det meste <a href=\"https:\/\/en.wikipedia.org\/wiki\/Hostel\" rel=\"nofollow noopener\" target=\"_blank\">hosteller<\/a> da jeg reiste rundt i Europa denne h\u00f8sten.<\/p>\n<p>Jeg liker hosteller, sj\u00f8l om standarden er opp og ned, som p\u00e5 hoteller. Ulempen med \u00e5 dele rom med ukjente kvinner og menn opplever jeg som mindre enn jeg trodde p\u00e5 forh\u00e5nd. For man treffer stort sett bare hyggelige og interessante mennesker.<\/p>\n<p>Wifi finnes p\u00e5 alle hosteller jeg har v\u00e6rt p\u00e5, men ikke like bra over alt. N\u00e5r man bestiller rom m\u00e5 man ellers v\u00e6re obs p\u00e5 at man i noen tilfeller m\u00e5 betale ekstra for senget\u00f8y og h\u00e5ndkl\u00e6r.<\/p>\n<p><strong>P\u00e5 Nomad Hostel i Stockholm <\/strong>8. til 10. oktober, var det blant annet en gruppe med seks kvinner fra Malaysia. De skulle videre p\u00e5 biltur rundt i Norge. Tog til Oslo og leiebil derfra.<\/p>\n<p>I Vilnius, Litauen traff jeg tre syrere som jobber som sj\u00e5f\u00f8rer, og de inviterte meg inn p\u00e5 et m\u00e5ltid de var i ferd med \u00e5 lage p\u00e5 hostellets kj\u00f8kken.<\/p>\n<p>P\u00e5 Trinity Hostel i Minsk var det s\u00e6rdeles internasjonalt, med en kineser, en fra Usbekistan, en fra Kasakhstan, en fra Nigeria, to russere og to hviterussere.<\/p>\n<p><strong>P\u00e5 Safestay Warsaw Old Town <\/strong>var det ogs\u00e5 et godt mij\u00f8, der jeg blant annet traff en polakk, en franskmann og en amerikaner (fra New York) i kafeen.<\/p>\n<p>Jeg snakket lenge med polakken, som bodde p\u00e5 et av de andre rommene og som jeg traff i kafeen den siste kvelden (noen hosteller har kafeer med litt servering, evt. frokost). Dvs, han ble f\u00f8dt og vokste opp i Belgia, men flyttet til Polen med polsk kone for 20 \u00e5r siden.<\/p>\n<p>Den belgiske polakken fortalte at han hadde v\u00e6rt med NATO under bombingen av Jugoslavia i 1999 og noe etter, og at han da hadde f\u00e5tt sympati med serberne etter f\u00f8rst \u00e5 ha blitt fortalt at de var skurker som m\u00e5tte bombes. Med andre ord det samme som <a href=\"https:\/\/www.facebook.com\/kashovic?__cft__%5b0%5d=AZX0f3aVDGJ9JjoVj4zzQ44oED65Qym_PHkEK4jPJr7a5s6Mn6Q_OtuaCGPcfhMuinefR0uiiKcitzx3T7HjFtXuW5h3vP4jbEWPSETEjFU_5ZnqNR0DqGadHHHdsbtPOe8T4pY-_0wVhgsCJVEDnMmD8Xd-YD4mlMRulwPtLWk9xJWGd3UIiJBii22d59f6mmhnl8cxjj1p7-6R9EhAAFTw0gVxyNpH1_A4WhuR5T5ELgfp4A32d5gYHVO4DU-Jwn4&amp;__tn__=-%5dK-y-R\" rel=\"nofollow noopener\" target=\"_blank\">Kristian Kahrs<\/a> erfarte da han var ansatt i NATOs pressekontor i omtrent samme periode. Han bosatte seg i Beograd, mer eller mindre i solidaritet med serberne. Kahrs ble nektet adgang til Kosovo da vi pr\u00f8vde \u00e5 dra dit sammen i april. Omtalt her:<\/p>\n<p>Polakken sa at han som NATO-soldat hadde f\u00e5tt i oppdrag \u00e5 avv\u00e6pne en gruppe serbere, som tryglet om \u00e5 f\u00e5 beholde v\u00e5pnene fordi de fryktet \u00e5 bli drept av kosovo-albanere. Men NATO-styrkene var overlegne og serberne lot seg avv\u00e6pne. Et par uker seinere var polakken med p\u00e5 \u00e5 samle opp lik og kroppsdeler av de samme serberne.<\/p>\n<p><strong>Jeg ankom Tirana, Albania med forsinket fly fra Warzawa <\/strong>kl 2:30 natt til 23. oktober og m\u00e5tte vekke opp en sovende vert p\u00e5 hostellet. Jeg hadde bestilt seng p\u00e5 et av de billigste hostellene i byen, ogs\u00e5 fordi det ligger n\u00e6r sentrum. 16 euro eller 1600 lek for to netter (vekslingskurs). Den tyrkiske verten var ogs\u00e5 min romkamerat den f\u00f8rste natta. Han introduserte seg som Ismael, eller iSmile, som han korrigerte med et smil.<\/p>\n<p>Det var seks senger p\u00e5 rommet. Men jeg var aleine der de to siste av tre dager. Slike \u00abkupp\u00bb kan man gj\u00f8re utenom turistsesongen.<\/p>\n<p>P\u00e5 Kultura Hostel i Shkoder, nordover i Albania, var verten s\u00e5 grei at han r\u00e5det meg til \u00e5 bestille seng i seksmannsrom i stedet for enkeltrom, da jeg sannsynligvis ville f\u00e5 rommet alene (enkeltrom ville ha blitt dyrere), noe som viste seg \u00e5 stemme. Til gjengjeld var det ikke s\u00e5 sosialt og internasjonalt p\u00e5 Kultura Hostel, sannsynligvis fordi turistsesongen var over. Men et hostel p\u00e5 andre siden av gata var likevel fullbooket.<\/p>\n<p><strong>I Sarajevo ble jeg kjent med en tyrker<\/strong>, ca. 40 \u00e5r. Han presenterte seg som Mehmed, var sint p\u00e5 Erdogan og sa at han var p\u00e5 flukt. Jeg fikk inntrykk av det var en slags politisk straff som ventet ham. Men egentlig tviler jeg p\u00e5 at han er tyrkisk. For han forsto ikke mine sp\u00f8rsm\u00e5l om kurdere i Tyrkia. Han viste meg bilde av en datter p\u00e5 16 \u00e5r. Til henne hadde han fortalt at han bor i England. Han klaget p\u00e5 at afghanere er \u00abbad people\u00bb, noen afghanere hadde visstnok ranet ham. Kanskje han egentlig er afghaner mens han brukte denne historien som kamuflasje?<\/p>\n<p>\u00abTyrkeren\u00bb var arbeidss\u00f8kende og levde n\u00e6rmest p\u00e5 et eksistensminimum. Det finner jeg ingen grunn til \u00e5 tvile p\u00e5. Heller ikke p\u00e5 dr\u00f8mmen hans om \u00e5 komme innenfor Schengen-omr\u00e5det.<\/p>\n<p>Jeg m\u00e5tte fortelle ham at det er vanskelig \u00e5 f\u00e5 opphold i Norge. I skrivende stund har den ene niesen til min kone ganske nylig giftet seg med en tyrker. N\u00e5 er hun gravid i femte m\u00e5ned, men det er likevel ikke lett \u00e5 f\u00e5 opphold i Norge for hennes ektemann, fortalte jeg.<\/p>\n<p>Jeg ga \u00abtyrkeren\u00bb fem euro og han kunne ikke f\u00e5 takket meg nok under resten av oppholdet.<\/p>\n<p><strong>P\u00e5 hostellet Zagreb Speeka i Kroatia <\/strong>var det en hyggelig og omtenksom egyptisk vert.\u00a0\u00a0 Dertraff jeg ogs\u00e5 en pakistaner med en interessant historie. Han fortalte at han har bodd i Ukraina siden 2008 etter kortere opphold i Russland og Aserbajdsjan. I byen<a\/> Vinnytsia, 245 km nordvest for Kiev, har han to barn med en ukrainsk kvinne. Men han flyktet til Zagreb kort tid etter Russlands invasjon i 2022 fordi han ville unng\u00e5 \u00e5 bli tvunget inn i h\u00e6ren.<\/p>\n<p>Den pakistanske ukraineren \u00f8nsker seg tilbake til Vinnytsia, men ikke f\u00f8r det blir fred. Og fred kan det bli hvis man aksepterer at en del av befolkningen (i \u00f8st) foretrekker \u00e5 bli styrt fra Moskva, sa han. Mitt inntrykk er i det hele tatt at ukrainerne har mer aksept for den l\u00f8sningen enn vestlige ledere.<\/p>\n<p>Verten p\u00e5 Zagreb Speeka fikk meg ellers inn p\u00e5 tanker om \u00e5 reise til Egypt n\u00e5r det blir for kaldt i Oslo. Og det varer ikke lenge. Time will show.<\/p>\n<p>Neste artikkel fra min \u00abEuropa-turne\u00bb forteller om en rundtur i Hviterussland.<\/p>\n","protected":false},"excerpt":{"rendered":"Fra livet p\u00e5 hostell. Foto: Lars Birkelund. Denne artikkelen er en introduksjon til fire kommende artikler med inntrykk&hellip;\n","protected":false},"author":2,"featured_media":105789,"comment_status":"","ping_status":"","sticky":false,"template":"","format":"standard","meta":{"footnotes":""},"categories":[12],"tags":[20,21,24,25,15,22,23,13,30,28,29,14,16,26,27,42,43,44,45],"class_list":{"0":"post-105788","1":"post","2":"type-post","3":"status-publish","4":"format-standard","5":"has-post-thumbnail","7":"category-verden","8":"tag-breaking-news","9":"tag-breakingnews","10":"tag-featured-news","11":"tag-featurednews","12":"tag-headlines","13":"tag-latest-news","14":"tag-latestnews","15":"tag-news","16":"tag-no","17":"tag-norge","18":"tag-norway","19":"tag-nyheter","20":"tag-overskrifter","21":"tag-top-stories","22":"tag-topstories","23":"tag-verden","24":"tag-world","25":"tag-world-news","26":"tag-worldnews"},"share_on_mastodon":{"url":"https:\/\/pubeurope.com\/@no\/115672681496656069","error":""},"_links":{"self":[{"href":"https:\/\/www.europesays.com\/no\/wp-json\/wp\/v2\/posts\/105788","targetHints":{"allow":["GET"]}}],"collection":[{"href":"https:\/\/www.europesays.com\/no\/wp-json\/wp\/v2\/posts"}],"about":[{"href":"https:\/\/www.europesays.com\/no\/wp-json\/wp\/v2\/types\/post"}],"author":[{"embeddable":true,"href":"https:\/\/www.europesays.com\/no\/wp-json\/wp\/v2\/users\/2"}],"replies":[{"embeddable":true,"href":"https:\/\/www.europesays.com\/no\/wp-json\/wp\/v2\/comments?post=105788"}],"version-history":[{"count":0,"href":"https:\/\/www.europesays.com\/no\/wp-json\/wp\/v2\/posts\/105788\/revisions"}],"wp:featuredmedia":[{"embeddable":true,"href":"https:\/\/www.europesays.com\/no\/wp-json\/wp\/v2\/media\/105789"}],"wp:attachment":[{"href":"https:\/\/www.europesays.com\/no\/wp-json\/wp\/v2\/media?parent=105788"}],"wp:term":[{"taxonomy":"category","embeddable":true,"href":"https:\/\/www.europesays.com\/no\/wp-json\/wp\/v2\/categories?post=105788"},{"taxonomy":"post_tag","embeddable":true,"href":"https:\/\/www.europesays.com\/no\/wp-json\/wp\/v2\/tags?post=105788"}],"curies":[{"name":"wp","href":"https:\/\/api.w.org\/{rel}","templated":true}]}}