{"id":105790,"date":"2025-12-06T12:43:28","date_gmt":"2025-12-06T12:43:28","guid":{"rendered":"https:\/\/www.europesays.com\/no\/105790\/"},"modified":"2025-12-06T12:43:28","modified_gmt":"2025-12-06T12:43:28","slug":"frank-jenssen-blir-ny-kommunaldirektor-mn24-no","status":"publish","type":"post","link":"https:\/\/www.europesays.com\/no\/105790\/","title":{"rendered":"Frank Jenssen blir ny kommu\u00adnaldi\u00adrekt\u00f8r &#8211; mn24.no"},"content":{"rendered":"<ol>\n<li><a href=\"https:\/\/news.google.com\/rss\/articles\/CBMiigFBVV95cUxOd2NvRjctMVdTd1Axd25COHQtOEN5aGtVZ1ctcHVfZW5FRmlQN3YxcVlIUEdtQmVJUTdxbjVRRU1FOXRRT3BFOEZPMmFiUm1uZmswUkUxVXNVWFNwMUdaVEJEa0hldVVTMHN0Mm03MFM2NlRFdXVMa2ZwRzhSd1lWVk9ZbFlwNktfakE?oc=5\" target=\"_blank\" rel=\"nofollow noopener\">Frank Jenssen blir ny kommu\u00adnaldi\u00adrekt\u00f8r<\/a>&nbsp;&nbsp;mn24.no<\/li>\n<li><a href=\"https:\/\/news.google.com\/rss\/articles\/CBMickFVX3lxTE83c05zWWloZnNSNHI5eE81NldoOWdqSGFYZ0ViX21ZczVqWGdxWWdIelZlQWg5SWhDMFI5RFJEMzlrVkNMRHc3NEdBZWFJMGEzd3RJTlU4Si1aRVk0Z0dGRDU2dXE5WVZvYWp1Ynk4Ums4QQ?oc=5\" target=\"_blank\" rel=\"nofollow noopener\">Politikk, Statsforvalter | Jakter erstatter til toppjobb<\/a>&nbsp;&nbsp;Tr\u00f8nder-Avisa<\/li>\n<li><a href=\"https:\/\/news.google.com\/rss\/articles\/CBMikwFBVV95cUxOeVFueXJzcEhXczlvVTlMNHBSR2oxdWpSbDZaR0liVld3Um9HbWY4ZXZVSVN2UHEtVHFST1hfWUFpcDY3YW1Dd2lBS3JvU2RUaTZfWkZrT3RVRllnVHJ4SmRCMkM3QVJub2JCUmxZbFRodEk2VUxLdkQyRnhGcmdSRW9nVUVQT2k4cU9aVGIwT2RXS1k?oc=5\" target=\"_blank\" rel=\"nofollow noopener\">G\u00e5r fra den ene toppjobben til den andre<\/a>&nbsp;&nbsp;adressa.no<\/li>\n<li><a href=\"https:\/\/news.google.com\/rss\/articles\/CBMiwAFBVV95cUxNcUxzWmVCVld3d1JoTGdtN2oyQXhaNF8wWDIzbi1ScnR1MWhEZHZOQTNRMVVlT3FWemVyWG52Z3d6ZDV5Zm50UVdSZldkWlJ1VEFUQWtTMlpnYWpqYjZuT0gwRzZwQkVZOEJKNldlZEQ5dG5icXFRRHN5ZWYzVW1GM1BRMHZuX0JwcTdQd2k0R0NOTzQ4UzNrdV8tQnBMN2U4ZlNWQVlFX3JzYVBEOUtiRTNtU2tObzBfTEpTZ2RlQmQ?oc=5\" target=\"_blank\" rel=\"nofollow noopener\">Frank Jenssen blir ny kommunaldirekt\u00f8r ved byr\u00e5dsleders avdeling<\/a>&nbsp;&nbsp;Trondheim kommune<\/li>\n<li><a href=\"https:\/\/news.google.com\/rss\/articles\/CBMigAFBVV95cUxPTUtSUnl5OVJybWx6WEh0ZXJFOTQ5QmR5cjIwdUJYWVEtZF93NExXN0JMUmV6QmZIVVFjZllzVFF5cVlzbEdqTUQ1Qkd2VXpTbXBScGRFbFgyT0JyX0VORDVOWFZkWnk3Z1AxT1NtZzI2azdYTVl3MnFKRWlUWXlaeA?oc=5\" target=\"_blank\" rel=\"nofollow noopener\">Trondheim kommune, Arbeidsliv | Danket ut 14 s\u00f8kere \u2013 landet toppjobben<\/a>&nbsp;&nbsp;Nidaros<\/li>\n<\/ol>\n","protected":false},"excerpt":{"rendered":"Frank Jenssen blir ny kommu\u00adnaldi\u00adrekt\u00f8r&nbsp;&nbsp;mn24.no Politikk, Statsforvalter | Jakter erstatter til toppjobb&nbsp;&nbsp;Tr\u00f8nder-Avisa G\u00e5r fra den ene toppjobben til&hellip;\n","protected":false},"author":2,"featured_media":105791,"comment_status":"","ping_status":"","sticky":false,"template":"","format":"standard","meta":{"footnotes":""},"categories":[10],"tags":[20,21,24,25,15,416,466,22,23,13,30,28,29,14,16,26,27,596,641],"class_list":{"0":"post-105790","1":"post","2":"type-post","3":"status-publish","4":"format-standard","5":"has-post-thumbnail","7":"category-norge","8":"tag-breaking-news","9":"tag-breakingnews","10":"tag-featured-news","11":"tag-featurednews","12":"tag-headlines","13":"tag-jobb","14":"tag-karriere","15":"tag-latest-news","16":"tag-latestnews","17":"tag-news","18":"tag-no","19":"tag-norge","20":"tag-norway","21":"tag-nyheter","22":"tag-overskrifter","23":"tag-top-stories","24":"tag-topstories","25":"tag-trondheim","26":"tag-trondheim-kommune"},"share_on_mastodon":{"url":"https:\/\/pubeurope.com\/@no\/115672685154992655","error":""},"_links":{"self":[{"href":"https:\/\/www.europesays.com\/no\/wp-json\/wp\/v2\/posts\/105790","targetHints":{"allow":["GET"]}}],"collection":[{"href":"https:\/\/www.europesays.com\/no\/wp-json\/wp\/v2\/posts"}],"about":[{"href":"https:\/\/www.europesays.com\/no\/wp-json\/wp\/v2\/types\/post"}],"author":[{"embeddable":true,"href":"https:\/\/www.europesays.com\/no\/wp-json\/wp\/v2\/users\/2"}],"replies":[{"embeddable":true,"href":"https:\/\/www.europesays.com\/no\/wp-json\/wp\/v2\/comments?post=105790"}],"version-history":[{"count":0,"href":"https:\/\/www.europesays.com\/no\/wp-json\/wp\/v2\/posts\/105790\/revisions"}],"wp:featuredmedia":[{"embeddable":true,"href":"https:\/\/www.europesays.com\/no\/wp-json\/wp\/v2\/media\/105791"}],"wp:attachment":[{"href":"https:\/\/www.europesays.com\/no\/wp-json\/wp\/v2\/media?parent=105790"}],"wp:term":[{"taxonomy":"category","embeddable":true,"href":"https:\/\/www.europesays.com\/no\/wp-json\/wp\/v2\/categories?post=105790"},{"taxonomy":"post_tag","embeddable":true,"href":"https:\/\/www.europesays.com\/no\/wp-json\/wp\/v2\/tags?post=105790"}],"curies":[{"name":"wp","href":"https:\/\/api.w.org\/{rel}","templated":true}]}}