{"id":105794,"date":"2025-12-06T12:50:07","date_gmt":"2025-12-06T12:50:07","guid":{"rendered":"https:\/\/www.europesays.com\/no\/105794\/"},"modified":"2025-12-06T12:50:07","modified_gmt":"2025-12-06T12:50:07","slug":"stavanger-kommune-politi-mann-pagrepet-pa-tog-skal-ha-vaert-pa-vei-til-stavanger-for-a-drepe-en-person","status":"publish","type":"post","link":"https:\/\/www.europesays.com\/no\/105794\/","title":{"rendered":"Stavanger kommune, Politi | Mann p\u00e5grepet p\u00e5 tog \u2013 skal ha v\u00e6rt p\u00e5 vei til Stavanger for \u00e5 drepe en person"},"content":{"rendered":"\n<p>36-\u00e5ring ble varetektsfengslet i fire uker etter et ran p\u00e5 \u00d8ksnavadporten stasjon, 16 minutter med toget s\u00f8rover fra Stavanger. P\u00e5 det neste togstoppet ble han p\u00e5grepet, skriver <a href=\"https:\/\/www.aftenbladet.no\/lokalt\/i\/Rjxzer\/36-aaring-varetektsfengslet-etter-ran-paa-oeksnavadporten-stasjon\" rel=\"nofollow noopener\" target=\"_blank\">Aftenbladet<\/a>.<\/p>\n<p>Ransutbyttet var to sigaretter og ransofferet en gutt p\u00e5 14 \u00e5r. 36-\u00e5ringen skal ha truet med en blodig kniv, if\u00f8lge en fersk kjennelse fra S\u00f8r-Rogaland tingrett.<\/p>\n<p>Allerede p\u00e5 det neste togstoppet \u2013 Ganddal stasjon \u2013 ble han p\u00e5grepet. If\u00f8lge kjennelsen var han da p\u00e5 vei til Stavanger for \u00e5 drepe en person, skriver Aftenbladet. <\/p>\n<p>Allerede f\u00f8r anklagene om ran var 36-\u00e5ringen siktet for en rekke lovbrudd. I fengslingen omtales det som et kompleks av saker mot siktede. Noe nekter han for \u00e5 ha gjort. Annet har han tilst\u00e5tt.<\/p>\n<p>(\u00a9NTB)<\/p>\n","protected":false},"excerpt":{"rendered":"36-\u00e5ring ble varetektsfengslet i fire uker etter et ran p\u00e5 \u00d8ksnavadporten stasjon, 16 minutter med toget s\u00f8rover fra&hellip;\n","protected":false},"author":2,"featured_media":23205,"comment_status":"","ping_status":"","sticky":false,"template":"","format":"standard","meta":{"footnotes":""},"categories":[10],"tags":[36,20,21,24,25,15,983,22,23,13,30,28,29,14,16,254,13237,1510,26,27],"class_list":{"0":"post-105794","1":"post","2":"type-post","3":"status-publish","4":"format-standard","5":"has-post-thumbnail","7":"category-norge","8":"tag-art","9":"tag-breaking-news","10":"tag-breakingnews","11":"tag-featured-news","12":"tag-featurednews","13":"tag-headlines","14":"tag-krim","15":"tag-latest-news","16":"tag-latestnews","17":"tag-news","18":"tag-no","19":"tag-norge","20":"tag-norway","21":"tag-nyheter","22":"tag-overskrifter","23":"tag-politi","24":"tag-stavanger-kommune","25":"tag-story","26":"tag-top-stories","27":"tag-topstories"},"share_on_mastodon":{"url":"https:\/\/pubeurope.com\/@no\/115672712689166674","error":""},"_links":{"self":[{"href":"https:\/\/www.europesays.com\/no\/wp-json\/wp\/v2\/posts\/105794","targetHints":{"allow":["GET"]}}],"collection":[{"href":"https:\/\/www.europesays.com\/no\/wp-json\/wp\/v2\/posts"}],"about":[{"href":"https:\/\/www.europesays.com\/no\/wp-json\/wp\/v2\/types\/post"}],"author":[{"embeddable":true,"href":"https:\/\/www.europesays.com\/no\/wp-json\/wp\/v2\/users\/2"}],"replies":[{"embeddable":true,"href":"https:\/\/www.europesays.com\/no\/wp-json\/wp\/v2\/comments?post=105794"}],"version-history":[{"count":0,"href":"https:\/\/www.europesays.com\/no\/wp-json\/wp\/v2\/posts\/105794\/revisions"}],"wp:featuredmedia":[{"embeddable":true,"href":"https:\/\/www.europesays.com\/no\/wp-json\/wp\/v2\/media\/23205"}],"wp:attachment":[{"href":"https:\/\/www.europesays.com\/no\/wp-json\/wp\/v2\/media?parent=105794"}],"wp:term":[{"taxonomy":"category","embeddable":true,"href":"https:\/\/www.europesays.com\/no\/wp-json\/wp\/v2\/categories?post=105794"},{"taxonomy":"post_tag","embeddable":true,"href":"https:\/\/www.europesays.com\/no\/wp-json\/wp\/v2\/tags?post=105794"}],"curies":[{"name":"wp","href":"https:\/\/api.w.org\/{rel}","templated":true}]}}