{"id":105795,"date":"2025-12-06T12:52:20","date_gmt":"2025-12-06T12:52:20","guid":{"rendered":"https:\/\/www.europesays.com\/no\/105795\/"},"modified":"2025-12-06T12:52:20","modified_gmt":"2025-12-06T12:52:20","slug":"ekspert-reagerer-etter-ny-overkjoring-fra-handballjentene-jeg-haper-vi-blir-utfordret","status":"publish","type":"post","link":"https:\/\/www.europesays.com\/no\/105795\/","title":{"rendered":"Ekspert reagerer etter ny overkj\u00f8\u00adring fra h\u00e5ndball\u00adjentene: \u2013 Jeg h\u00e5per vi blir utfordret"},"content":{"rendered":"<p>Norge har radet opp fem av fem seirer s\u00e5 langt i VM \u2013 alle med tosifret differanse. Kvartfinalen er allerede i boks f\u00f8r gruppefinalen mot Brasil s\u00f8ndag.<\/p>\n<p>\u2013 Jeg h\u00e5per vi blir utfordret, sa NRKs ekspertkommentator Kenneth Gabrielsen om kvartfinalen.<\/p>\n<p>\u2013 Jeg tror ikke p\u00e5 spenning i kvartfinale, men jeg h\u00e5per p\u00e5 spenning i en semifinale, sa Gabrielsen.<\/p>\n<p>Norge har fortsatt ikke blitt satt p\u00e5 en ordentlig pr\u00f8ve i VM og ble det heller ikke mot Tsjekkia, som ble sl\u00e5tt av h\u00e5ndballjentene med 22 m\u00e5l i september.<\/p>\n<p>Flere nordmenn var p\u00e5 plass i Westfalenhalle enn tidligere i mesterskapet, og de velkjente kubjellene var \u00e5 finne i lydbildet.<\/p>\n<p>Herjet<\/p>\n<p>Nora M\u00f8rk og Veronica Kristiansen spilte begge sin 200. landskamp for Norge, og for M\u00f8rk var det den f\u00f8rste i VM fra start. Landslagssjef Ole Gustav Gjekstad uttalte allerede f\u00f8r mesterskapet at han var enig med M\u00f8rk om \u00e5 styre belastningen. M\u00f8rk har gjort comeback p\u00e5 landslaget i VM etter en pause og f\u00f8dsel.<\/p>\n<p>\u2013 Det var deilig \u00e5 f\u00e5 v\u00e6re med fra start. Det var g\u00f8y, og jeg synes ogs\u00e5 vi leverer en god h\u00e5ndballkamp. Det var kult, sa M\u00f8rk til NTB i pressesonen.<\/p>\n<p>Katrine Lunde, Ingvild Bakkerud og Stine Skogrand ble blant annet hvilt fra start, og Gjekstad fikk pr\u00f8vd ut flere konstellasjoner.<\/p>\n<p>\u2013 Vi f\u00e5r kampen inn i v\u00e5rt spor slik som vi ville. Folk g\u00e5r og venter p\u00e5 at vi skal ta lett p\u00e5 ting, men vi bruker mye tid p\u00e5 dette n\u00e5r vi f\u00f8rst er p\u00e5 tur, og det skinner gjennom. Det er en vel gjennomf\u00f8rt arbeidsdag, sa M\u00f8rk.<\/p>\n<p>Tsjekkia scoret de to f\u00f8rste m\u00e5lene, men Norge svarte med fem p\u00e5 rappen. De tsjekkiske spillerne fikk raskt f\u00f8le h\u00e5ndballjentene p\u00e5 kroppen og hadde en ti minutters periode med kun \u00e9n scoring.<\/p>\n<p>Til pause var stillingen 18-8.<\/p>\n<p>Bursdagsbarnet Anniken Wollik (28) leverte seks m\u00e5l p\u00e5 seks fors\u00f8k, og det norske laget fortsatte den voldsomme dominansen med 10-1 de f\u00f8rste ti minuttene etter hvilen.<\/p>\n<p>Brasil neste<\/p>\n<p>\u2013 Det er sifre man ser oftere i kvalifisering til Bring J16, sa NRKs kommentator Patrick Sten Rowlands.<\/p>\n<p>Eli Marie Raasok leverte igjen mellom stengene da Lunde fikk hvile. Ti minutter f\u00f8r slutt sto hun med en redningsprosent p\u00e5 over 50.<\/p>\n<p>Siste hovedrundekamp spilles mot Brasil s\u00f8ndag. Kvartfinalen g\u00e5r av stabelen i Dortmund tirsdag. De fire beste lagene skal gj\u00f8re opp om medaljene i Rotterdam i Nederland.<\/p>\n","protected":false},"excerpt":{"rendered":"Norge har radet opp fem av fem seirer s\u00e5 langt i VM \u2013 alle med tosifret differanse. Kvartfinalen&hellip;\n","protected":false},"author":2,"featured_media":105796,"comment_status":"","ping_status":"","sticky":false,"template":"","format":"standard","meta":{"footnotes":""},"categories":[59],"tags":[967,30,28,29,83,82],"class_list":{"0":"post-105795","1":"post","2":"type-post","3":"status-publish","4":"format-standard","5":"has-post-thumbnail","7":"category-sport","8":"tag-artikler-fra-ntb","9":"tag-no","10":"tag-norge","11":"tag-norway","12":"tag-sport","13":"tag-sports"},"share_on_mastodon":{"url":"https:\/\/pubeurope.com\/@no\/115672720546855146","error":""},"_links":{"self":[{"href":"https:\/\/www.europesays.com\/no\/wp-json\/wp\/v2\/posts\/105795","targetHints":{"allow":["GET"]}}],"collection":[{"href":"https:\/\/www.europesays.com\/no\/wp-json\/wp\/v2\/posts"}],"about":[{"href":"https:\/\/www.europesays.com\/no\/wp-json\/wp\/v2\/types\/post"}],"author":[{"embeddable":true,"href":"https:\/\/www.europesays.com\/no\/wp-json\/wp\/v2\/users\/2"}],"replies":[{"embeddable":true,"href":"https:\/\/www.europesays.com\/no\/wp-json\/wp\/v2\/comments?post=105795"}],"version-history":[{"count":0,"href":"https:\/\/www.europesays.com\/no\/wp-json\/wp\/v2\/posts\/105795\/revisions"}],"wp:featuredmedia":[{"embeddable":true,"href":"https:\/\/www.europesays.com\/no\/wp-json\/wp\/v2\/media\/105796"}],"wp:attachment":[{"href":"https:\/\/www.europesays.com\/no\/wp-json\/wp\/v2\/media?parent=105795"}],"wp:term":[{"taxonomy":"category","embeddable":true,"href":"https:\/\/www.europesays.com\/no\/wp-json\/wp\/v2\/categories?post=105795"},{"taxonomy":"post_tag","embeddable":true,"href":"https:\/\/www.europesays.com\/no\/wp-json\/wp\/v2\/tags?post=105795"}],"curies":[{"name":"wp","href":"https:\/\/api.w.org\/{rel}","templated":true}]}}