{"id":105810,"date":"2025-12-06T13:19:14","date_gmt":"2025-12-06T13:19:14","guid":{"rendered":"https:\/\/www.europesays.com\/no\/105810\/"},"modified":"2025-12-06T13:19:14","modified_gmt":"2025-12-06T13:19:14","slug":"kate-walsh-gjor-comeback-i-greys-anatomy-2","status":"publish","type":"post","link":"https:\/\/www.europesays.com\/no\/105810\/","title":{"rendered":"Kate Walsh gj\u00f8r comeback i \u00abGrey&#8217;s Anatomy\u00bb"},"content":{"rendered":"<p class=\"kicker \" style=\"\">Donald Trump<\/p>\n<p>  USAs nye nasjonale sikkerhetsstrategi tegner et bilde av landets europeiske allierte som svake. EU omtaler USA som deres fremste allierte.\u00a0<\/p>\n<p>\n    NY STRATEGI: USAs president, Donald Trump, danser under VM-trekningen i Washington D.C. fredag. Samme dag la administrasjonen hans fram en ny strategi for nasjonal sikkerhet. Foto: Dan Mullan\/Pool Photo via AP\n  <\/p>\n<p>    Kort fortalt<\/p>\n<ul lang=\"nb-NO\">\n<li>Trump-administrasjonen har presentert en ny nasjonal sikkerhetsstrategi.<\/li>\n<li>Strategien kritiserer europeiske allierte som svake og s\u00e5rbare blant annet p\u00e5 grunn av innvandringspolitikken.<\/li>\n<li>Strategien inneb\u00e6rer ogs\u00e5 at USA \u00f8nsker \u00e5 videreutvikle handelsforbindelser med alle land, men ikke lenger gj\u00f8re fors\u00f8k p\u00e5 \u00e5 spre demokrati.<\/li>\n<li>EUs utenrikssjef understreker imidlertid at USA fortsatt er organisasjonens fremste allierte.\u00a0<\/li>\n<\/ul>\n<p class=\"italic ai-disclaimer\" data-lab-italic=\"italic\">Sammendraget er laget av ChatGPT og godkjent av Dagbladet.<\/p>\n<p>      Vis mer<br \/>\n      Vis mindre<\/p>\n<p>NEW YORK (Dagbladet): Mens Trump (79) selv danset seg gjennom VM-trekningen i Kennedy-sentret i Washington D.C., la administrasjonen hans fredag fram en ny strategi for nasjonal sikkerhet. Den beskriver deres europeiske allierte som svake og gj\u00f8r det klart at USA vil gj\u00f8re seg mer dominerende p\u00e5 den vestlige halvkule.\u00a0<\/p>\n<p class=\"font-weight-bold m-font-weight-bold\" data-lab-font_weight=\"font-weight-bold\">I dokumentet langer Trump-administrasjonen ut mot innvandringspolitikken og ytringsfrihetens k\u00e5r i europeiske land, og hevder at landene risikerer\u00a0\u00absivilisasjonsutslettelse\u00bb. De beskriver ogs\u00e5 tvil om USAs partnere er p\u00e5litelige p\u00e5 lang sikt, skriver flere medier, blant andre\u00a0<a href=\"https:\/\/apnews.com\/article\/trump-security-strategy-europe-russia-america-first-068488ca7e6d1c92ccaddd1649958218\" rel=\"nofollow noopener\" target=\"_blank\">AP<\/a>\u00a0og <a href=\"https:\/\/edition.cnn.com\/2025\/12\/05\/europe\/trump-national-security-plan-europe-latam-intl\" rel=\"nofollow noopener\" target=\"_blank\">CNN<\/a>.<\/p>\n<p>        TR\u00d8TT? Her \u00abdupper\u00bb tilsynelatende president Donald Trump under et m\u00f8te. Video: AP \/ Reporter: Nicolai Alcaniz<\/p>\n<p>&#8211; Dystrere  <\/p>\n<p>Dokumentet peker blant annet p\u00e5 \u00f8konomisk stagnasjon i Europa som\u00a0\u00abblir form\u00f8rket av den virkelige og dystrere utsikten til sivilisasjonsutslettelse\u00bb.\u00a0<\/p>\n<p>Trump-administrasjonen hevder ogs\u00e5 at Europa blir svekket av innvandringspolitikken, synkende f\u00f8dselsrater,\u00a0\u00absensur av ytringfrihet og undertrykkelse av politisk opposisjon\u00bb og\u00a0\u00abet tap av nasjonale identiteter og selvtillit\u00bb.<\/p>\n<p class=\"font-weight-bold m-font-weight-bold\" data-lab-font_weight=\"font-weight-bold\">&#8211; Dersom den n\u00e5v\u00e6rende trenden fortsetter, vil kontintentet v\u00e6re ugjenkjennelig om 20 \u00e5r eller mindre. Derfor er det langt fra opplagt om enkelte europeiske land vil ha \u00f8konomier og forsvar som er sterke nok til \u00e5 forbli p\u00e5litelige allierte, heter det i dokumentet.<\/p>\n<p>    <a itemprop=\"url\" href=\"https:\/\/www.dagbladet.no\/sport\/blir-forbanna\/83946428\" rel=\"nofollow noopener\" target=\"_blank\"><\/p>\n<p>      <img loading=\"lazy\" decoding=\"async\" src=\"https:\/\/www.europesays.com\/no\/wp-content\/uploads\/2025\/12\/83945996.webp\" width=\"980\" height=\"441\" title=\"- Blir forbanna\" alt=\"\" class=\"lazyload\" style=\"--aspect-ratio-image: 2.22; \"\/><\/p>\n<p>        &#8211; Blir forbanna<\/p>\n<p>    <\/a><\/p>\n<p>Strategien inneb\u00e6rer ogs\u00e5 st\u00f8tte til partier p\u00e5 ytre h\u00f8yre i Europa, som har v\u00e6rt tydelige motstandere mot innvandring og strengere klimapolitikk. De mener dessuten det er n\u00f8dvendig for USA \u00e5 bidra til \u00e5 forhindre at\u00a0\u00abenkelte Nato-medlemmer f\u00e5r en ikke-europeisk majoritet\u00bb.<\/p>\n<p>&#8211; Skremmende<\/p>\n<p>&#8211; Strategien forsterker, i tidvis skremmende og krigerste vendinger, Trumps\u00a0\u00abAmerika f\u00f8rst\u00bb-filosofi, som tar til orde for ikke-intervensjon utenfor USA, og stiller sp\u00f8rsm\u00e5l ved ti\u00e5r med strategiske relasjoner og prioriterer USAs interesser, skriver AP.\u00a0<\/p>\n<p>Trump-administrasjonen er lovp\u00e5lagt \u00e5 legge fram dette dokumentet. Ikke uventet bryter det kraftig med strategien USAs forrige president, Joe Biden, la fram.\u00a0<\/p>\n<p class=\"font-weight-bold m-font-weight-bold\" data-lab-font_weight=\"font-weight-bold\">&#8211; Dette er katastrofalt for Amerikas posisjon i verden og en tilbaketrekning fra v\u00e5re allierte og partnerskap. Verden vil bli farligere, og amerikanere vil bli mindre trygge dersom denne planen f\u00f8lges, sier den demokratiske kongressrepresentanten, Jason Crow, som sitter i etterretnings- og forsvarskomiteen i Representantenes hus, om strategien.<\/p>\n<p>    <a itemprop=\"url\" href=\"https:\/\/www.dagbladet.no\/nyheter\/krig-med-europa-er-uunngaelig\/83942078\" rel=\"nofollow noopener\" target=\"_blank\"><\/p>\n<p>      <img loading=\"lazy\" decoding=\"async\" src=\"https:\/\/www.europesays.com\/no\/wp-content\/uploads\/2025\/12\/83942516.webp\" width=\"980\" height=\"441\" title=\"- Krig med Europa er uunng\u00e5elig\" alt=\"\" class=\"lazyload\" style=\"--aspect-ratio-image: 2.22; \"\/><\/p>\n<p>        &#8211; Krig med Europa er uunng\u00e5elig<\/p>\n<p>    <\/a><\/p>\n<p>&#8211; Trumps sikkerhetsstrategi fokuserer p\u00e5 profitt, ikke p\u00e5 \u00e5 spre demokrati, skriver The New York Times.\u00a0<\/p>\n<p>Vil tjene penger<\/p>\n<p>Avisa betegner strategien som et fors\u00f8k p\u00e5 \u00e5 bruke USAs enorme makt til \u00e5 tjene penger og redusere innvandring samtidig som de vil unng\u00e5 \u00e5 kritisere <a href=\"https:\/\/www.nytimes.com\/2025\/12\/05\/us\/politics\/trump-national-security-strategy.html\" rel=\"nofollow noopener\" target=\"_blank\">autorit\u00e6re regimer<\/a>. Dette gjelder blant annet hva som skal v\u00e6re landets tiln\u00e6rming til Midt\u00f8sten.<\/p>\n<p class=\"font-weight-bold m-font-weight-bold\" data-lab-font_weight=\"font-weight-bold\">&#8211; Vi s\u00f8ker gode relasjoner og fredelige forretningsrelasjoner med verdens land uten \u00e5 p\u00e5legge dem demokratiske eller andre sosiale endringer som skiller seg vesentlig fra deres tradisjoner og historier, heter det i dokumentet.<\/p>\n<p>Dette inneb\u00e6rer blant annet Trump-administrasjonen vil fors\u00f8ke \u00e5 bedre forholdet til Russland samtidig som de st\u00e5r midt i fredsforhandlingene mellom Russland og Ukraina. Dokumentet beskriver det som en kjerneinteresse for USA \u00e5 f\u00e5 en slutt p\u00e5 krigen og\u00a0\u00abreetablere strategisk stabilitet med Russland\u00bb.<\/p>\n<p>EUs fremste allierte<\/p>\n<p>L\u00f8rdag understreker EUs utenrikssjef, Kaja Kallas, at USA fortsatt er EUs fremste allierte, til tross for den amerikanske administrasjonens utspill.<\/p>\n<p>&#8211; Selvf\u00f8lgelig er det mye kritikk, men jeg tror noe av den ogs\u00e5 er berettiget, sier Kallas under Doha Forum, et forum for politisk dialog som samler ledere innen politikk for \u00e5 diskutere viktige utfordringer verden st\u00e5r overfor.<\/p>\n<p>          <img loading=\"lazy\" decoding=\"async\" src=\"https:\/\/www.europesays.com\/no\/wp-content\/uploads\/2025\/12\/83947499.webp\" width=\"686\" height=\"419\" title=\"SVARER: EUs utenrikssjef Kaja Kallas sier at USA fortsatt er Europas n\u00e6rmeste allierte. Foto: Omar Havana \/ AP \/ NTB\" alt=\"\" class=\"\" style=\"--aspect-ratio-image: 1.64; \"\/><\/p>\n<p>\n          SVARER: EUs utenrikssjef Kaja Kallas sier at USA fortsatt er Europas n\u00e6rmeste allierte. Foto: Omar Havana \/ AP \/ NTB\n      <\/p>\n<p>Kallas er imidlertid ikke bekymret.<\/p>\n<p>&#8211; USA er fortsatt v\u00e5r fremste allierte. Jeg tror ikke vi alltid har v\u00e6rt enige om ulike temaer, men jeg tror det overordnede prinsippet fortsatt er der, sier hun.<\/p>\n<p>&#8211; Vi er n\u00e6re allierte, og vi b\u00f8r holde sammen.<\/p>\n<p>\u00a0<\/p>\n","protected":false},"excerpt":{"rendered":"Donald Trump USAs nye nasjonale sikkerhetsstrategi tegner et bilde av landets europeiske allierte som svake. EU omtaler USA&hellip;\n","protected":false},"author":2,"featured_media":105811,"comment_status":"","ping_status":"","sticky":false,"template":"","format":"standard","meta":{"footnotes":""},"categories":[58],"tags":[11523,71,5712,13188,479,30,28,29,72],"class_list":{"0":"post-105810","1":"post","2":"type-post","3":"status-publish","4":"format-standard","5":"has-post-thumbnail","7":"category-underholdning","8":"tag-comeback","9":"tag-entertainment","10":"tag-greys-anatomy","11":"tag-kate-walsh","12":"tag-kjendis","13":"tag-no","14":"tag-norge","15":"tag-norway","16":"tag-underholdning"},"share_on_mastodon":{"url":"https:\/\/pubeurope.com\/@no\/115672826896035502","error":""},"_links":{"self":[{"href":"https:\/\/www.europesays.com\/no\/wp-json\/wp\/v2\/posts\/105810","targetHints":{"allow":["GET"]}}],"collection":[{"href":"https:\/\/www.europesays.com\/no\/wp-json\/wp\/v2\/posts"}],"about":[{"href":"https:\/\/www.europesays.com\/no\/wp-json\/wp\/v2\/types\/post"}],"author":[{"embeddable":true,"href":"https:\/\/www.europesays.com\/no\/wp-json\/wp\/v2\/users\/2"}],"replies":[{"embeddable":true,"href":"https:\/\/www.europesays.com\/no\/wp-json\/wp\/v2\/comments?post=105810"}],"version-history":[{"count":0,"href":"https:\/\/www.europesays.com\/no\/wp-json\/wp\/v2\/posts\/105810\/revisions"}],"wp:featuredmedia":[{"embeddable":true,"href":"https:\/\/www.europesays.com\/no\/wp-json\/wp\/v2\/media\/105811"}],"wp:attachment":[{"href":"https:\/\/www.europesays.com\/no\/wp-json\/wp\/v2\/media?parent=105810"}],"wp:term":[{"taxonomy":"category","embeddable":true,"href":"https:\/\/www.europesays.com\/no\/wp-json\/wp\/v2\/categories?post=105810"},{"taxonomy":"post_tag","embeddable":true,"href":"https:\/\/www.europesays.com\/no\/wp-json\/wp\/v2\/tags?post=105810"}],"curies":[{"name":"wp","href":"https:\/\/api.w.org\/{rel}","templated":true}]}}