{"id":105847,"date":"2025-12-06T14:22:13","date_gmt":"2025-12-06T14:22:13","guid":{"rendered":"https:\/\/www.europesays.com\/no\/105847\/"},"modified":"2025-12-06T14:22:13","modified_gmt":"2025-12-06T14:22:13","slug":"blytung-uke-for-sveriges-frida-karlsson-jeg-ble-forbannet","status":"publish","type":"post","link":"https:\/\/www.europesays.com\/no\/105847\/","title":{"rendered":"Blytung uke for Sveriges Frida Karlsson: \u2013 Jeg ble forbannet"},"content":{"rendered":"\n<p class=\"_lead_o9xde_2 _lead_xtcu6_50 layout-component text-serif-m layout-normal text-serif-l layout-component layout-wide layout-padded _wide_17hqh_1 layout-padded\">Matforgiftning og kj\u00f8rt ned ved skibyttet p\u00e5 l\u00f8rdagens 20 kilometer i Trondheim. Denne uken har ikke g\u00e5tt helt som Frida Karlsson (26) har \u00f8nsket.<\/p>\n<p> <img class=\"_image_qp4xg_65 layout-component layout-wide\" data-fullscreen- data-track-element-type=\"Article image fullscreen\" data-track-name=\"ImageFullscreen\" fetchpriority=\"high\" decoding=\"sync\" loading=\"eager\" height=\"181\" itemprop=\"image\"  src=\"https:\/\/www.europesays.com\/no\/wp-content\/uploads\/2025\/12\/1f7373b01f69f438779eb475cdccb8d6.jpg\"  style=\"object-position:50% 50%;aspect-ratio:1.75;height:auto;object-fit:cover;width:100%\" width=\"102\"\/>  <\/p>\n<ul aria-hidden=\"true\" class=\"_images_ntbth_112\">\n<li><a class=\"_link_ntbth_117\" href=\"https:\/\/www.vg.no\/forfatter\/synne-sofie-christiansen-2\" style=\"z-index:2\" title=\"Synne Sofie Christiansen\" rel=\"nofollow noopener\" target=\"_blank\"><img alt=\"Bilde av Synne Sofie Christiansen\" class=\"_image_ntbth_93\" fetchpriority=\"low\" loading=\"lazy\" decoding=\"async\" itemprop=\"image\"  src=\"https:\/\/www.europesays.com\/no\/wp-content\/uploads\/2025\/12\/1765030930_204_8d683f6f-f2ba-47ca-8bcc-2db625b33cb1\"  width=\"480\"\/><\/a><\/li>\n<li><a class=\"_link_ntbth_117\" href=\"https:\/\/www.vg.no\/forfatter\/mikal-aaserud\" style=\"z-index:1\" title=\"Mikal Emil Aaserud\" rel=\"nofollow noopener\" target=\"_blank\"><img alt=\"Bilde av Mikal Emil Aaserud\" class=\"_image_ntbth_93\" fetchpriority=\"low\" loading=\"lazy\" decoding=\"async\" itemprop=\"image\"  src=\"https:\/\/www.europesays.com\/no\/wp-content\/uploads\/2025\/12\/1765030931_635_1f4bb18c-b7b1-46ba-9b49-79ae6afd7bbd\"  width=\"480\"\/><\/a><\/li>\n<\/ul>\n<p>Gran\u00e5sen, Trondheim Oppdatert l\u00f8rdag 6. desember kl. 15:12    <\/p>\n<ul class=\"_list_o9xde_3 _list_64s2r_85 _unordered_o9xde_106 text-sans-m\">\n<li class=\"_item_o9xde_30\">Jessie Diggins vant skiatlon i Gran\u00e5sen til tross for kollisjon<\/li>\n<li class=\"_item_o9xde_30\">Heidi Weng mener krasjet hjalp henne og sikret annenplass<\/li>\n<li class=\"_item_o9xde_30\">Frida Karlsson involvert i kollisjonen<\/li>\n<li class=\"_item_o9xde_30\">Ebba Andersson ble nummer tre<\/li>\n<li class=\"_item_o9xde_30\">Rennet var viktig for OL-uttaket<\/li>\n<\/ul>\n<p>Vis mer <\/p>\n<p class=\"_paragraph_o9xde_4 _paragraph_xtcu6_10 layout-component text-serif-m layout-normal text-serif-m layout-padded\">Den svenske skistjernen smilte tappert i pressesonen l\u00f8rdag.<\/p>\n<p class=\"_paragraph_o9xde_4 _paragraph_xtcu6_10 layout-component text-serif-m layout-normal text-serif-m layout-padded\">Hun var med i kampen om verdenscupseieren, men gikk i m\u00e5l noen sekunder bak vinner Jessie Diggins, Heidi Weng p\u00e5 annenplass og Ebba Andersson p\u00e5 tredje. <\/p>\n<p class=\"_paragraph_o9xde_4 _paragraph_xtcu6_10 layout-component text-serif-m layout-normal text-serif-m layout-padded\">At nettopp Diggins vant, var trolig litt tungt \u00e5 svelge.<\/p>\n<p class=\"_paragraph_o9xde_4 _paragraph_xtcu6_10 layout-component text-serif-m layout-normal text-serif-m layout-padded\"><strong class=\"_strong_o9xde_25\">\u2013 Jeg blir litt forbanna, sier Karlsson om f\u00f8lelsen hun hadde etter en hendelse mellom de to.<\/strong><\/p>\n<p class=\"_paragraph_o9xde_4 _paragraph_xtcu6_10 layout-component text-serif-m layout-normal text-serif-m layout-padded\">For ved skibyttetskibyttetP\u00e5 en 20 kilometer duathlon g\u00e5r ut\u00f8verne f\u00f8rst 10 kilometer klassisk f\u00f8r de bytter ski p\u00e5 stadion og g\u00e5r fristil de siste 10 kilometerne. halvveis p\u00e5 dagens 20 kilometer ble den svenske skistjernen kj\u00f8rt ned av den amerikanske.<\/p>\n<ul class=\"_gallery_1qa3s_23\" tabindex=\"0\">\n<li class=\"_item_1qa3s_37\" data-index=\"0\"><img decoding=\"async\" class=\"_image_foru8_23 _articleGallery_foru8_39\" data-fullscreen- width=\"6000\" height=\"4000\" itemprop=\"image\" loading=\"lazy\"  src=\"https:\/\/www.europesays.com\/no\/wp-content\/uploads\/2025\/12\/789ff676-7c33-4013-88ed-c9c136977fa6\"  style=\"object-position:50% 50%;aspect-ratio:var(--gallery-aspect-ratio, 16 \/ 9)\"\/>Foto: MAXIM THORE \/ Bildbyr\u00e5n<\/li>\n<li class=\"_item_1qa3s_37\" data-index=\"1\"><img decoding=\"async\" class=\"_image_foru8_23 _articleGallery_foru8_39\" data-fullscreen- width=\"6000\" height=\"4000\" itemprop=\"image\" loading=\"lazy\"  src=\"https:\/\/www.europesays.com\/no\/wp-content\/uploads\/2025\/12\/c0ebbd2c-728e-439b-8455-e17d1acd6c12\"  style=\"object-position:50% 50%;aspect-ratio:var(--gallery-aspect-ratio, 16 \/ 9)\"\/>Foto: MAXIM THORE \/ Bildbyr\u00e5n<\/li>\n<li class=\"_item_1qa3s_37\" data-index=\"2\"><img decoding=\"async\" class=\"_image_foru8_23 _articleGallery_foru8_39\" data-fullscreen- width=\"5595\" height=\"3730\" itemprop=\"image\" loading=\"lazy\"  src=\"https:\/\/www.europesays.com\/no\/wp-content\/uploads\/2025\/12\/9c1d39be-42a8-4a20-b719-fc5938c8f167\"  style=\"object-position:50% 50%;aspect-ratio:var(--gallery-aspect-ratio, 16 \/ 9)\"\/>HER G\u00c5R DET GALT: Frida Karlsson lander p\u00e5 rumpa etter \u00e5 ha blitt kj\u00f8rt over av Jessie Diggins (foran) like f\u00f8r de skulle bytte ski i konkurransen i Trondheim l\u00f8rdag. Foto: MAXIM THORE \/ Bildbyr\u00e5n<\/li>\n<li class=\"_item_1qa3s_37\" data-index=\"3\"><img decoding=\"async\" class=\"_image_foru8_23 _articleGallery_foru8_39\" data-fullscreen- width=\"5864\" height=\"3909\" itemprop=\"image\" loading=\"lazy\"  src=\"https:\/\/www.europesays.com\/no\/wp-content\/uploads\/2025\/12\/4b1aadfa-bd16-4f49-b543-454f477f9d69\"  style=\"object-position:50% 50%;aspect-ratio:var(--gallery-aspect-ratio, 16 \/ 9)\"\/>HER G\u00c5R DET GALT: Frida Karlsson lander p\u00e5 rumpa etter \u00e5 ha blitt kj\u00f8rt over av Jessie Diggins (foran) like f\u00f8r de skulle bytte ski i konkurransen i Trondheim l\u00f8rdag. Foto: MAXIM THORE \/ Bildbyr\u00e5n<\/li>\n<\/ul>\n<p>Foto: MAXIM THORE \/ Bildbyr\u00e5n<\/p>\n<p class=\"_paragraph_o9xde_4 _paragraph_xtcu6_10 layout-component text-serif-m layout-normal text-serif-m layout-padded\">Karlsson forklarer:<\/p>\n<p class=\"_paragraph_o9xde_4 _paragraph_xtcu6_10 layout-component text-serif-m layout-normal text-serif-m layout-padded\">\u2013 Jeg blir p\u00e5kj\u00f8rt bakfra og s\u00e5 skriker hun p\u00e5 meg. Da tenker jeg litt s\u00e5nn: Hva er det jeg skal gj\u00f8re? sier Frida Karlsson til VG.<\/p>\n<p class=\"_paragraph_o9xde_4 _paragraph_xtcu6_10 layout-component text-serif-m layout-normal text-serif-m layout-padded\">Hun fortsetter:<\/p>\n<p class=\"_paragraph_o9xde_4 _paragraph_xtcu6_10 layout-component text-serif-m layout-normal text-serif-m layout-padded\">\u2013 Jeg var f\u00f8rst, og s\u00e5 kj\u00f8rte hun over meg. Og s\u00e5 er det jeg som ramler, og som taper mest p\u00e5 det. Er det noen som skal skrike, er det jeg.<\/p>\n<p class=\"_paragraph_o9xde_4 _paragraph_xtcu6_10 layout-component text-serif-m layout-normal text-serif-m layout-padded\">Jessie Diggins gikk for \u00f8vrig forbi det aller meste av pressen etter rennet.<\/p>\n<p class=\"_paragraph_o9xde_4 _paragraph_xtcu6_10 layout-component text-serif-m layout-normal text-serif-m layout-padded\">\u2013<strong class=\"_strong_o9xde_25\"> Hva sa du? <\/strong><\/p>\n<p class=\"_paragraph_o9xde_4 _paragraph_xtcu6_10 layout-component text-serif-m layout-normal text-serif-m layout-padded\">\u2013 Det vet jeg ikke, sier Karlsson og smiler. <\/p>\n<p class=\"_paragraph_o9xde_4 _paragraph_xtcu6_10 layout-component text-serif-m layout-normal text-serif-m layout-padded\"><strong class=\"_strong_o9xde_25\">\u2013 Det g\u00e5r ikke gjennom sensuren? <\/strong><\/p>\n<p class=\"_paragraph_o9xde_4 _paragraph_xtcu6_10 layout-component text-serif-m layout-normal text-serif-m layout-padded\">\u2013 Nei. <\/p>\n<p class=\"_paragraph_o9xde_4 _paragraph_xtcu6_10 layout-component text-serif-m layout-normal text-serif-m layout-padded\">Karlsson toner ned betydningen av fallet, men mener hun ikke trengte det akkurat i en allerede stressende situasjon.<\/p>\n<p class=\"_paragraph_o9xde_4 _paragraph_xtcu6_10 layout-component text-serif-m layout-normal text-serif-m layout-padded\">Heidi Weng, som spurtet seg inn til annenplass, fikk med seg hendelsen.<\/p>\n<p class=\"_paragraph_o9xde_4 _paragraph_xtcu6_10 layout-component text-serif-m layout-normal text-serif-m layout-padded\">\u2013 Ja, jeg h\u00f8rte det var noe skrik. Jeg s\u00e5 det i sidespeilet. Da tenkte jeg at n\u00e5 kan vi ta et litt roligere skibytte. Jeg f\u00f8lte det hjalp meg litt. Kanskje ikke helt greit \u00e5 si, men jeg tok det litt roligere, sier Weng til VG.<\/p>\n<p><img alt=\"Heidi Weng, her etter l\u00f8rdagens 20 kilometer i Gran\u00e5sen, Trondheim.  Foto: MAXIM THORE \/ Bildbyr\u00e5n\" class=\"_image_qp4xg_65 layout-component layout-normal\" data-fullscreen- data-track-element-type=\"Article image fullscreen\" data-track-name=\"ImageFullscreen\" decoding=\"async\" loading=\"lazy\" height=\"4000\" itemprop=\"image\"  src=\"https:\/\/www.europesays.com\/no\/wp-content\/uploads\/2025\/12\/8c8b4bdf-682e-4e6b-a58e-80bfc4865962\"  style=\"object-position:0% 0%\" width=\"6000\"\/>Heidi Weng, her etter l\u00f8rdagens 20 kilometer i Gran\u00e5sen, Trondheim.  Foto: MAXIM THORE \/ Bildbyr\u00e5n<\/p>\n<p class=\"_paragraph_o9xde_4 _paragraph_xtcu6_10 layout-component text-serif-m layout-normal text-serif-m layout-padded\">Weng hadde nemlig hatt det blytungt p\u00e5 klassiskdelen.<\/p>\n<p class=\"_paragraph_o9xde_4 _paragraph_xtcu6_10 layout-component text-serif-m layout-normal text-serif-m layout-padded\">\u2013 P\u00e5 klassisken ville jeg slippe hele tiden. S\u00e5 kommer sk\u00f8ytedelen og jeg hadde vanvittig gode ski. Og p\u00e5 de siste rundene var hodet og kroppen litt bedre. Men jeg tror jeg var den som pustet for livet utp\u00e5 der, sier Weng.<\/p>\n<p class=\"_paragraph_o9xde_4 _paragraph_xtcu6_10 layout-component text-serif-m layout-normal text-serif-m layout-padded\">For Karlsson har det i det hele tatt v\u00e6rt en blytung uke.<\/p>\n<p class=\"_paragraph_o9xde_4 _paragraph_xtcu6_10 layout-component text-serif-m layout-normal text-serif-m layout-padded\">Hun vant det f\u00f8rste distanserennet i verdenscup\u00e5pningen i finske Ruka for en uke siden og fulgte opp med en fjerdeplass samme helg.<\/p>\n<p class=\"_paragraph_o9xde_4 _paragraph_xtcu6_10 layout-component text-serif-m layout-normal text-serif-m layout-padded\">Men s\u00e5 ble hun matforgiftet, noe hun avsl\u00f8rte overfor svenske medier tidligere denne uken.<\/p>\n<p class=\"_paragraph_o9xde_4 _paragraph_xtcu6_10 layout-component text-serif-m layout-normal text-serif-m layout-padded\">\u2013 Jeg spydde vel 27 ganger p\u00e5 \u00e9n natt og sov ingenting. Jeg syntes veldig synd p\u00e5 meg selv, gjorde jeg. Dagene derp\u00e5 hadde jeg jo ingen energi i det hele tatt. S\u00e5 det var t\u00f8ft \u00e5 v\u00e6re Frida Karlsson, sier hun til VG og smiler.<\/p>\n<p class=\"_paragraph_o9xde_4 _paragraph_xtcu6_10 layout-component text-serif-m layout-normal text-serif-m layout-padded\">Hun vet ikke hva matforgiftningen skyldes.<\/p>\n<p class=\"_paragraph_o9xde_4 _paragraph_xtcu6_10 layout-component text-serif-m layout-normal text-serif-m layout-padded\">\u2013 Hvis de syns jeg er <a href=\"https:\/\/www.vg.no\/sport\/i\/mrEo6g\/karlsson-om-drama-queen-stempel-vet-ikke-hva-de-begrunner-det-med\" data-track-element-type=\"Link\" data-track-id=\"link:mrEo6g\" class=\"_link_o9xde_39\" rel=\"nofollow noopener\" target=\"_blank\">en \u00abdrama queen\u00bb i skisporet<\/a>, s\u00e5 har jeg v\u00e6rt det i uken som har v\u00e6rt. Det var synd p\u00e5 meg.<\/p>\n<p class=\"_paragraph_o9xde_4 _paragraph_xtcu6_10 layout-component text-serif-m layout-normal text-serif-m layout-padded\"><strong class=\"_strong_o9xde_25\">\u2013 Hvordan blir du da?<\/strong><\/p>\n<p class=\"_paragraph_o9xde_4 _paragraph_xtcu6_10 layout-component text-serif-m layout-normal text-serif-m layout-padded\">\u2013 Jeg vil at alle skal vite hvor d\u00e5rlig jeg har v\u00e6rt, sier Karlsson og gliser godt.<\/p>\n<p class=\"_paragraph_o9xde_4 _paragraph_xtcu6_10 layout-component text-serif-m layout-normal text-serif-m layout-padded\">For resten av de norske ut\u00f8verne bak Heidi Weng, var l\u00f8rdagens renn i Gran\u00e5sen viktig med tanke p\u00e5 OL-uttaket. 20 kilometer med skibytte er en ren OL-\u00f8velse og prestasjonene l\u00f8rdag teller godt med.<\/p>\n<p class=\"_paragraph_o9xde_4 _paragraph_xtcu6_10 layout-component text-serif-m layout-normal text-serif-m layout-padded\"><a href=\"https:\/\/www.vg.no\/tag\/astrid-oeyre-slind?utm_source=vg-article&amp;utm_medium=auto-tagger&amp;utm_campaign=k0a0RX\" class=\"_link_o9xde_39\" rel=\"nofollow noopener\" target=\"_blank\">Astrid \u00d8yre Slind<\/a> viste at hun er tilbake i god form etter at en akillesskade har satt henne litt ut av spill de f\u00f8rste ukene av sesongen. Hun ble nummer seks i l\u00f8rdagens renn.<\/p>\n<p class=\"_paragraph_o9xde_4 _paragraph_xtcu6_10 layout-component text-serif-m layout-normal text-serif-m layout-padded\">Like bak fulgte Kristin Austgulen Fosn\u00e6s med en syvendeplass, mens Karoline Simpson-Larsen tok tiendeplassen (se full resultatliste i toppen av denne saken).<\/p>\n<p class=\"_paragraph_o9xde_4 _paragraph_xtcu6_10 layout-component text-serif-m layout-normal text-serif-m layout-padded\"><strong class=\"_strong_o9xde_25\">PS:<\/strong> Verdenscuphelgen i Trondheim avsluttes s\u00f8ndag med 10 kilometer fristil i individuell start. Det er ogs\u00e5 en OL-\u00f8velse.<\/p>\n","protected":false},"excerpt":{"rendered":"Matforgiftning og kj\u00f8rt ned ved skibyttet p\u00e5 l\u00f8rdagens 20 kilometer i Trondheim. Denne uken har ikke g\u00e5tt helt&hellip;\n","protected":false},"author":2,"featured_media":105848,"comment_status":"","ping_status":"","sticky":false,"template":"","format":"standard","meta":{"footnotes":""},"categories":[59],"tags":[6850,7689,5413,398,30,28,29,83,82],"class_list":{"0":"post-105847","1":"post","2":"type-post","3":"status-publish","4":"format-standard","5":"has-post-thumbnail","7":"category-sport","8":"tag-astrid-oyre-slind","9":"tag-frida-karlsson","10":"tag-heidi-weng","11":"tag-langrenn","12":"tag-no","13":"tag-norge","14":"tag-norway","15":"tag-sport","16":"tag-sports"},"share_on_mastodon":{"url":"https:\/\/pubeurope.com\/@no\/115673074682067130","error":""},"_links":{"self":[{"href":"https:\/\/www.europesays.com\/no\/wp-json\/wp\/v2\/posts\/105847","targetHints":{"allow":["GET"]}}],"collection":[{"href":"https:\/\/www.europesays.com\/no\/wp-json\/wp\/v2\/posts"}],"about":[{"href":"https:\/\/www.europesays.com\/no\/wp-json\/wp\/v2\/types\/post"}],"author":[{"embeddable":true,"href":"https:\/\/www.europesays.com\/no\/wp-json\/wp\/v2\/users\/2"}],"replies":[{"embeddable":true,"href":"https:\/\/www.europesays.com\/no\/wp-json\/wp\/v2\/comments?post=105847"}],"version-history":[{"count":0,"href":"https:\/\/www.europesays.com\/no\/wp-json\/wp\/v2\/posts\/105847\/revisions"}],"wp:featuredmedia":[{"embeddable":true,"href":"https:\/\/www.europesays.com\/no\/wp-json\/wp\/v2\/media\/105848"}],"wp:attachment":[{"href":"https:\/\/www.europesays.com\/no\/wp-json\/wp\/v2\/media?parent=105847"}],"wp:term":[{"taxonomy":"category","embeddable":true,"href":"https:\/\/www.europesays.com\/no\/wp-json\/wp\/v2\/categories?post=105847"},{"taxonomy":"post_tag","embeddable":true,"href":"https:\/\/www.europesays.com\/no\/wp-json\/wp\/v2\/tags?post=105847"}],"curies":[{"name":"wp","href":"https:\/\/api.w.org\/{rel}","templated":true}]}}