{"id":105849,"date":"2025-12-06T14:28:18","date_gmt":"2025-12-06T14:28:18","guid":{"rendered":"https:\/\/www.europesays.com\/no\/105849\/"},"modified":"2025-12-06T14:28:18","modified_gmt":"2025-12-06T14:28:18","slug":"innbrot-i-fleire-bustadar-i-alesund-skal-ha-stole-verdigjenstandar-nrk-more-og-romsdal-lokale-nyheter-tv-og-radio","status":"publish","type":"post","link":"https:\/\/www.europesays.com\/no\/105849\/","title":{"rendered":"Innbrot i fleire bustadar i \u00c5lesund \u2013 skal ha stole verdigjenstandar \u2013 NRK M\u00f8re og Romsdal \u2013 Lokale nyheter, TV og radio"},"content":{"rendered":"<p>Politiet fekk melding om det f\u00f8rste innbrotet fredag kveld og det andre natt til laurdag.<\/p>\n<p>I begge bustadane skal eit vindauge ha blitt tatt ut.<\/p>\n<p><strong>\u2013 Det har blitt stole verdigjenstandar som smykke og bunadss\u00f8lv, seier J\u00f8rgen Molnes, operasjonsleiar i M\u00f8re og Romsdal politidistrikt.<\/strong><\/p>\n<p>Tre innbrot<\/p>\n<p>Innbrota har skjedd i omr\u00e5da G\u00e5seid og Klokkersundet i \u00c5lesund.<\/p>\n<p>\u2013 Det er huseigarane som har meldt fr\u00e5 om innbrota til politiet, seier Molnes.<\/p>\n<p><strong>Laurdag morgon melder politiet om end\u00e5 eit innbrot i ein bustad i Klokkersundet.<\/strong><\/p>\n<p>Ogs\u00e5 der har det blitt fjerna eit vindauge. Det er s\u00e5 langt uklart om det har blitt stole noko fr\u00e5 denne bustaden.<\/p>\n<p>\u2013 Vi jobbar med sporsikring og s\u00e5 m\u00e5 vi sj\u00e5 om vi kan knyte innbrota til kvarandre, seier Molnes.<\/p>\n<p>Innbrota skal ha skjedd i omr\u00e5da G\u00e5seid og Klokkersundet i \u00c5lesund.<\/p>\n<p>Har starta etterforsking<\/p>\n<p>Politiet har gjort unders\u00f8kingar p\u00e5 dei aktuelle adressene og starta ei etterforsking av sakene.<\/p>\n<p>Kriminalteknikarar fr\u00e5 politiet har ogs\u00e5 vore p\u00e5 dei aktuelle adressene.<\/p>\n<p>I tillegg har politiet s\u00f8kt etter aktuelle gjerningspersonar i omr\u00e5da.<\/p>\n<p><img decoding=\"async\"   src=\"data:image\/gif;base64,R0lGODlhAQABAIAAAAAAAP\/\/\/yH5BAEAAAAALAAAAAABAAEAAAIBRAA7\" loading=\"eager\" alt=\"En politimann st\u00e5r oppreist foran en bakgrunn med tekst som sier &quot;POLITIET&quot;. Han har p\u00e5 seg en lys skjorte med svart sl\u00f8yfe og politiemblem. Politimannen b\u00e6rer ogs\u00e5 epauletten med dekorative detaljer. Bildet er tatt i et studio- eller presseomr\u00e5de. (Bildebeskrivelsen er laget av en KI-tjeneste)\" title=\"Foto: M\u00f8re og Romsdal politidistrikt, Stab for kommunikasjon \/ Handout \/ Handout \/ NTB\"\/><\/p>\n<p class=\"\">J\u00f8rgen Molnes, operasjonsleiar i M\u00f8re og Romsdal politidistrikt. <\/p>\n<p>Foto: M\u00f8re og Romsdal politidistrikt, Stab for kommunikasjon \/ Handout \/ Handout \/ NTB<\/p>\n<p>\u00d8nsker tips<\/p>\n<p>Politiet ber om at folk som kan ha sett eller veit noko tipsar dei p\u00e5 tipsportalen deira p\u00e5 nett.<\/p>\n<p><strong>\u2013 Eventuelt om folk som har videoovervaking som kan ha plukka opp noko, seier Molnes. <\/strong><\/p>\n<p><img decoding=\"async\"   src=\"data:image\/gif;base64,R0lGODlhAQABAIAAAAAAAP\/\/\/yH5BAEAAAAALAAAAAABAAEAAAIBRAA7\" loading=\"eager\" alt=\"Bilde av en politibil med tydelig merking av ordet &quot;POLITI&quot;. Bilen har hvite og gule detaljer. Dekkene er synlige, og bilen st\u00e5r parkert p\u00e5 en asfaltoverflate. Omr\u00e5de rundt innikerer en bymessig setting. (Bildebeskrivelsen er laget av en KI-tjeneste)\" title=\"Foto: Silje Steinnes Bjerknes \/ NRK\"\/><\/p>\n<p class=\"\">Politiet har gjort unders\u00f8kingar der innbrota har skjedd. <\/p>\n<p>Foto: Silje Steinnes Bjerknes \/ NRK<\/p>\n<p>Publisert<\/p>\n<p>06.12.2025, kl. 08.04<\/p>\n<p>Oppdatert<\/p>\n<p>06.12.2025, kl. 14.52<\/p>\n","protected":false},"excerpt":{"rendered":"Politiet fekk melding om det f\u00f8rste innbrotet fredag kveld og det andre natt til laurdag. I begge bustadane&hellip;\n","protected":false},"author":2,"featured_media":105850,"comment_status":"","ping_status":"","sticky":false,"template":"","format":"standard","meta":{"footnotes":""},"categories":[10],"tags":[20,21,24,25,15,22,23,13,30,28,29,14,16,26,27],"class_list":{"0":"post-105849","1":"post","2":"type-post","3":"status-publish","4":"format-standard","5":"has-post-thumbnail","7":"category-norge","8":"tag-breaking-news","9":"tag-breakingnews","10":"tag-featured-news","11":"tag-featurednews","12":"tag-headlines","13":"tag-latest-news","14":"tag-latestnews","15":"tag-news","16":"tag-no","17":"tag-norge","18":"tag-norway","19":"tag-nyheter","20":"tag-overskrifter","21":"tag-top-stories","22":"tag-topstories"},"share_on_mastodon":{"url":"https:\/\/pubeurope.com\/@no\/115673098148092943","error":""},"_links":{"self":[{"href":"https:\/\/www.europesays.com\/no\/wp-json\/wp\/v2\/posts\/105849","targetHints":{"allow":["GET"]}}],"collection":[{"href":"https:\/\/www.europesays.com\/no\/wp-json\/wp\/v2\/posts"}],"about":[{"href":"https:\/\/www.europesays.com\/no\/wp-json\/wp\/v2\/types\/post"}],"author":[{"embeddable":true,"href":"https:\/\/www.europesays.com\/no\/wp-json\/wp\/v2\/users\/2"}],"replies":[{"embeddable":true,"href":"https:\/\/www.europesays.com\/no\/wp-json\/wp\/v2\/comments?post=105849"}],"version-history":[{"count":0,"href":"https:\/\/www.europesays.com\/no\/wp-json\/wp\/v2\/posts\/105849\/revisions"}],"wp:featuredmedia":[{"embeddable":true,"href":"https:\/\/www.europesays.com\/no\/wp-json\/wp\/v2\/media\/105850"}],"wp:attachment":[{"href":"https:\/\/www.europesays.com\/no\/wp-json\/wp\/v2\/media?parent=105849"}],"wp:term":[{"taxonomy":"category","embeddable":true,"href":"https:\/\/www.europesays.com\/no\/wp-json\/wp\/v2\/categories?post=105849"},{"taxonomy":"post_tag","embeddable":true,"href":"https:\/\/www.europesays.com\/no\/wp-json\/wp\/v2\/tags?post=105849"}],"curies":[{"name":"wp","href":"https:\/\/api.w.org\/{rel}","templated":true}]}}