{"id":105852,"date":"2025-12-06T14:35:12","date_gmt":"2025-12-06T14:35:12","guid":{"rendered":"https:\/\/www.europesays.com\/no\/105852\/"},"modified":"2025-12-06T14:35:12","modified_gmt":"2025-12-06T14:35:12","slug":"pipebombe-mistenkt-tatt-fem-ar-etter-6-januar","status":"publish","type":"post","link":"https:\/\/www.europesays.com\/no\/105852\/","title":{"rendered":"Pipebombe-mistenkt tatt \u2013 fem \u00e5r etter 6. januar"},"content":{"rendered":"<p><strong>Etter nesten fem \u00e5rs etters\u00f8kning er mannen som skal ha plantet pipebomber i Washington p\u00e5 kvelden 5. januar 2021 \u2014 natten f\u00f8r stormingen av Kapitol \u2014 p\u00e5grepet.<\/strong><\/p>\n<p>Det melder flere medier.<\/p>\n<p>Brian Cole Jr. ble arrestert i Woodbridge, Virginia, torsdag morgen lokal tid, opplyser amerikanske f\u00f8derale myndigheter. If\u00f8lge p\u00e5talemyndighetene stemmer Cole overens med overv\u00e5kingsvideoer fra bombeplasseringene, og data fra mobil- og bilregistrering viser at han befant seg n\u00e6r bombestedene p\u00e5 rett tidspunkt. <\/p>\n<p>Pipebombene ble funnet rett utenfor hovedkvarterene til b\u00e5de Det Demokratiske og Det Republikanske partiet. Skillene for eksplosiver som ble beslaglagt, matcher komponenter som Cole kj\u00f8pte.<\/p>\n<p>Bombene detonerte aldri, men eksperter har tidligere advart om at de var fullt operative og kunne ha for\u00e5rsaket omfattende skader. Arrestasjonen omtales som et gjennombrudd i en sak som i flere \u00e5r sto som et symbol p\u00e5 politisk vold og uoppklart ekstremisme i USA.<\/p>\n<p>Arrestasjonen kommer p\u00e5 et tidspunkt der pipebombe-etterforskningen allerede er gjenstand for betydelig politisk kontrovers. Kongressrepresentant Thomas Massie (R) har tidligere <a href=\"https:\/\/inyheter.no\/27\/11\/2025\/massie-fbi-brukes-som-pressmiddel-for-a-hysje-ned-jan-6-saken\/\" rel=\"nofollow noopener\" target=\"_blank\">anklaget FBI for \u00e5 bruke trusler<\/a> om etterforskning som pressmiddel for \u00e5 f\u00e5 ham til \u00e5 tie om manglende fremdrift i saken. <\/p>\n<p>Massie hevder at b\u00e5de han og hans stab ble advart mot \u00e5 stille sp\u00f8rsm\u00e5l ved h\u00e5ndteringen av bombene \u2013 og beskriver dette som et fors\u00f8k p\u00e5 \u00e5 kneble folkevalgtes innsyn i en av de mest uavklarte episodene rundt 6. januar 2021.<\/p>\n<p><strong><strong>Les ogs\u00e5:<a href=\"https:\/\/inyheter.no\/28\/09\/2025\/trump-fbi-infiltrerte-6-januar-protesten\/\" rel=\"nofollow noopener\" target=\"_blank\">\u00a0Trump: FBI infiltrerte 6. januar\u2013protesten<\/a><\/strong><\/strong><\/p>\n<p>Pipebombene ble funnet utenfor hovedkvarterene til Demokratenes og Republikanernes nasjonalkomit\u00e9 kvelden f\u00f8r kongressstormingen. Enhetene var funksjonelle, men detonerte aldri, og saken har siden st\u00e5tt som et av de mest uforst\u00e5tte og minst oppklarte elementene fra 6. januar. <\/p>\n<p>Massie har v\u00e6rt en av de mest h\u00f8ylytte kritikerne av etterforskningen og har hevdet at enkelte ansatte i Kongresspolitiet kan ha v\u00e6rt involvert, noe det per n\u00e5 ikke finnes offentlig bekreftelse p\u00e5.<\/p>\n<p>Uttalelsene bygger p\u00e5\u00a0<a href=\"https:\/\/www.theblaze.com\/news\/massie-fbi-threatened-his-staff-if-he-didnt-play-ball-over-pipe-bomb-investigation?utm_source=chatgpt.com\" rel=\"nofollow noopener\" target=\"_blank\">Blaze News<\/a>\u2019 nylige rapportering om en tidligere ansatt i kongresspolitiet som skal ha v\u00e6rt en mulig rettsteknisk match til den mistenkte bomben, samt nye opplysninger om hvordan den andre enheten ble funnet av sivilt kledde betjenter. Massie hevder ogs\u00e5 \u00e5 ha blitt m\u00f8tt med systematisk motstand fra kongresspolitiet under sin egen gransking, og har pekt p\u00e5 assisterende politisjef Ashan Benedict som ansvarlig for \u00e5 blokkere etterforskningen. Benedict gikk av med pensjon for noen et par uker siden.<\/p>\n<p>Ogs\u00e5 president Donald Trump har tidligere hevdet at FBI selv spilte en aktiv rolle i hendelsene 6. januar 2021. Han har blant annet anklaget byr\u00e5et for \u00e5 ha plassert\u00a0<a href=\"https:\/\/inyheter.no\/28\/09\/2025\/trump-fbi-infiltrerte-6-januar-protesten\/\" rel=\"nofollow noopener\" target=\"_blank\">274 hemmelige agenter<\/a>\u00a0i folkemengden utenfor Kongressen, som han hevder opptr\u00e5dte som agitatorer snarere enn lovh\u00e5ndhevere. P\u00e5standen rettet kraftig kritikk mot dav\u00e6rende FBI-direkt\u00f8r Christopher Wray.<\/p>\n<p><strong>Les ogs\u00e5: <a href=\"https:\/\/inyheter.no\/27\/11\/2025\/massie-fbi-brukes-som-pressmiddel-for-a-hysje-ned-jan-6-saken\/\" rel=\"nofollow noopener\" target=\"_blank\">Massie: FBI brukes som pressmiddel for \u00e5 hysje ned Jan 6.-saken<\/a><\/strong><\/p>\n<p>Med torsdagens p\u00e5gripelse tar en av de mest omdiskuterte 6. januar-sakene endelig et konkret steg videre. Etter n\u00e6r fem \u00e5r med spekulasjoner, kritikk, politiske beskyldninger og manglende gjennombrudd, kan identifiseringen av en mistenkt bidra til \u00e5 gjenopprette noe av tilliten til etterforskningen. <\/p>\n<p><strong>Hvor stor avklaring arrestasjonen faktisk gir, vil avhenge av hvilke beviser som n\u00e5 legges fram \u2013 og om opplysningene besvarer sp\u00f8rsm\u00e5l som har plaget b\u00e5de politikere og offentligheten siden 2021.<\/strong><\/p>\n","protected":false},"excerpt":{"rendered":"Etter nesten fem \u00e5rs etters\u00f8kning er mannen som skal ha plantet pipebomber i Washington p\u00e5 kvelden 5. januar&hellip;\n","protected":false},"author":2,"featured_media":105853,"comment_status":"","ping_status":"","sticky":false,"template":"","format":"standard","meta":{"footnotes":""},"categories":[12],"tags":[20,21,10744,2879,24,25,15,12627,22,23,13,30,28,29,14,16,12628,26,27,42,43,44,45],"class_list":{"0":"post-105852","1":"post","2":"type-post","3":"status-publish","4":"format-standard","5":"has-post-thumbnail","7":"category-verden","8":"tag-breaking-news","9":"tag-breakingnews","10":"tag-capitol-storming","11":"tag-fbi","12":"tag-featured-news","13":"tag-featurednews","14":"tag-headlines","15":"tag-jan-6","16":"tag-latest-news","17":"tag-latestnews","18":"tag-news","19":"tag-no","20":"tag-norge","21":"tag-norway","22":"tag-nyheter","23":"tag-overskrifter","24":"tag-thomas-massie","25":"tag-top-stories","26":"tag-topstories","27":"tag-verden","28":"tag-world","29":"tag-world-news","30":"tag-worldnews"},"share_on_mastodon":{"url":"https:\/\/pubeurope.com\/@no\/115673125633012360","error":""},"_links":{"self":[{"href":"https:\/\/www.europesays.com\/no\/wp-json\/wp\/v2\/posts\/105852","targetHints":{"allow":["GET"]}}],"collection":[{"href":"https:\/\/www.europesays.com\/no\/wp-json\/wp\/v2\/posts"}],"about":[{"href":"https:\/\/www.europesays.com\/no\/wp-json\/wp\/v2\/types\/post"}],"author":[{"embeddable":true,"href":"https:\/\/www.europesays.com\/no\/wp-json\/wp\/v2\/users\/2"}],"replies":[{"embeddable":true,"href":"https:\/\/www.europesays.com\/no\/wp-json\/wp\/v2\/comments?post=105852"}],"version-history":[{"count":0,"href":"https:\/\/www.europesays.com\/no\/wp-json\/wp\/v2\/posts\/105852\/revisions"}],"wp:featuredmedia":[{"embeddable":true,"href":"https:\/\/www.europesays.com\/no\/wp-json\/wp\/v2\/media\/105853"}],"wp:attachment":[{"href":"https:\/\/www.europesays.com\/no\/wp-json\/wp\/v2\/media?parent=105852"}],"wp:term":[{"taxonomy":"category","embeddable":true,"href":"https:\/\/www.europesays.com\/no\/wp-json\/wp\/v2\/categories?post=105852"},{"taxonomy":"post_tag","embeddable":true,"href":"https:\/\/www.europesays.com\/no\/wp-json\/wp\/v2\/tags?post=105852"}],"curies":[{"name":"wp","href":"https:\/\/api.w.org\/{rel}","templated":true}]}}